{"id":264294,"date":"2026-08-28T14:40:00","date_gmt":"2026-08-28T19:40:00","guid":{"rendered":"http:\/\/vertienteglobal.com\/?p=264294"},"modified":"2026-08-29T10:32:12","modified_gmt":"2026-08-29T15:32:12","slug":"envejecer-no-es-enfermar-llaman-a-cuidar-y-acompanar-a-los-adultos-mayores","status":"publish","type":"post","link":"http:\/\/vertienteglobal.com\/?p=264294","title":{"rendered":"Envejecer no es enfermar: llaman a cuidar y acompa\u00f1ar a los adultos mayores"},"content":{"rendered":"\n<div class=\"twitterbutton\" style=\"float: right; padding-left: 5px;\"><a href=\"http:\/\/twitter.com\/share\" class=\"twitter-share-button\" data-count=\"horizontal\" data-text=\"Envejecer no es enfermar: llaman a cuidar y acompa\u00f1ar a los adultos mayores\" data-via=\"https:\/\/twitter.com\/VertienteGloba1\" data-url=\"http:\/\/vertienteglobal.com\/?p=264294\" data-lang=\"es\" data-related=\"Informaci\u00f3n general:S\u00edguenos para que est\u00e9ss informado\"><\/a><\/div>\n<figure class=\"wp-block-image size-full\"><img loading=\"lazy\" decoding=\"async\" width=\"1024\" height=\"555\" src=\"http:\/\/vertienteglobal.com\/wp-content\/uploads\/2026\/08\/1001528513.webp\" alt=\"\" class=\"wp-image-264295\" srcset=\"http:\/\/vertienteglobal.com\/wp-content\/uploads\/2026\/08\/1001528513.webp 1024w, http:\/\/vertienteglobal.com\/wp-content\/uploads\/2026\/08\/1001528513-300x163.webp 300w, http:\/\/vertienteglobal.com\/wp-content\/uploads\/2026\/08\/1001528513-150x81.webp 150w, http:\/\/vertienteglobal.com\/wp-content\/uploads\/2026\/08\/1001528513-768x416.webp 768w\" sizes=\"auto, (max-width: 1024px) 100vw, 1024px\" \/><\/figure>\n\n\n\n<p>(Redacci\u00f3n)<\/p>\n\n\n\n<p>\u201cPensar que la vejez no es sin\u00f3nimo de enfermedad. Es otra etapa de vida\u201d, explic\u00f3<\/p>\n\n\n\n<p>Ciudad de M\u00e9xico 28 de agosto 2026.-Con motivo del D\u00eda del Abuelo en M\u00e9xico, especialistas llaman a reconocer que llegar a la vejez no significa necesariamente padecer enfermedades y destacan la importancia de brindar atenci\u00f3n oportuna a los adultos mayores, as\u00ed como mantenerlos integrados en las actividades familiares.<\/p>\n\n\n\n<p>El doctor Irving Santiago Sandoval se\u00f1al\u00f3 que uno de los principales aspectos para cuidar la salud durante esta etapa de la vida es mantener bajo control las enfermedades cr\u00f3nicas y darles un seguimiento m\u00e9dico adecuado.<\/p>\n\n\n\n<p>El especialista geriatra destac\u00f3 que es importante cambiar la percepci\u00f3n de que la vejez es sin\u00f3nimo de enfermedad, pues se trata de una etapa m\u00e1s de la vida en la que pueden presentarse cambios en las capacidades f\u00edsicas que deben ser atendidos oportunamente.<\/p>\n\n\n\n<p>\u201cPensar que la vejez no es sin\u00f3nimo de enfermedad. Es otra etapa de vida\u201d, explic\u00f3.<\/p>\n\n\n\n<p>Por ello, recomend\u00f3 que cuando una persona mayor comience a experimentar dificultades para realizar actividades que anteriormente hac\u00eda con normalidad, busque atenci\u00f3n m\u00e9dica para determinar las causas y evitar que el problema avance.<\/p>\n\n\n\n<p>Piden mayor acompa\u00f1amiento familiar<br>El especialista tambi\u00e9n reconoci\u00f3 que todav\u00eda existen casos en los que el apoyo de las familias hacia los adultos mayores no es el adecuado.<\/p>\n\n\n\n<p>Explic\u00f3 que en ocasiones se les trata como si fueran ni\u00f1os o se les excluye de determinadas actividades familiares, una situaci\u00f3n que consider\u00f3 que debe evitarse.<\/p>\n\n\n\n<p>De acuerdo con Santiago Sandoval, es necesario que las personas mayores contin\u00faen participando en las actividades de la familia y que se respete su autonom\u00eda en la medida de sus posibilidades.<\/p>\n\n\n\n<p>\u201cUno tiene que integrar al adulto mayor en todo y mantenerlo en la participaci\u00f3n de todas las actividades\u201d, se\u00f1al\u00f3.<\/p>\n\n\n\n<p>El acompa\u00f1amiento tambi\u00e9n resulta importante cuando los adultos mayores acuden a consulta m\u00e9dica, pues contar con un familiar puede facilitar el seguimiento de las indicaciones y brindarles apoyo durante su atenci\u00f3n.<\/p>\n\n\n\n<p>P\u00e9rdida de capacidades, una de las principales preocupaciones<\/p>\n\n\n\n<p>Entre las principales situaciones que pueden afectar a los adultos mayores se encuentra la p\u00e9rdida progresiva de algunas capacidades, lo que puede llevarlos a dejar de realizar actividades que anteriormente efectuaban sin dificultad.<\/p>\n\n\n\n<p>Sin embargo, el especialista explic\u00f3 que estos cambios no deben asumirse autom\u00e1ticamente como una consecuencia normal de la edad, ya que pueden estar relacionados con enfermedades cr\u00f3nicas que no han sido diagnosticadas o que no reciben un tratamiento adecuado.<\/p>\n\n\n\n<p>\u201cMuchas veces esas manifestaciones son resultado de enfermedades cr\u00f3nicas o bien mal tratadas o bien no diagnosticadas\u201d, indic\u00f3.<\/p>\n\n\n\n<p>Por ello, ante cualquier cambio en las capacidades o en el estado de salud de una persona mayor, recomend\u00f3 buscar atenci\u00f3n m\u00e9dica para identificar oportunamente posibles enfermedades y darles el tratamiento correspondiente.<\/p>\n\n\n\n<p>En el marco del D\u00eda del Abuelo, el llamado es no limitar el cuidado de las personas mayores \u00fanicamente a la atenci\u00f3n de sus enfermedades, sino procurar tambi\u00e9n su participaci\u00f3n, autonom\u00eda y acompa\u00f1amiento dentro de la familia. (Fuente:XEU)<\/p>\n","protected":false},"excerpt":{"rendered":"<p>(Redacci\u00f3n) \u201cPensar que la vejez no es sin\u00f3nimo de enfermedad. Es otra etapa de vida\u201d, explic\u00f3 Ciudad de M\u00e9xico 28 de agosto 2026.-Con motivo del D\u00eda del Abuelo en M\u00e9xico, especialistas llaman a reconocer que llegar a la vejez no significa necesariamente padecer enfermedades y destacan la importancia de brindar atenci\u00f3n oportuna a los adultos [&hellip;]<\/p>\n","protected":false},"author":6,"featured_media":264295,"comment_status":"open","ping_status":"open","sticky":false,"template":"","format":"standard","meta":{"footnotes":""},"categories":[8],"tags":[],"class_list":["post-264294","post","type-post","status-publish","format-standard","has-post-thumbnail","hentry","category-pais","entry","has-media"],"jetpack_featured_media_url":"http:\/\/vertienteglobal.com\/wp-content\/uploads\/2026\/08\/1001528513.webp","_links":{"self":[{"href":"http:\/\/vertienteglobal.com\/index.php?rest_route=\/wp\/v2\/posts\/264294","targetHints":{"allow":["GET"]}}],"collection":[{"href":"http:\/\/vertienteglobal.com\/index.php?rest_route=\/wp\/v2\/posts"}],"about":[{"href":"http:\/\/vertienteglobal.com\/index.php?rest_route=\/wp\/v2\/types\/post"}],"author":[{"embeddable":true,"href":"http:\/\/vertienteglobal.com\/index.php?rest_route=\/wp\/v2\/users\/6"}],"replies":[{"embeddable":true,"href":"http:\/\/vertienteglobal.com\/index.php?rest_route=%2Fwp%2Fv2%2Fcomments&post=264294"}],"version-history":[{"count":1,"href":"http:\/\/vertienteglobal.com\/index.php?rest_route=\/wp\/v2\/posts\/264294\/revisions"}],"predecessor-version":[{"id":264296,"href":"http:\/\/vertienteglobal.com\/index.php?rest_route=\/wp\/v2\/posts\/264294\/revisions\/264296"}],"wp:featuredmedia":[{"embeddable":true,"href":"http:\/\/vertienteglobal.com\/index.php?rest_route=\/wp\/v2\/media\/264295"}],"wp:attachment":[{"href":"http:\/\/vertienteglobal.com\/index.php?rest_route=%2Fwp%2Fv2%2Fmedia&parent=264294"}],"wp:term":[{"taxonomy":"category","embeddable":true,"href":"http:\/\/vertienteglobal.com\/index.php?rest_route=%2Fwp%2Fv2%2Fcategories&post=264294"},{"taxonomy":"post_tag","embeddable":true,"href":"http:\/\/vertienteglobal.com\/index.php?rest_route=%2Fwp%2Fv2%2Ftags&post=264294"}],"curies":[{"name":"wp","href":"https:\/\/api.w.org\/{rel}","templated":true}]}}