{"id":264279,"date":"2026-08-27T09:09:00","date_gmt":"2026-08-27T14:09:00","guid":{"rendered":"http:\/\/vertienteglobal.com\/?p=264279"},"modified":"2026-08-29T10:08:21","modified_gmt":"2026-08-29T15:08:21","slug":"la-presidenta-claudia-sheinbaum-pardo-propone-eliminar-la-doble-nacionalidad-para-quienes-aspiren-a-la-presidencia-y-gubernaturas","status":"publish","type":"post","link":"http:\/\/vertienteglobal.com\/?p=264279","title":{"rendered":"La Presidenta Claudia Sheinbaum Pardo, propone eliminar la doble nacionalidad para quienes aspiren a la Presidencia y gubernaturas"},"content":{"rendered":"\n<div class=\"twitterbutton\" style=\"float: right; padding-left: 5px;\"><a href=\"http:\/\/twitter.com\/share\" class=\"twitter-share-button\" data-count=\"horizontal\" data-text=\"La Presidenta Claudia Sheinbaum Pardo, propone eliminar la doble nacionalidad pa...\" data-via=\"https:\/\/twitter.com\/VertienteGloba1\" data-url=\"http:\/\/vertienteglobal.com\/?p=264279\" data-lang=\"es\" data-related=\"Informaci\u00f3n general:S\u00edguenos para que est\u00e9ss informado\"><\/a><\/div>\n<figure class=\"wp-block-image size-full\"><img loading=\"lazy\" decoding=\"async\" width=\"1024\" height=\"683\" src=\"http:\/\/vertienteglobal.com\/wp-content\/uploads\/2026\/08\/1001528458.webp\" alt=\"\" class=\"wp-image-264280\" srcset=\"http:\/\/vertienteglobal.com\/wp-content\/uploads\/2026\/08\/1001528458.webp 1024w, http:\/\/vertienteglobal.com\/wp-content\/uploads\/2026\/08\/1001528458-300x200.webp 300w, http:\/\/vertienteglobal.com\/wp-content\/uploads\/2026\/08\/1001528458-150x100.webp 150w, http:\/\/vertienteglobal.com\/wp-content\/uploads\/2026\/08\/1001528458-768x512.webp 768w\" sizes=\"auto, (max-width: 1024px) 100vw, 1024px\" \/><\/figure>\n\n\n\n<p>(Redacci\u00f3n)<\/p>\n\n\n\n<p>Sheinbaum Pardo, sostuvo que quienes aspiren a encabezar los principales gobiernos del pa\u00eds deben colocar el inter\u00e9s nacional por encima de cualquier inter\u00e9s personal<\/p>\n\n\n\n<p>Ciudad de M\u00e9xico 27 de agosto 2026.-La presidenta Claudia Sheinbaum Pardo present\u00f3 una iniciativa de reforma constitucional para establecer que quienes busquen ocupar la Presidencia de M\u00e9xico, una gubernatura estatal o la Jefatura de Gobierno de la Ciudad de M\u00e9xico no puedan mantener una doble nacionalidad.<\/p>\n\n\n\n<p>Y es que la propuesta, denominada \u201cRenuncia a la Doble Nacionalidad para Presidencia y Gubernaturas\u201d, plantea que las personas que tengan una segunda nacionalidad deber\u00e1n renunciar a ella antes de solicitar su registro como candidatas o candidatos.<\/p>\n\n\n\n<p>Durante la presentaci\u00f3n, Sheinbaum Pardo, sostuvo que quienes aspiren a encabezar los principales gobiernos del pa\u00eds deben colocar el inter\u00e9s nacional por encima de cualquier inter\u00e9s personal.<\/p>\n\n\n\n<p>\u201cUna vez que se inscriban para los cargos deben renunciar a otra ciudadan\u00eda si es que la tienen para garantizar que el inter\u00e9s de la Naci\u00f3n est\u00e1 por encima de cualquier inter\u00e9s personal\u201d, afirm\u00f3.<\/p>\n\n\n\n<p>La iniciativa ser\u00e1 enviada al Congreso de la Uni\u00f3n para su an\u00e1lisis y discusi\u00f3n durante el periodo ordinario de sesiones.<\/p>\n\n\n\n<p>\u00bfCu\u00e1les ser\u00edan los nuevos requisitos?<\/p>\n\n\n\n<p>La consejera jur\u00eddica de la Presidencia, Luisa Mar\u00eda Alcalde, explic\u00f3 que la reforma contempla modificaciones al Art\u00edculo 86 de la Constituci\u00f3n, relacionado con los requisitos para ocupar la Presidencia de la Rep\u00fablica.<\/p>\n\n\n\n<p>Entre las condiciones propuestas se establece que quienes aspiren al cargo deber\u00e1n:<\/p>\n\n\n\n<p>Ser ciudadanos mexicanos por nacimiento y estar en pleno goce de sus derechos.<\/p>\n\n\n\n<p>Haber residido en M\u00e9xico durante al menos 20 a\u00f1os.<\/p>\n\n\n\n<p>Ser hijos de padre o madre mexicanos.<br>No tener ni adquirir otra nacionalidad.<br>En caso de contar con una segunda nacionalidad, renunciar a ella antes de solicitar el registro como candidato o candidata.<\/p>\n\n\n\n<p>La propuesta tambi\u00e9n contempla que, durante el ejercicio de la Presidencia, la persona titular del Ejecutivo federal no pueda adquirir o solicitar otra nacionalidad ni invocar ante autoridades extranjeras una ciudadan\u00eda distinta a la mexicana.<\/p>\n\n\n\n<p>Tambi\u00e9n aplicar\u00eda para gubernaturas<\/p>\n\n\n\n<p>La misma restricci\u00f3n se extender\u00eda a quienes aspiren a encabezar los gobiernos de las entidades federativas y la Ciudad de M\u00e9xico, mediante modificaciones a los art\u00edculos 116 y 122 constitucionales.<\/p>\n\n\n\n<p>De aprobarse, las personas candidatas tendr\u00edan que acreditar que no poseen otra nacionalidad o, en caso de tenerla, demostrar que renunciaron a ella antes de solicitar su registro.<\/p>\n\n\n\n<p>La prohibici\u00f3n tambi\u00e9n incluir\u00eda el uso de pasaportes o documentos de identidad expedidos por gobiernos extranjeros, el ejercicio de derechos pol\u00edticos derivados de otra ciudadan\u00eda y el acogimiento a la protecci\u00f3n diplom\u00e1tica de otro pa\u00eds.<\/p>\n\n\n\n<p>El incumplimiento de estas disposiciones ser\u00eda sancionado conforme al T\u00edtulo Cuarto de la Constituci\u00f3n.<\/p>\n\n\n\n<p>Cambios a la Ley de Nacionalidad<\/p>\n\n\n\n<p>Adem\u00e1s de la reforma constitucional, el Gobierno federal plantea modificar la Ley de Nacionalidad para establecer los procedimientos mediante los cuales una persona con doble nacionalidad pueda formalizar su renuncia ante las autoridades mexicanas y las del pa\u00eds del que tambi\u00e9n sea nacional.<\/p>\n\n\n\n<p>La propuesta deber\u00e1 ser analizada y, en su caso, modificada por los legisladores antes de determinar si avanza en el Congreso de la Uni\u00f3n.<\/p>\n","protected":false},"excerpt":{"rendered":"<p>(Redacci\u00f3n) Sheinbaum Pardo, sostuvo que quienes aspiren a encabezar los principales gobiernos del pa\u00eds deben colocar el inter\u00e9s nacional por encima de cualquier inter\u00e9s personal Ciudad de M\u00e9xico 27 de agosto 2026.-La presidenta Claudia Sheinbaum Pardo present\u00f3 una iniciativa de reforma constitucional para establecer que quienes busquen ocupar la Presidencia de M\u00e9xico, una gubernatura estatal [&hellip;]<\/p>\n","protected":false},"author":6,"featured_media":264280,"comment_status":"open","ping_status":"open","sticky":false,"template":"","format":"standard","meta":{"footnotes":""},"categories":[8],"tags":[],"class_list":["post-264279","post","type-post","status-publish","format-standard","has-post-thumbnail","hentry","category-pais","entry","has-media"],"jetpack_featured_media_url":"http:\/\/vertienteglobal.com\/wp-content\/uploads\/2026\/08\/1001528458.webp","_links":{"self":[{"href":"http:\/\/vertienteglobal.com\/index.php?rest_route=\/wp\/v2\/posts\/264279","targetHints":{"allow":["GET"]}}],"collection":[{"href":"http:\/\/vertienteglobal.com\/index.php?rest_route=\/wp\/v2\/posts"}],"about":[{"href":"http:\/\/vertienteglobal.com\/index.php?rest_route=\/wp\/v2\/types\/post"}],"author":[{"embeddable":true,"href":"http:\/\/vertienteglobal.com\/index.php?rest_route=\/wp\/v2\/users\/6"}],"replies":[{"embeddable":true,"href":"http:\/\/vertienteglobal.com\/index.php?rest_route=%2Fwp%2Fv2%2Fcomments&post=264279"}],"version-history":[{"count":1,"href":"http:\/\/vertienteglobal.com\/index.php?rest_route=\/wp\/v2\/posts\/264279\/revisions"}],"predecessor-version":[{"id":264281,"href":"http:\/\/vertienteglobal.com\/index.php?rest_route=\/wp\/v2\/posts\/264279\/revisions\/264281"}],"wp:featuredmedia":[{"embeddable":true,"href":"http:\/\/vertienteglobal.com\/index.php?rest_route=\/wp\/v2\/media\/264280"}],"wp:attachment":[{"href":"http:\/\/vertienteglobal.com\/index.php?rest_route=%2Fwp%2Fv2%2Fmedia&parent=264279"}],"wp:term":[{"taxonomy":"category","embeddable":true,"href":"http:\/\/vertienteglobal.com\/index.php?rest_route=%2Fwp%2Fv2%2Fcategories&post=264279"},{"taxonomy":"post_tag","embeddable":true,"href":"http:\/\/vertienteglobal.com\/index.php?rest_route=%2Fwp%2Fv2%2Ftags&post=264279"}],"curies":[{"name":"wp","href":"https:\/\/api.w.org\/{rel}","templated":true}]}}