{"id":264264,"date":"2026-08-26T09:02:00","date_gmt":"2026-08-26T14:02:00","guid":{"rendered":"http:\/\/vertienteglobal.com\/?p=264264"},"modified":"2026-08-27T16:35:04","modified_gmt":"2026-08-27T21:35:04","slug":"la-presidenta-claudia-sheinbaum-pardo-envia-a-la-camara-de-diputados-iniciativa-de-ley-general-de-proteccion-ecologica-y-justicia-ambiental","status":"publish","type":"post","link":"http:\/\/vertienteglobal.com\/?p=264264","title":{"rendered":"La Presidenta Claudia Sheinbaum Pardo, env\u00eda a la C\u00e1mara de Diputados iniciativa de Ley General de Protecci\u00f3n Ecol\u00f3gica y Justicia Ambiental"},"content":{"rendered":"\n<div class=\"twitterbutton\" style=\"float: right; padding-left: 5px;\"><a href=\"http:\/\/twitter.com\/share\" class=\"twitter-share-button\" data-count=\"horizontal\" data-text=\"La Presidenta Claudia Sheinbaum Pardo, env\u00eda a la C\u00e1mara de Diputados iniciati...\" data-via=\"https:\/\/twitter.com\/VertienteGloba1\" data-url=\"http:\/\/vertienteglobal.com\/?p=264264\" data-lang=\"es\" data-related=\"Informaci\u00f3n general:S\u00edguenos para que est\u00e9ss informado\"><\/a><\/div>\n<figure class=\"wp-block-image size-full\"><img loading=\"lazy\" decoding=\"async\" width=\"646\" height=\"372\" src=\"http:\/\/vertienteglobal.com\/wp-content\/uploads\/2026\/08\/1001523856.jpg\" alt=\"\" class=\"wp-image-264265\" srcset=\"http:\/\/vertienteglobal.com\/wp-content\/uploads\/2026\/08\/1001523856.jpg 646w, http:\/\/vertienteglobal.com\/wp-content\/uploads\/2026\/08\/1001523856-300x173.jpg 300w, http:\/\/vertienteglobal.com\/wp-content\/uploads\/2026\/08\/1001523856-150x86.jpg 150w\" sizes=\"auto, (max-width: 646px) 100vw, 646px\" \/><\/figure>\n\n\n\n<p>(Redacci\u00f3n)<\/p>\n\n\n\n<p>\u00abSe va a enviar por parte del Gobierno de M\u00e9xico, de Semarnat, para fortalecer las capacidades del Estado mexicano para proteger, cuidar, conservar, restaurar el medio ambiente y los recursos naturales\u201d, puntualiz\u00f3<\/p>\n\n\n\n<p>Ciudad de M\u00e9xico 26 de agosto 2026.-La Presidenta Claudia Sheinbaum env\u00eda a la C\u00e1mara de Diputados iniciativa de Ley General de Protecci\u00f3n Ecol\u00f3gica y Justicia Ambiental<br>Presidenta Claudia Sheinbaum env\u00eda a la C\u00e1mara de Diputados iniciativa de Ley General de Protecci\u00f3n Ecol\u00f3gica y Justicia Ambiental<\/p>\n\n\n\n<p>La Ley General de Protecci\u00f3n Ecol\u00f3gica y Justicia Ambiental crear\u00e1 una nueva relaci\u00f3n entre el desarrollo, el bienestar, la prosperidad y la naturaleza: Semarnat<\/p>\n\n\n\n<p>La Presidenta de M\u00e9xico, Claudia Sheinbaum Pardo, firm\u00f3 la iniciativa de la Ley General de Protecci\u00f3n Ecol\u00f3gica y Justicia Ambiental, que propone actualizar y fortalecer las capacidades del Estado mexicano en materia ambiental, la cual ser\u00e1 enviada a la C\u00e1mara de Diputados.<\/p>\n\n\n\n<p>\u201cSe va a enviar por parte del Gobierno de M\u00e9xico, de Semarnat, para fortalecer las capacidades del Estado mexicano para proteger, cuidar, conservar, restaurar el medio ambiente y los recursos naturales\u201d, puntualiz\u00f3 en la conferencia matutina: \u201cLas ma\u00f1aneras del pueblo\u201d.<\/p>\n\n\n\n<p>La secretaria de Medio Ambiente y Recursos Naturales, Alicia B\u00e1rcena Ibarra, se\u00f1al\u00f3 que esta nueva Ley es indispensable ya que el planeta enfrenta nuevos desaf\u00edos ambientales, actualiza la ley de 1988 y crear\u00e1 una nueva relaci\u00f3n entre el desarrollo, el bienestar, la prosperidad y la naturaleza.<\/p>\n\n\n\n<p>Detall\u00f3 que esta nueva Ley General de Protecci\u00f3n Ecol\u00f3gica y Justicia Ambiental brinda herramientas novedosas para atender los retos ambientales; da certeza jur\u00eddica a las comunidades e inversiones; integra avances cient\u00edficos, de innovaci\u00f3n y tecnol\u00f3gicos con los saberes ancestrales; adem\u00e1s de que fortalece la prevenci\u00f3n y restauraci\u00f3n con participaci\u00f3n ciudadana.<\/p>\n\n\n\n<p>Adem\u00e1s, garantiza un medio ambiente sano para proteger la salud y el futuro de ni\u00f1as y ni\u00f1os; asegura el acceso a la informaci\u00f3n y a la justicia ambiental; evita da\u00f1os ambientales y protege los derechos de personas y comunidades; responde al cambio clim\u00e1tico, a la p\u00e9rdida de biodiversidad y a la contaminaci\u00f3n que afectan los medios de vida de los pueblos; habr\u00e1 menos basura, m\u00e1s reciclaje; hace la paz con r\u00edos, barrancas y playas; protege especies emblem\u00e1ticas y recupera nuestros ecosistemas.<\/p>\n\n\n\n<p>Destac\u00f3 que esta iniciativa de Ley General se basa en 10 principios:<\/p>\n\n\n\n<p>El patrimonio natural es el fundamento de la vida, la prosperidad y el bienestar.<\/p>\n\n\n\n<p>No puede haber justicia social sin justicia ambiental.<\/p>\n\n\n\n<p>Prevenir antes que reparar.<\/p>\n\n\n\n<p>Conservar y restaurar para construir futuro.<br>Conocimiento para sustentar las acciones ambientales.<\/p>\n\n\n\n<p>Gestionar el territorio con la gente y visi\u00f3n de largo plazo.<\/p>\n\n\n\n<p>Propiciar una cultura ambiental.<\/p>\n\n\n\n<p>De una econom\u00eda que desecha a una econom\u00eda que aprovecha.<\/p>\n\n\n\n<p>Cuidar a quienes defienden la naturaleza y los bienes p\u00fablicos.<\/p>\n\n\n\n<p>Proteger nuestro patrimonio biocultural es una responsabilidad compartida de toda la naci\u00f3n<\/p>\n","protected":false},"excerpt":{"rendered":"<p>(Redacci\u00f3n) \u00abSe va a enviar por parte del Gobierno de M\u00e9xico, de Semarnat, para fortalecer las capacidades del Estado mexicano para proteger, cuidar, conservar, restaurar el medio ambiente y los recursos naturales\u201d, puntualiz\u00f3 Ciudad de M\u00e9xico 26 de agosto 2026.-La Presidenta Claudia Sheinbaum env\u00eda a la C\u00e1mara de Diputados iniciativa de Ley General de Protecci\u00f3n [&hellip;]<\/p>\n","protected":false},"author":6,"featured_media":264265,"comment_status":"open","ping_status":"open","sticky":false,"template":"","format":"standard","meta":{"footnotes":""},"categories":[8],"tags":[],"class_list":["post-264264","post","type-post","status-publish","format-standard","has-post-thumbnail","hentry","category-pais","entry","has-media"],"jetpack_featured_media_url":"http:\/\/vertienteglobal.com\/wp-content\/uploads\/2026\/08\/1001523856.jpg","_links":{"self":[{"href":"http:\/\/vertienteglobal.com\/index.php?rest_route=\/wp\/v2\/posts\/264264","targetHints":{"allow":["GET"]}}],"collection":[{"href":"http:\/\/vertienteglobal.com\/index.php?rest_route=\/wp\/v2\/posts"}],"about":[{"href":"http:\/\/vertienteglobal.com\/index.php?rest_route=\/wp\/v2\/types\/post"}],"author":[{"embeddable":true,"href":"http:\/\/vertienteglobal.com\/index.php?rest_route=\/wp\/v2\/users\/6"}],"replies":[{"embeddable":true,"href":"http:\/\/vertienteglobal.com\/index.php?rest_route=%2Fwp%2Fv2%2Fcomments&post=264264"}],"version-history":[{"count":1,"href":"http:\/\/vertienteglobal.com\/index.php?rest_route=\/wp\/v2\/posts\/264264\/revisions"}],"predecessor-version":[{"id":264266,"href":"http:\/\/vertienteglobal.com\/index.php?rest_route=\/wp\/v2\/posts\/264264\/revisions\/264266"}],"wp:featuredmedia":[{"embeddable":true,"href":"http:\/\/vertienteglobal.com\/index.php?rest_route=\/wp\/v2\/media\/264265"}],"wp:attachment":[{"href":"http:\/\/vertienteglobal.com\/index.php?rest_route=%2Fwp%2Fv2%2Fmedia&parent=264264"}],"wp:term":[{"taxonomy":"category","embeddable":true,"href":"http:\/\/vertienteglobal.com\/index.php?rest_route=%2Fwp%2Fv2%2Fcategories&post=264264"},{"taxonomy":"post_tag","embeddable":true,"href":"http:\/\/vertienteglobal.com\/index.php?rest_route=%2Fwp%2Fv2%2Ftags&post=264264"}],"curies":[{"name":"wp","href":"https:\/\/api.w.org\/{rel}","templated":true}]}}