{"id":264261,"date":"2026-08-26T10:02:00","date_gmt":"2026-08-26T15:02:00","guid":{"rendered":"http:\/\/vertienteglobal.com\/?p=264261"},"modified":"2026-08-27T16:31:01","modified_gmt":"2026-08-27T21:31:01","slug":"inversion-extranjera-alcanza-maximo-de-captacion-en-primer-semestre-2026-presidenta-claudia-sheinbaum-pardo","status":"publish","type":"post","link":"http:\/\/vertienteglobal.com\/?p=264261","title":{"rendered":"Inversi\u00f3n extranjera alcanza m\u00e1ximo de captaci\u00f3n en primer semestre 2026: Presidenta Claudia Sheinbaum Pardo"},"content":{"rendered":"\n<div class=\"twitterbutton\" style=\"float: right; padding-left: 5px;\"><a href=\"http:\/\/twitter.com\/share\" class=\"twitter-share-button\" data-count=\"horizontal\" data-text=\"Inversi\u00f3n extranjera alcanza m\u00e1ximo de captaci\u00f3n en primer semestre 2026: Pre...\" data-via=\"https:\/\/twitter.com\/VertienteGloba1\" data-url=\"http:\/\/vertienteglobal.com\/?p=264261\" data-lang=\"es\" data-related=\"Informaci\u00f3n general:S\u00edguenos para que est\u00e9ss informado\"><\/a><\/div>\n<figure class=\"wp-block-image size-large\"><img loading=\"lazy\" decoding=\"async\" width=\"1024\" height=\"656\" src=\"http:\/\/vertienteglobal.com\/wp-content\/uploads\/2026\/08\/1001523833-1024x656.jpg\" alt=\"\" class=\"wp-image-264262\" srcset=\"http:\/\/vertienteglobal.com\/wp-content\/uploads\/2026\/08\/1001523833-1024x656.jpg 1024w, http:\/\/vertienteglobal.com\/wp-content\/uploads\/2026\/08\/1001523833-300x192.jpg 300w, http:\/\/vertienteglobal.com\/wp-content\/uploads\/2026\/08\/1001523833-150x96.jpg 150w, http:\/\/vertienteglobal.com\/wp-content\/uploads\/2026\/08\/1001523833-768x492.jpg 768w, http:\/\/vertienteglobal.com\/wp-content\/uploads\/2026\/08\/1001523833-1536x984.jpg 1536w, http:\/\/vertienteglobal.com\/wp-content\/uploads\/2026\/08\/1001523833-2048x1312.jpg 2048w\" sizes=\"auto, (max-width: 1024px) 100vw, 1024px\" \/><\/figure>\n\n\n\n<p>(Redacci\u00f3n)<\/p>\n\n\n\n<p>La primera mandataria tambi\u00e9n resalt\u00f3 que nuestro pa\u00eds registra 60 millones de personas con trabajo; de acuerdo con la Encuesta Nacional de Ocupaci\u00f3n y Empleo (ENOE), el crecimiento trimestral es de 487 mil personas<\/p>\n\n\n\n<p>Ciudad de M\u00e9xico 26 de agosto de 2026.-La presidenta Claudia Sheinbaum Pardo destac\u00f3 que M\u00e9xico obtuvo r\u00e9cord en inversi\u00f3n extranjera directa (IED) con 34 mil 968 millones de d\u00f3lares en el primer semestre de 2026, lo que se traduce en 2.1 por ciento de aumento respecto al mismo periodo del a\u00f1o anterior.<\/p>\n\n\n\n<p>Igualmente, el producto interno bruto (PIB) creci\u00f3 1.4 por ciento en el segundo trimestre de este a\u00f1o, lo que significa el avance m\u00e1s importante desde 2022.<\/p>\n\n\n\n<p>La primera mandataria tambi\u00e9n resalt\u00f3 que nuestro pa\u00eds registra 60 millones de personas con trabajo; de acuerdo con la Encuesta Nacional de Ocupaci\u00f3n y Empleo (ENOE), el crecimiento trimestral es de 487 mil personas.<\/p>\n\n\n\n<p>Tras recordar que el salario m\u00ednimo ha crecido 154 por ciento desde 2018, subray\u00f3 que hoy existe menos inflaci\u00f3n, incluso en comparaci\u00f3n con el periodo neoliberal, adem\u00e1s de que nuestro pa\u00eds cuenta con una de las monedas m\u00e1s s\u00f3lidas, ya que el tipo de cambio se ubica en 16.97 pesos.<\/p>\n\n\n\n<p>Asimismo, el consumo privado creci\u00f3 2.3 por ciento anual en mayo, mientras que la venta de veh\u00edculos aument\u00f3 a 885 mil unidades en julio, es decir, alcanz\u00f3 nuevo m\u00e1ximo hist\u00f3rico con cinco por ciento de aumento.<\/p>\n\n\n\n<p>La jefa del Ejecutivo federal se refiri\u00f3 al crecimiento en el promedio de satisfacci\u00f3n con la vida que expresan los mexicanos, seg\u00fan el reporte del Instituto Nacional de Estad\u00edstica y Geograf\u00eda (Inegi). Este 2026, el indicador obtuvo 8.75 puntos en una escala de cero a 10, en comparaci\u00f3n con 8.65 del a\u00f1o pasado. <\/p>\n","protected":false},"excerpt":{"rendered":"<p>(Redacci\u00f3n) La primera mandataria tambi\u00e9n resalt\u00f3 que nuestro pa\u00eds registra 60 millones de personas con trabajo; de acuerdo con la Encuesta Nacional de Ocupaci\u00f3n y Empleo (ENOE), el crecimiento trimestral es de 487 mil personas Ciudad de M\u00e9xico 26 de agosto de 2026.-La presidenta Claudia Sheinbaum Pardo destac\u00f3 que M\u00e9xico obtuvo r\u00e9cord en inversi\u00f3n extranjera [&hellip;]<\/p>\n","protected":false},"author":6,"featured_media":264262,"comment_status":"open","ping_status":"open","sticky":false,"template":"","format":"standard","meta":{"footnotes":""},"categories":[8],"tags":[],"class_list":["post-264261","post","type-post","status-publish","format-standard","has-post-thumbnail","hentry","category-pais","entry","has-media"],"jetpack_featured_media_url":"http:\/\/vertienteglobal.com\/wp-content\/uploads\/2026\/08\/1001523833.jpg","_links":{"self":[{"href":"http:\/\/vertienteglobal.com\/index.php?rest_route=\/wp\/v2\/posts\/264261","targetHints":{"allow":["GET"]}}],"collection":[{"href":"http:\/\/vertienteglobal.com\/index.php?rest_route=\/wp\/v2\/posts"}],"about":[{"href":"http:\/\/vertienteglobal.com\/index.php?rest_route=\/wp\/v2\/types\/post"}],"author":[{"embeddable":true,"href":"http:\/\/vertienteglobal.com\/index.php?rest_route=\/wp\/v2\/users\/6"}],"replies":[{"embeddable":true,"href":"http:\/\/vertienteglobal.com\/index.php?rest_route=%2Fwp%2Fv2%2Fcomments&post=264261"}],"version-history":[{"count":1,"href":"http:\/\/vertienteglobal.com\/index.php?rest_route=\/wp\/v2\/posts\/264261\/revisions"}],"predecessor-version":[{"id":264263,"href":"http:\/\/vertienteglobal.com\/index.php?rest_route=\/wp\/v2\/posts\/264261\/revisions\/264263"}],"wp:featuredmedia":[{"embeddable":true,"href":"http:\/\/vertienteglobal.com\/index.php?rest_route=\/wp\/v2\/media\/264262"}],"wp:attachment":[{"href":"http:\/\/vertienteglobal.com\/index.php?rest_route=%2Fwp%2Fv2%2Fmedia&parent=264261"}],"wp:term":[{"taxonomy":"category","embeddable":true,"href":"http:\/\/vertienteglobal.com\/index.php?rest_route=%2Fwp%2Fv2%2Fcategories&post=264261"},{"taxonomy":"post_tag","embeddable":true,"href":"http:\/\/vertienteglobal.com\/index.php?rest_route=%2Fwp%2Fv2%2Ftags&post=264261"}],"curies":[{"name":"wp","href":"https:\/\/api.w.org\/{rel}","templated":true}]}}