{"id":264252,"date":"2026-08-26T07:55:00","date_gmt":"2026-08-26T12:55:00","guid":{"rendered":"http:\/\/vertienteglobal.com\/?p=264252"},"modified":"2026-08-27T09:54:48","modified_gmt":"2026-08-27T14:54:48","slug":"tienes-mucho-sueno-durante-el-dia-imss-alerta-por-signos-de-narcolepsia","status":"publish","type":"post","link":"http:\/\/vertienteglobal.com\/?p=264252","title":{"rendered":"\u00bfTienes mucho sue\u00f1o durante el d\u00eda? IMSS alerta por signos de narcolepsia"},"content":{"rendered":"\n<div class=\"twitterbutton\" style=\"float: right; padding-left: 5px;\"><a href=\"http:\/\/twitter.com\/share\" class=\"twitter-share-button\" data-count=\"horizontal\" data-text=\"\u00bfTienes mucho sue\u00f1o durante el d\u00eda? IMSS alerta por signos de narcolepsia\" data-via=\"https:\/\/twitter.com\/VertienteGloba1\" data-url=\"http:\/\/vertienteglobal.com\/?p=264252\" data-lang=\"es\" data-related=\"Informaci\u00f3n general:S\u00edguenos para que est\u00e9ss informado\"><\/a><\/div>\n<figure class=\"wp-block-image size-full\"><img loading=\"lazy\" decoding=\"async\" width=\"1024\" height=\"661\" src=\"http:\/\/vertienteglobal.com\/wp-content\/uploads\/2026\/08\/1001522715.webp\" alt=\"\" class=\"wp-image-264253\" srcset=\"http:\/\/vertienteglobal.com\/wp-content\/uploads\/2026\/08\/1001522715.webp 1024w, http:\/\/vertienteglobal.com\/wp-content\/uploads\/2026\/08\/1001522715-300x194.webp 300w, http:\/\/vertienteglobal.com\/wp-content\/uploads\/2026\/08\/1001522715-150x97.webp 150w, http:\/\/vertienteglobal.com\/wp-content\/uploads\/2026\/08\/1001522715-768x496.webp 768w\" sizes=\"auto, (max-width: 1024px) 100vw, 1024px\" \/><\/figure>\n\n\n\n<p>(Redacci\u00f3n)<\/p>\n\n\n\n<p>El especialista se\u00f1al\u00f3 que los s\u00edntomas suelen confundirse con pereza o estr\u00e9s, por lo que recomend\u00f3 prestar atenci\u00f3n a los episodios frecuentes de sue\u00f1o profundo durante el d\u00eda<\/p>\n\n\n\n<p>Xalapa, Veracruz, 26 de agosto 2026.+El Instituto Mexicano del Seguro Social (IMSS) en Veracruz Norte llam\u00f3 a la poblaci\u00f3n a identificar los s\u00edntomas de la narcolepsia, un trastorno neurol\u00f3gico que provoca somnolencia diurna extrema y episodios incontrolables de sue\u00f1o.<\/p>\n\n\n\n<p>El neur\u00f3logo del Hospital General de Zona No. 11 de Xalapa, Omar Alfredo Ram\u00edrez Tamayo, explic\u00f3 que el padecimiento puede interrumpir actividades cotidianas como comer, hablar o trabajar, adem\u00e1s de representar un riesgo para la integridad f\u00edsica.<\/p>\n\n\n\n<p>El especialista se\u00f1al\u00f3 que los s\u00edntomas suelen confundirse con pereza o estr\u00e9s, por lo que recomend\u00f3 prestar atenci\u00f3n a los episodios frecuentes de sue\u00f1o profundo durante el d\u00eda.<\/p>\n\n\n\n<p>Actualmente no existen medidas espec\u00edficas para prevenir la narcolepsia, pero sus s\u00edntomas pueden controlarse mediante tratamiento m\u00e9dico, medicamentos y medidas de higiene del sue\u00f1o.<\/p>\n\n\n\n<p>El IMSS exhort\u00f3 a quienes presenten somnolencia diurna extrema o episodios incontrolables de sue\u00f1o a acudir a su Unidad de Medicina Familiar para recibir una valoraci\u00f3n oportuna y, de ser necesario, atenci\u00f3n especializada en Neurolog\u00eda.(Fuente: XEU)<\/p>\n","protected":false},"excerpt":{"rendered":"<p>(Redacci\u00f3n) El especialista se\u00f1al\u00f3 que los s\u00edntomas suelen confundirse con pereza o estr\u00e9s, por lo que recomend\u00f3 prestar atenci\u00f3n a los episodios frecuentes de sue\u00f1o profundo durante el d\u00eda Xalapa, Veracruz, 26 de agosto 2026.+El Instituto Mexicano del Seguro Social (IMSS) en Veracruz Norte llam\u00f3 a la poblaci\u00f3n a identificar los s\u00edntomas de la narcolepsia, [&hellip;]<\/p>\n","protected":false},"author":6,"featured_media":264253,"comment_status":"open","ping_status":"open","sticky":false,"template":"","format":"standard","meta":{"footnotes":""},"categories":[8,7],"tags":[],"class_list":["post-264252","post","type-post","status-publish","format-standard","has-post-thumbnail","hentry","category-pais","category-veracruz","entry","has-media"],"jetpack_featured_media_url":"http:\/\/vertienteglobal.com\/wp-content\/uploads\/2026\/08\/1001522715.webp","_links":{"self":[{"href":"http:\/\/vertienteglobal.com\/index.php?rest_route=\/wp\/v2\/posts\/264252","targetHints":{"allow":["GET"]}}],"collection":[{"href":"http:\/\/vertienteglobal.com\/index.php?rest_route=\/wp\/v2\/posts"}],"about":[{"href":"http:\/\/vertienteglobal.com\/index.php?rest_route=\/wp\/v2\/types\/post"}],"author":[{"embeddable":true,"href":"http:\/\/vertienteglobal.com\/index.php?rest_route=\/wp\/v2\/users\/6"}],"replies":[{"embeddable":true,"href":"http:\/\/vertienteglobal.com\/index.php?rest_route=%2Fwp%2Fv2%2Fcomments&post=264252"}],"version-history":[{"count":1,"href":"http:\/\/vertienteglobal.com\/index.php?rest_route=\/wp\/v2\/posts\/264252\/revisions"}],"predecessor-version":[{"id":264254,"href":"http:\/\/vertienteglobal.com\/index.php?rest_route=\/wp\/v2\/posts\/264252\/revisions\/264254"}],"wp:featuredmedia":[{"embeddable":true,"href":"http:\/\/vertienteglobal.com\/index.php?rest_route=\/wp\/v2\/media\/264253"}],"wp:attachment":[{"href":"http:\/\/vertienteglobal.com\/index.php?rest_route=%2Fwp%2Fv2%2Fmedia&parent=264252"}],"wp:term":[{"taxonomy":"category","embeddable":true,"href":"http:\/\/vertienteglobal.com\/index.php?rest_route=%2Fwp%2Fv2%2Fcategories&post=264252"},{"taxonomy":"post_tag","embeddable":true,"href":"http:\/\/vertienteglobal.com\/index.php?rest_route=%2Fwp%2Fv2%2Ftags&post=264252"}],"curies":[{"name":"wp","href":"https:\/\/api.w.org\/{rel}","templated":true}]}}