{"id":264225,"date":"2026-08-26T08:54:00","date_gmt":"2026-08-26T13:54:00","guid":{"rendered":"http:\/\/vertienteglobal.com\/?p=264225"},"modified":"2026-08-27T08:10:22","modified_gmt":"2026-08-27T13:10:22","slug":"renacimiento-maya-y-marina-consolidan-avances-en-la-ampliacion-y-modernizacion-del-puerto-de-altura-de-progreso","status":"publish","type":"post","link":"http:\/\/vertienteglobal.com\/?p=264225","title":{"rendered":"Renacimiento Maya y Marina consolidan avances en la ampliaci\u00f3n y modernizaci\u00f3n del Puerto de Altura de Progreso"},"content":{"rendered":"\n<div class=\"twitterbutton\" style=\"float: right; padding-left: 5px;\"><a href=\"http:\/\/twitter.com\/share\" class=\"twitter-share-button\" data-count=\"horizontal\" data-text=\"Renacimiento Maya y Marina consolidan avances en la ampliaci\u00f3n y modernizaci\u00f3n...\" data-via=\"https:\/\/twitter.com\/VertienteGloba1\" data-url=\"http:\/\/vertienteglobal.com\/?p=264225\" data-lang=\"es\" data-related=\"Informaci\u00f3n general:S\u00edguenos para que est\u00e9ss informado\"><\/a><\/div>\n<figure class=\"wp-block-image size-large\"><img loading=\"lazy\" decoding=\"async\" width=\"1024\" height=\"683\" src=\"http:\/\/vertienteglobal.com\/wp-content\/uploads\/2026\/08\/1001522284-1024x683.jpg\" alt=\"\" class=\"wp-image-264226\" srcset=\"http:\/\/vertienteglobal.com\/wp-content\/uploads\/2026\/08\/1001522284-1024x683.jpg 1024w, http:\/\/vertienteglobal.com\/wp-content\/uploads\/2026\/08\/1001522284-300x200.jpg 300w, http:\/\/vertienteglobal.com\/wp-content\/uploads\/2026\/08\/1001522284-150x100.jpg 150w, http:\/\/vertienteglobal.com\/wp-content\/uploads\/2026\/08\/1001522284-768x512.jpg 768w, http:\/\/vertienteglobal.com\/wp-content\/uploads\/2026\/08\/1001522284-1536x1024.jpg 1536w, http:\/\/vertienteglobal.com\/wp-content\/uploads\/2026\/08\/1001522284-2048x1366.jpg 2048w\" sizes=\"auto, (max-width: 1024px) 100vw, 1024px\" \/><\/figure>\n\n\n\n<p>(Redacci\u00f3n)<\/p>\n\n\n\n<p><em>El Gobernador Joaqu\u00edn D\u00edaz Mena y el secretario de Marina, almirante Raymundo Pedro Morales \u00c1ngeles, revisaron los avances del proyecto portuario, que contempla una inversi\u00f3n superior a los 12 mil 500 millones de pesos<\/em><br>\u00a0<br><em>La coordinaci\u00f3n entre el Gobierno del Estado y el Gobierno de M\u00e9xico permitir\u00e1 triplicar la capacidad operativa del puerto y consolidar a Progreso como una plataforma log\u00edstica de clase mundial<\/em><\/p>\n\n\n\n<p>Ciudad de M\u00e9xico, 26 de agosto 2026.-Como parte de la estrecha coordinaci\u00f3n entre el Gobierno del Estado y el Gobierno de M\u00e9xico, el Gobernador Joaqu\u00edn D\u00edaz Mena sostuvo una reuni\u00f3n de trabajo con el secretario de Marina, almirante Raymundo Pedro Morales \u00c1ngeles, para revisar los avances del proyecto de ampliaci\u00f3n y modernizaci\u00f3n del Puerto de Altura de Progreso, una de las inversiones estrat\u00e9gicas m\u00e1s relevantes para Yucat\u00e1n y el sureste del pa\u00eds.<br>\u00a0<br>Con un plan maestro integrado por tres etapas y una inversi\u00f3n superior a los 12 mil 500 millones de pesos, este proyecto permitir\u00e1 triplicar la capacidad operativa del puerto, mejorar sus condiciones de calado y ampliar su infraestructura, a fin de consolidarlo como un punto log\u00edstico competitivo frente a los principales puertos de la regi\u00f3n.<br>\u00a0<br>Durante el encuentro, realizado en la Ciudad de M\u00e9xico, D\u00edaz Mena y Morales \u00c1ngeles dieron seguimiento puntual al estado que guardan las diferentes etapas del proyecto, as\u00ed como a los trabajos que permanecen en marcha y las acciones necesarias para avanzar con celeridad en cada frente de obra.<br>\u00a0<br>El Gobernador destac\u00f3 que la modernizaci\u00f3n del Puerto de Altura de Progreso constituye uno de los pilares del Renacimiento Maya, pues fortalecer\u00e1 la conectividad mar\u00edtima, atraer\u00e1 nuevas inversiones y ampliar\u00e1 las capacidades productivas, industriales y comerciales de la entidad.<br>\u00a0<br>Asimismo, se\u00f1al\u00f3 que esta infraestructura estrat\u00e9gica abrir\u00e1 nuevas oportunidades de empleo y desarrollo para las familias yucatecas, fortalecer\u00e1 la econom\u00eda de las comunidades costeras y permitir\u00e1 que Yucat\u00e1n aproveche plenamente su ubicaci\u00f3n privilegiada para vincularse con nuevos mercados nacionales e internacionales.<br>\u00a0<br>El mandatario estatal y el titular de la Secretar\u00eda de Marina refrendaron el compromiso de mantener el trabajo conjunto y fortalecer los mecanismos de coordinaci\u00f3n institucional para garantizar la continuidad de las obras y el cumplimiento de las metas establecidas.<br>\u00a0<br>Finalmente, D\u00edaz Mena agradeci\u00f3 al almirante Raymundo Pedro Morales \u00c1ngeles el compromiso de la Secretar\u00eda de Marina con Yucat\u00e1n y afirm\u00f3 que estos avances son resultado del respaldo del Gobierno de M\u00e9xico, encabezado por la Presidenta Claudia Sheinbaum Pardo, para impulsar proyectos que transformen la econom\u00eda y mejoren la calidad de vida del pueblo yucateco.<\/p>\n\n\n\n<figure class=\"wp-block-embed is-type-rich is-provider-x wp-block-embed-x\"><div class=\"wp-block-embed__wrapper\">\n<div class=\"oceanwp-oembed-wrap clr\"><div class=\"embed-x\"><blockquote class=\"twitter-tweet\" data-width=\"550\" data-dnt=\"true\"><p lang=\"es\" dir=\"ltr\">Me reun\u00ed con el Secretario de Marina, Almirante Raymundo Pedro Morales \u00c1ngeles, para revisar los avances de la ampliaci\u00f3n y modernizaci\u00f3n del Puerto de Altura de Progreso, una de las obras m\u00e1s importantes de Yucat\u00e1n.<br><br>Continuamos trabajando de manera coordinada con el <a href=\"https:\/\/x.com\/GobiernoMX?ref_src=twsrc%5Etfw\">@GobiernoMX<\/a>\u2026 <a href=\"https:\/\/t.co\/iivsBe76Hk\">pic.twitter.com\/iivsBe76Hk<\/a><\/p>&mdash; Joaqu\u00edn D\u00edaz Mena (@huachodiazmena) <a href=\"https:\/\/x.com\/huachodiazmena\/status\/2092463833524674671?ref_src=twsrc%5Etfw\">August 26, 2026<\/a><\/blockquote><script async src=\"https:\/\/platform.x.com\/widgets.js\" charset=\"utf-8\"><\/script><\/div><\/div>\n<\/div><\/figure>\n","protected":false},"excerpt":{"rendered":"<p>(Redacci\u00f3n) El Gobernador Joaqu\u00edn D\u00edaz Mena y el secretario de Marina, almirante Raymundo Pedro Morales \u00c1ngeles, revisaron los avances del proyecto portuario, que contempla una inversi\u00f3n superior a los 12 mil 500 millones de pesos\u00a0La coordinaci\u00f3n entre el Gobierno del Estado y el Gobierno de M\u00e9xico permitir\u00e1 triplicar la capacidad operativa del puerto y consolidar [&hellip;]<\/p>\n","protected":false},"author":6,"featured_media":264226,"comment_status":"open","ping_status":"open","sticky":false,"template":"","format":"standard","meta":{"footnotes":""},"categories":[8,2],"tags":[],"class_list":["post-264225","post","type-post","status-publish","format-standard","has-post-thumbnail","hentry","category-pais","category-yucatan","entry","has-media"],"jetpack_featured_media_url":"http:\/\/vertienteglobal.com\/wp-content\/uploads\/2026\/08\/1001522284-scaled.jpg","_links":{"self":[{"href":"http:\/\/vertienteglobal.com\/index.php?rest_route=\/wp\/v2\/posts\/264225","targetHints":{"allow":["GET"]}}],"collection":[{"href":"http:\/\/vertienteglobal.com\/index.php?rest_route=\/wp\/v2\/posts"}],"about":[{"href":"http:\/\/vertienteglobal.com\/index.php?rest_route=\/wp\/v2\/types\/post"}],"author":[{"embeddable":true,"href":"http:\/\/vertienteglobal.com\/index.php?rest_route=\/wp\/v2\/users\/6"}],"replies":[{"embeddable":true,"href":"http:\/\/vertienteglobal.com\/index.php?rest_route=%2Fwp%2Fv2%2Fcomments&post=264225"}],"version-history":[{"count":1,"href":"http:\/\/vertienteglobal.com\/index.php?rest_route=\/wp\/v2\/posts\/264225\/revisions"}],"predecessor-version":[{"id":264227,"href":"http:\/\/vertienteglobal.com\/index.php?rest_route=\/wp\/v2\/posts\/264225\/revisions\/264227"}],"wp:featuredmedia":[{"embeddable":true,"href":"http:\/\/vertienteglobal.com\/index.php?rest_route=\/wp\/v2\/media\/264226"}],"wp:attachment":[{"href":"http:\/\/vertienteglobal.com\/index.php?rest_route=%2Fwp%2Fv2%2Fmedia&parent=264225"}],"wp:term":[{"taxonomy":"category","embeddable":true,"href":"http:\/\/vertienteglobal.com\/index.php?rest_route=%2Fwp%2Fv2%2Fcategories&post=264225"},{"taxonomy":"post_tag","embeddable":true,"href":"http:\/\/vertienteglobal.com\/index.php?rest_route=%2Fwp%2Fv2%2Ftags&post=264225"}],"curies":[{"name":"wp","href":"https:\/\/api.w.org\/{rel}","templated":true}]}}