{"id":264215,"date":"2026-08-26T11:56:00","date_gmt":"2026-08-26T16:56:00","guid":{"rendered":"http:\/\/vertienteglobal.com\/?p=264215"},"modified":"2026-08-27T08:06:34","modified_gmt":"2026-08-27T13:06:34","slug":"coordinacion-con-el-gobierno-de-mexico-impulsa-10-mil-viviendas-con-certeza-patrimonial-en-yucatan-video","status":"publish","type":"post","link":"http:\/\/vertienteglobal.com\/?p=264215","title":{"rendered":"Coordinaci\u00f3n con el Gobierno de M\u00e9xico impulsa 10 mil viviendas con certeza patrimonial en Yucat\u00e1n\u00a0(+V\u00eddeo)"},"content":{"rendered":"\n<div class=\"twitterbutton\" style=\"float: right; padding-left: 5px;\"><a href=\"http:\/\/twitter.com\/share\" class=\"twitter-share-button\" data-count=\"horizontal\" data-text=\"Coordinaci\u00f3n con el Gobierno de M\u00e9xico impulsa 10 mil viviendas con certeza pa...\" data-via=\"https:\/\/twitter.com\/VertienteGloba1\" data-url=\"http:\/\/vertienteglobal.com\/?p=264215\" data-lang=\"es\" data-related=\"Informaci\u00f3n general:S\u00edguenos para que est\u00e9ss informado\"><\/a><\/div>\n<figure class=\"wp-block-image size-large\"><img loading=\"lazy\" decoding=\"async\" width=\"1024\" height=\"683\" src=\"http:\/\/vertienteglobal.com\/wp-content\/uploads\/2026\/08\/1001522271-1024x683.jpg\" alt=\"\" class=\"wp-image-264216\" srcset=\"http:\/\/vertienteglobal.com\/wp-content\/uploads\/2026\/08\/1001522271-1024x683.jpg 1024w, http:\/\/vertienteglobal.com\/wp-content\/uploads\/2026\/08\/1001522271-300x200.jpg 300w, http:\/\/vertienteglobal.com\/wp-content\/uploads\/2026\/08\/1001522271-150x100.jpg 150w, http:\/\/vertienteglobal.com\/wp-content\/uploads\/2026\/08\/1001522271-768x512.jpg 768w, http:\/\/vertienteglobal.com\/wp-content\/uploads\/2026\/08\/1001522271-1536x1024.jpg 1536w, http:\/\/vertienteglobal.com\/wp-content\/uploads\/2026\/08\/1001522271-2048x1366.jpg 2048w\" sizes=\"auto, (max-width: 1024px) 100vw, 1024px\" \/><\/figure>\n\n\n\n<p>(Redacci\u00f3n)<\/p>\n\n\n\n<p><em>En coordinaci\u00f3n con el Gobierno de la Presidenta Claudia Sheinbaum Pardo, el Gobernador Joaqu\u00edn D\u00edaz Mena entreg\u00f3 50 viviendas en Ciudad Caucel y refrend\u00f3 la meta de garantizar un hogar digno, accesible y con certeza patrimonial a 10 mil familias<\/em><br>\u00a0<br><em>La titular de la Sedatu, Edna Elena Vega Rangel, resalt\u00f3 que Yucat\u00e1n ocupa el primer lugar nacional en el avance del Programa de Vivienda para el Bienestar, gracias al respaldo del Gobierno del Estado y de los ayuntamientos<\/em><\/p>\n\n\n\n<p>M\u00e9rida, Yucat\u00e1n, 26 de agosto 2026.-En coordinaci\u00f3n con el Gobierno de M\u00e9xico, el Gobierno del Renacimiento Maya avanza en la meta de garantizar vivienda digna, accesible y con certeza patrimonial a 10 mil familias yucatecas, a trav\u00e9s del Programa de Vivienda para el Bienestar, con prioridad para quienes m\u00e1s lo necesitan.<br>\u00a0<br>Este mi\u00e9rcoles, acompa\u00f1ado de la secretaria de Desarrollo Agrario, Territorial y Urbano (Sedatu), Edna Elena Vega Rangel, el Gobernador Joaqu\u00edn D\u00edaz Mena entreg\u00f3 las llaves de 50 viviendas del fraccionamiento Conavi II, en Ciudad Caucel, destinadas principalmente a personas con discapacidad y personas mayores, que ahora cuentan con un hogar seguro y propio.<br>\u00a0<br>Como proyecto central de esta pol\u00edtica de vivienda, el Gobierno del Renacimiento Maya y el Gobierno de M\u00e9xico impulsan Ciudad Renacimiento, en Uc\u00fa, donde la Comisi\u00f3n Nacional de Vivienda (Conavi) construir\u00e1 cinco mil de las 10 mil viviendas programadas para Yucat\u00e1n.<br>\u00a0<br>En este desarrollo, el Gobernador Joaqu\u00edn D\u00edaz Mena y la titular de la Sedatu supervisaron los avances de las obras que concentrar\u00e1n la mitad de la meta estatal de la Conavi y formar\u00e1n parte de un nuevo polo habitacional en el que, junto con el Infonavit, se edificar\u00e1n m\u00e1s de 15 mil hogares.<br>\u00a0<br>En su mensaje, el Gobernador Joaqu\u00edn D\u00edaz Mena record\u00f3 que la vivienda representa patrimonio, dignidad, seguridad y justicia social, por lo que este programa est\u00e1 dirigido a personas en situaci\u00f3n de marginaci\u00f3n, con ingresos de hasta dos salarios m\u00ednimos, as\u00ed como a madres aut\u00f3nomas que sostienen a sus hijas e hijos y a familias con alg\u00fan integrante con discapacidad, para que este derecho llegue primero a quienes m\u00e1s lo necesitan.<br>\u00a0<br>\u201cHoy es un d\u00eda que tendr\u00e1n presente durante muchos a\u00f1os. Hay quienes llegaron pagando renta o viviendo en un espacio compartido con sus familiares y regresar\u00e1n con las llaves en la mano de una casa que ya es suya. Eso es lo que celebramos en este importante evento\u201d, afirm\u00f3 el mandatario estatal.<br>\u00a0<br>Previamente, D\u00edaz Mena particip\u00f3 mediante enlace en la Ma\u00f1anera del Pueblo de la Presidenta Claudia Sheinbaum Pardo, donde present\u00f3 los avances del programa en Yucat\u00e1n y reiter\u00f3 la meta de construir 10 mil viviendas.<br>\u00a0<br>Por su parte, Vega Rangel destac\u00f3 que, gracias al respaldo del Gobernador y de las alcaldesas y los alcaldes que conf\u00edan en este programa, Yucat\u00e1n ocupa el primer lugar nacional en avance.<br>\u00a0<br>\u201cYa hemos estado en otras ocasiones entregando viviendas con el Infonavit y coment\u00e1bamos tambi\u00e9n con la Presidenta que, a partir de este gran trabajo, se puede replantear la meta de 72 mil nuevas viviendas. Si seguimos como vamos, seguramente se podr\u00e1 incrementar\u201d, sostuvo.<br>\u00a0<br>Durante el acto protocolario, el director general de la Comisi\u00f3n Nacional de Vivienda (Conavi), Rodrigo Ch\u00e1vez Contreras, inform\u00f3 que en Yucat\u00e1n existen 33 proyectos en ejecuci\u00f3n, distribuidos en 138 hect\u00e1reas de terrenos donados por el Gobierno del Estado y los municipios.<br>\u00a0<br>\u201cEn este programa tenemos el apoyo del Gobernador y de su Gobierno en la donaci\u00f3n de los terrenos, as\u00ed como en la urbanizaci\u00f3n. Ellos realizaron la urbanizaci\u00f3n de este conjunto habitacional, lo que nos permite ofrecer viviendas de bajo costo a las familias que menos tienen\u201d, afirm\u00f3.<br>\u00a0<br>El funcionario record\u00f3 que la petici\u00f3n de D\u00edaz Mena fue construir viviendas unifamiliares o edificios de un m\u00e1ximo de dos niveles, con espacios adecuados para brindar mayor bienestar y calidad de vida a las familias.<br>\u00a0<br>En el acto protocolario recibieron de manera simb\u00f3lica sus llaves Jazm\u00edn Arizai Chi Flores, Edgar Escobar Mart\u00ednez y Elvira Guadalupe Pacheco G\u00f3mez, quien, acompa\u00f1ada de su hija Thailyn, expres\u00f3 a nombre de sus compa\u00f1eras y compa\u00f1eros su agradecimiento a la Presidenta Claudia Sheinbaum Pardo por haber sido tomada en cuenta para estrenar una vivienda que ser\u00e1 patrimonio de su familia.<\/p>\n\n\n\n<figure class=\"wp-block-image size-full\"><img loading=\"lazy\" decoding=\"async\" width=\"2560\" height=\"1707\" src=\"http:\/\/vertienteglobal.com\/wp-content\/uploads\/2026\/08\/1001522272-scaled.jpg\" alt=\"\" class=\"wp-image-264217\" srcset=\"http:\/\/vertienteglobal.com\/wp-content\/uploads\/2026\/08\/1001522272-scaled.jpg 2560w, http:\/\/vertienteglobal.com\/wp-content\/uploads\/2026\/08\/1001522272-300x200.jpg 300w\" sizes=\"auto, (max-width: 2560px) 100vw, 2560px\" \/><\/figure>\n\n\n\n<figure class=\"wp-block-image size-full\"><img loading=\"lazy\" decoding=\"async\" width=\"2560\" height=\"1707\" src=\"http:\/\/vertienteglobal.com\/wp-content\/uploads\/2026\/08\/1001522273-scaled.jpg\" alt=\"\" class=\"wp-image-264218\" srcset=\"http:\/\/vertienteglobal.com\/wp-content\/uploads\/2026\/08\/1001522273-scaled.jpg 2560w, http:\/\/vertienteglobal.com\/wp-content\/uploads\/2026\/08\/1001522273-300x200.jpg 300w\" sizes=\"auto, (max-width: 2560px) 100vw, 2560px\" \/><\/figure>\n\n\n\n<figure class=\"wp-block-image size-full\"><img decoding=\"async\" src=\"http:\/\/vertienteglobal.com\/wp-content\/uploads\/2026\/08\/1001522274.jpg\" alt=\"\" class=\"wp-image-264219\"\/><\/figure>\n\n\n\n<figure class=\"wp-block-image size-full\"><img decoding=\"async\" src=\"http:\/\/vertienteglobal.com\/wp-content\/uploads\/2026\/08\/1001522275.jpg\" alt=\"\" class=\"wp-image-264220\"\/><\/figure>\n\n\n\n<figure class=\"wp-block-image size-full\"><img decoding=\"async\" src=\"http:\/\/vertienteglobal.com\/wp-content\/uploads\/2026\/08\/1001522276.jpg\" alt=\"\" class=\"wp-image-264221\"\/><\/figure>\n\n\n\n<figure class=\"wp-block-image size-large\"><img loading=\"lazy\" decoding=\"async\" width=\"1024\" height=\"682\" src=\"http:\/\/vertienteglobal.com\/wp-content\/uploads\/2026\/08\/1001522277-1024x682.jpg\" alt=\"\" class=\"wp-image-264222\" srcset=\"http:\/\/vertienteglobal.com\/wp-content\/uploads\/2026\/08\/1001522277-1024x682.jpg 1024w, http:\/\/vertienteglobal.com\/wp-content\/uploads\/2026\/08\/1001522277-300x200.jpg 300w, http:\/\/vertienteglobal.com\/wp-content\/uploads\/2026\/08\/1001522277-150x100.jpg 150w, http:\/\/vertienteglobal.com\/wp-content\/uploads\/2026\/08\/1001522277-768x512.jpg 768w, http:\/\/vertienteglobal.com\/wp-content\/uploads\/2026\/08\/1001522277-1536x1023.jpg 1536w, http:\/\/vertienteglobal.com\/wp-content\/uploads\/2026\/08\/1001522277-2048x1364.jpg 2048w\" sizes=\"auto, (max-width: 1024px) 100vw, 1024px\" \/><\/figure>\n\n\n\n<figure class=\"wp-block-image size-large\"><img loading=\"lazy\" decoding=\"async\" width=\"1024\" height=\"683\" src=\"http:\/\/vertienteglobal.com\/wp-content\/uploads\/2026\/08\/1001522278-1024x683.jpg\" alt=\"\" class=\"wp-image-264223\" srcset=\"http:\/\/vertienteglobal.com\/wp-content\/uploads\/2026\/08\/1001522278-1024x683.jpg 1024w, http:\/\/vertienteglobal.com\/wp-content\/uploads\/2026\/08\/1001522278-300x200.jpg 300w, http:\/\/vertienteglobal.com\/wp-content\/uploads\/2026\/08\/1001522278-150x100.jpg 150w, http:\/\/vertienteglobal.com\/wp-content\/uploads\/2026\/08\/1001522278-768x512.jpg 768w, http:\/\/vertienteglobal.com\/wp-content\/uploads\/2026\/08\/1001522278-1536x1024.jpg 1536w, http:\/\/vertienteglobal.com\/wp-content\/uploads\/2026\/08\/1001522278-2048x1366.jpg 2048w\" sizes=\"auto, (max-width: 1024px) 100vw, 1024px\" \/><\/figure>\n\n\n\n<figure class=\"wp-block-embed is-type-rich is-provider-x wp-block-embed-x\"><div class=\"wp-block-embed__wrapper\">\n<div class=\"oceanwp-oembed-wrap clr\"><div class=\"embed-x\"><blockquote class=\"twitter-tweet\" data-width=\"550\" data-dnt=\"true\"><p lang=\"es\" dir=\"ltr\">Coordinaci\u00f3n con el Gobierno de M\u00e9xico (<a href=\"https:\/\/x.com\/GobiernoM?ref_src=twsrc%5Etfw\">@GobiernoM<\/a> impulsa 10 mil viviendas con certeza patrimonial en Yucat\u00e1n<br>\u00a0<br>En coordinaci\u00f3n con el Gobierno de la Presidenta Claudia Sheinbaum Pardo (<a href=\"https:\/\/x.com\/Claudiashein?ref_src=twsrc%5Etfw\">@Claudiashein<\/a>) , el Gobernador Joaqu\u00edn D\u00edaz Mena (<a href=\"https:\/\/x.com\/huachodiazmena?ref_src=twsrc%5Etfw\">@huachodiazmena<\/a>) entreg\u00f3 50 viviendas en\u2026 <a href=\"https:\/\/t.co\/mLXtjwSEen\">pic.twitter.com\/mLXtjwSEen<\/a><\/p>&mdash; vertienteglobal.com (@VertienteGloba1) <a href=\"https:\/\/x.com\/VertienteGloba1\/status\/2092695245775315237?ref_src=twsrc%5Etfw\">August 26, 2026<\/a><\/blockquote><script async src=\"https:\/\/platform.x.com\/widgets.js\" charset=\"utf-8\"><\/script><\/div><\/div>\n<\/div><\/figure>\n","protected":false},"excerpt":{"rendered":"<p>(Redacci\u00f3n) En coordinaci\u00f3n con el Gobierno de la Presidenta Claudia Sheinbaum Pardo, el Gobernador Joaqu\u00edn D\u00edaz Mena entreg\u00f3 50 viviendas en Ciudad Caucel y refrend\u00f3 la meta de garantizar un hogar digno, accesible y con certeza patrimonial a 10 mil familias\u00a0La titular de la Sedatu, Edna Elena Vega Rangel, resalt\u00f3 que Yucat\u00e1n ocupa el primer [&hellip;]<\/p>\n","protected":false},"author":6,"featured_media":264216,"comment_status":"open","ping_status":"open","sticky":false,"template":"","format":"standard","meta":{"footnotes":""},"categories":[2],"tags":[],"class_list":["post-264215","post","type-post","status-publish","format-standard","has-post-thumbnail","hentry","category-yucatan","entry","has-media"],"jetpack_featured_media_url":"http:\/\/vertienteglobal.com\/wp-content\/uploads\/2026\/08\/1001522271-scaled.jpg","_links":{"self":[{"href":"http:\/\/vertienteglobal.com\/index.php?rest_route=\/wp\/v2\/posts\/264215","targetHints":{"allow":["GET"]}}],"collection":[{"href":"http:\/\/vertienteglobal.com\/index.php?rest_route=\/wp\/v2\/posts"}],"about":[{"href":"http:\/\/vertienteglobal.com\/index.php?rest_route=\/wp\/v2\/types\/post"}],"author":[{"embeddable":true,"href":"http:\/\/vertienteglobal.com\/index.php?rest_route=\/wp\/v2\/users\/6"}],"replies":[{"embeddable":true,"href":"http:\/\/vertienteglobal.com\/index.php?rest_route=%2Fwp%2Fv2%2Fcomments&post=264215"}],"version-history":[{"count":1,"href":"http:\/\/vertienteglobal.com\/index.php?rest_route=\/wp\/v2\/posts\/264215\/revisions"}],"predecessor-version":[{"id":264224,"href":"http:\/\/vertienteglobal.com\/index.php?rest_route=\/wp\/v2\/posts\/264215\/revisions\/264224"}],"wp:featuredmedia":[{"embeddable":true,"href":"http:\/\/vertienteglobal.com\/index.php?rest_route=\/wp\/v2\/media\/264216"}],"wp:attachment":[{"href":"http:\/\/vertienteglobal.com\/index.php?rest_route=%2Fwp%2Fv2%2Fmedia&parent=264215"}],"wp:term":[{"taxonomy":"category","embeddable":true,"href":"http:\/\/vertienteglobal.com\/index.php?rest_route=%2Fwp%2Fv2%2Fcategories&post=264215"},{"taxonomy":"post_tag","embeddable":true,"href":"http:\/\/vertienteglobal.com\/index.php?rest_route=%2Fwp%2Fv2%2Ftags&post=264215"}],"curies":[{"name":"wp","href":"https:\/\/api.w.org\/{rel}","templated":true}]}}