{"id":264209,"date":"2026-08-26T15:36:00","date_gmt":"2026-08-26T20:36:00","guid":{"rendered":"http:\/\/vertienteglobal.com\/?p=264209"},"modified":"2026-08-27T08:00:16","modified_gmt":"2026-08-27T13:00:16","slug":"transformate-profesionaliza-100-productos-yucatecos-para-mejorar-su-competitividad","status":"publish","type":"post","link":"http:\/\/vertienteglobal.com\/?p=264209","title":{"rendered":"Transf\u00f3rmaTe profesionaliza 100 productos yucatecos para mejorar su competitividad"},"content":{"rendered":"\n<div class=\"twitterbutton\" style=\"float: right; padding-left: 5px;\"><a href=\"http:\/\/twitter.com\/share\" class=\"twitter-share-button\" data-count=\"horizontal\" data-text=\"Transf\u00f3rmaTe profesionaliza 100 productos yucatecos para mejorar su competitivi...\" data-via=\"https:\/\/twitter.com\/VertienteGloba1\" data-url=\"http:\/\/vertienteglobal.com\/?p=264209\" data-lang=\"es\" data-related=\"Informaci\u00f3n general:S\u00edguenos para que est\u00e9ss informado\"><\/a><\/div>\n<figure class=\"wp-block-image size-large\"><img loading=\"lazy\" decoding=\"async\" width=\"1024\" height=\"682\" src=\"http:\/\/vertienteglobal.com\/wp-content\/uploads\/2026\/08\/1001522262-1024x682.jpg\" alt=\"\" class=\"wp-image-264210\" srcset=\"http:\/\/vertienteglobal.com\/wp-content\/uploads\/2026\/08\/1001522262-1024x682.jpg 1024w, http:\/\/vertienteglobal.com\/wp-content\/uploads\/2026\/08\/1001522262-300x200.jpg 300w, http:\/\/vertienteglobal.com\/wp-content\/uploads\/2026\/08\/1001522262-150x100.jpg 150w, http:\/\/vertienteglobal.com\/wp-content\/uploads\/2026\/08\/1001522262-768x512.jpg 768w, http:\/\/vertienteglobal.com\/wp-content\/uploads\/2026\/08\/1001522262-1536x1024.jpg 1536w, http:\/\/vertienteglobal.com\/wp-content\/uploads\/2026\/08\/1001522262-2048x1365.jpg 2048w\" sizes=\"auto, (max-width: 1024px) 100vw, 1024px\" \/><\/figure>\n\n\n\n<p>(Redacci\u00f3n)<\/p>\n\n\n\n<p><em>El programa del IYEM brind\u00f3 capacitaci\u00f3n y acompa\u00f1amiento especializado a emprendedoras y emprendedores, con \u00e9nfasis en calidad, dise\u00f1o, comercializaci\u00f3n y cumplimiento normativo<\/em><\/p>\n\n\n\n<p>M\u00e9rida, Yucat\u00e1n, 26 de agosto 2026.-Con la profesionalizaci\u00f3n de 100 productos yucatecos concluy\u00f3 el programa Transf\u00f3rmaTe 2025, que impulsa el Instituto Yucateco de Emprendedores (IYEM), mediante capacitaci\u00f3n, asesor\u00eda y acompa\u00f1amiento especializado para mejorar la calidad, presentaci\u00f3n, diferenciaci\u00f3n y posicionamiento comercial de los proyectos participantes.<\/p>\n\n\n\n<p>Durante la ceremonia de clausura, realizada en el Gran Museo del Mundo Maya, el director general del IYEM, Salvador Vitelli Mac\u00edas, encabez\u00f3 el reconocimiento a emprendedoras y emprendedores que participaron en este proceso, acompa\u00f1ados por autoridades estatales, representantes empresariales, cadenas comerciales e integrantes del ecosistema emprendedor de Yucat\u00e1n.<\/p>\n\n\n\n<p>En su intervenci\u00f3n, Vitelli Mac\u00edas destac\u00f3 que estas acciones responden a la instrucci\u00f3n del Gobernador Joaqu\u00edn D\u00edaz Mena de brindar a quienes emprenden herramientas pr\u00e1cticas y acompa\u00f1amiento especializado, para que puedan desarrollar sus proyectos en mejores condiciones y abrir nuevas oportunidades de crecimiento.<\/p>\n\n\n\n<p>El titular del IYEM detall\u00f3 que muchos de los productos de las y los emprendedores graduados estar\u00e1n disponibles en las tiendas Herencia Viva, lo que representa una oportunidad para acercar sus propuestas a nuevos p\u00fablicos y ampliar sus canales de comercializaci\u00f3n.<\/p>\n\n\n\n<p>Durante el evento, la emprendedora Azalea Concepci\u00f3n Santos Leal comparti\u00f3 el proceso vivido por su generaci\u00f3n, marcado por el deseo de crecer, profesionalizar sus negocios y llevar sus productos a otro nivel.<\/p>\n\n\n\n<p>La participante relat\u00f3 que lleg\u00f3 un momento en el que se pregunt\u00f3 qu\u00e9 necesitaba para hacer crecer su negocio, y esa inquietud la llev\u00f3 al IYEM, a trav\u00e9s del programa Transf\u00f3rmaTe.<\/p>\n\n\n\n<p>\u201cEste programa represent\u00f3 m\u00e1s que capacitaci\u00f3n; nos llev\u00f3 a detenernos por un momento, mirar nuestros negocios desde otra perspectiva y reconocer que, aunque ten\u00edamos experiencia y pasi\u00f3n por lo que hac\u00edamos, tambi\u00e9n necesit\u00e1bamos profesionalizarlos\u201d, afirm\u00f3.<\/p>\n\n\n\n<p>Durante este proceso, las personas graduadas recibieron herramientas, asesor\u00edas y acompa\u00f1amiento para identificar \u00e1reas de oportunidad, tomar decisiones clave, enfocarse en su plan de negocios y mirar hacia nuevos mercados.<\/p>\n\n\n\n<p>Como resultado del programa, se transformaron 100 productos, de los cuales 70 corresponden a alimentos y bebidas no alcoh\u00f3licas, 20 a cosm\u00e9ticos y 10 a bebidas alcoh\u00f3licas.<\/p>\n\n\n\n<p>El programa tambi\u00e9n permiti\u00f3 incorporar herramientas y procesos orientados a elevar la competitividad de los productos, entre ellos estudios de laboratorio, c\u00f3digo de barras, dise\u00f1o de marca, empaque funcional y etiquetado certificado conforme a la normativa aplicable.<\/p>\n\n\n\n<p>Con estos elementos, los proyectos participantes cuentan con mejores condiciones para su comercializaci\u00f3n y eventual vinculaci\u00f3n con cadenas locales y grandes empresas.<\/p>\n\n\n\n<p>Uno de los principales resultados de Transf\u00f3rmaTe fue su alcance m\u00e1s all\u00e1 de M\u00e9rida, ya que el 40% de los emprendimientos participantes provino del interior del estado, como resultado de la difusi\u00f3n de los programas a trav\u00e9s de los hubs de emprendimiento.<\/p>\n\n\n\n<p>Asimismo, el 69.5% de las personas participantes fueron mujeres, lo que refleja su presencia y contribuci\u00f3n dentro del ecosistema emprendedor yucateco, as\u00ed como su capacidad para generar ingresos y aportar al bienestar de sus familias y comunidades.<\/p>\n\n\n\n<p>En la ceremonia participaron tambi\u00e9n el presidente de Coparmex, David Reyes Aguiar; el subsecretario de Inversi\u00f3n, Comercio e Industria de la Secretar\u00eda de Econom\u00eda y Trabajo (SETY), Roger G\u00f3ngora Garc\u00eda; la supervisora de la Oficina Regional Sureste del Instituto Mexicano de la Propiedad Industrial, Mayra Patricia Mendoza Urcelay; la integrante del Consejo de la Canirac, B\u00e1rbara Gordillo, y el presidente del Comit\u00e9 de Escuelas de la Canaco, Eduardo Ur\u00edas Escalante.<\/p>\n\n\n\n<figure class=\"wp-block-image size-large\"><img loading=\"lazy\" decoding=\"async\" width=\"1024\" height=\"682\" src=\"http:\/\/vertienteglobal.com\/wp-content\/uploads\/2026\/08\/1001522263-1024x682.jpg\" alt=\"\" class=\"wp-image-264211\" srcset=\"http:\/\/vertienteglobal.com\/wp-content\/uploads\/2026\/08\/1001522263-1024x682.jpg 1024w, http:\/\/vertienteglobal.com\/wp-content\/uploads\/2026\/08\/1001522263-300x200.jpg 300w, http:\/\/vertienteglobal.com\/wp-content\/uploads\/2026\/08\/1001522263-150x100.jpg 150w, http:\/\/vertienteglobal.com\/wp-content\/uploads\/2026\/08\/1001522263-768x512.jpg 768w, http:\/\/vertienteglobal.com\/wp-content\/uploads\/2026\/08\/1001522263-1536x1024.jpg 1536w, http:\/\/vertienteglobal.com\/wp-content\/uploads\/2026\/08\/1001522263-2048x1365.jpg 2048w\" sizes=\"auto, (max-width: 1024px) 100vw, 1024px\" \/><\/figure>\n\n\n\n<figure class=\"wp-block-image size-large\"><img loading=\"lazy\" decoding=\"async\" width=\"1024\" height=\"682\" src=\"http:\/\/vertienteglobal.com\/wp-content\/uploads\/2026\/08\/1001522264-1024x682.jpg\" alt=\"\" class=\"wp-image-264212\" srcset=\"http:\/\/vertienteglobal.com\/wp-content\/uploads\/2026\/08\/1001522264-1024x682.jpg 1024w, http:\/\/vertienteglobal.com\/wp-content\/uploads\/2026\/08\/1001522264-300x200.jpg 300w, http:\/\/vertienteglobal.com\/wp-content\/uploads\/2026\/08\/1001522264-150x100.jpg 150w, http:\/\/vertienteglobal.com\/wp-content\/uploads\/2026\/08\/1001522264-768x512.jpg 768w, http:\/\/vertienteglobal.com\/wp-content\/uploads\/2026\/08\/1001522264-1536x1024.jpg 1536w, http:\/\/vertienteglobal.com\/wp-content\/uploads\/2026\/08\/1001522264-2048x1365.jpg 2048w\" sizes=\"auto, (max-width: 1024px) 100vw, 1024px\" \/><\/figure>\n\n\n\n<figure class=\"wp-block-image size-large\"><img loading=\"lazy\" decoding=\"async\" width=\"1024\" height=\"682\" src=\"http:\/\/vertienteglobal.com\/wp-content\/uploads\/2026\/08\/1001522265-1024x682.jpg\" alt=\"\" class=\"wp-image-264213\" srcset=\"http:\/\/vertienteglobal.com\/wp-content\/uploads\/2026\/08\/1001522265-1024x682.jpg 1024w, http:\/\/vertienteglobal.com\/wp-content\/uploads\/2026\/08\/1001522265-300x200.jpg 300w, http:\/\/vertienteglobal.com\/wp-content\/uploads\/2026\/08\/1001522265-150x100.jpg 150w, http:\/\/vertienteglobal.com\/wp-content\/uploads\/2026\/08\/1001522265-768x512.jpg 768w, http:\/\/vertienteglobal.com\/wp-content\/uploads\/2026\/08\/1001522265-1536x1024.jpg 1536w, http:\/\/vertienteglobal.com\/wp-content\/uploads\/2026\/08\/1001522265-2048x1365.jpg 2048w\" sizes=\"auto, (max-width: 1024px) 100vw, 1024px\" \/><\/figure>\n","protected":false},"excerpt":{"rendered":"<p>(Redacci\u00f3n) El programa del IYEM brind\u00f3 capacitaci\u00f3n y acompa\u00f1amiento especializado a emprendedoras y emprendedores, con \u00e9nfasis en calidad, dise\u00f1o, comercializaci\u00f3n y cumplimiento normativo M\u00e9rida, Yucat\u00e1n, 26 de agosto 2026.-Con la profesionalizaci\u00f3n de 100 productos yucatecos concluy\u00f3 el programa Transf\u00f3rmaTe 2025, que impulsa el Instituto Yucateco de Emprendedores (IYEM), mediante capacitaci\u00f3n, asesor\u00eda y acompa\u00f1amiento especializado para [&hellip;]<\/p>\n","protected":false},"author":6,"featured_media":264210,"comment_status":"open","ping_status":"open","sticky":false,"template":"","format":"standard","meta":{"footnotes":""},"categories":[2],"tags":[],"class_list":["post-264209","post","type-post","status-publish","format-standard","has-post-thumbnail","hentry","category-yucatan","entry","has-media"],"jetpack_featured_media_url":"http:\/\/vertienteglobal.com\/wp-content\/uploads\/2026\/08\/1001522262.jpg","_links":{"self":[{"href":"http:\/\/vertienteglobal.com\/index.php?rest_route=\/wp\/v2\/posts\/264209","targetHints":{"allow":["GET"]}}],"collection":[{"href":"http:\/\/vertienteglobal.com\/index.php?rest_route=\/wp\/v2\/posts"}],"about":[{"href":"http:\/\/vertienteglobal.com\/index.php?rest_route=\/wp\/v2\/types\/post"}],"author":[{"embeddable":true,"href":"http:\/\/vertienteglobal.com\/index.php?rest_route=\/wp\/v2\/users\/6"}],"replies":[{"embeddable":true,"href":"http:\/\/vertienteglobal.com\/index.php?rest_route=%2Fwp%2Fv2%2Fcomments&post=264209"}],"version-history":[{"count":1,"href":"http:\/\/vertienteglobal.com\/index.php?rest_route=\/wp\/v2\/posts\/264209\/revisions"}],"predecessor-version":[{"id":264214,"href":"http:\/\/vertienteglobal.com\/index.php?rest_route=\/wp\/v2\/posts\/264209\/revisions\/264214"}],"wp:featuredmedia":[{"embeddable":true,"href":"http:\/\/vertienteglobal.com\/index.php?rest_route=\/wp\/v2\/media\/264210"}],"wp:attachment":[{"href":"http:\/\/vertienteglobal.com\/index.php?rest_route=%2Fwp%2Fv2%2Fmedia&parent=264209"}],"wp:term":[{"taxonomy":"category","embeddable":true,"href":"http:\/\/vertienteglobal.com\/index.php?rest_route=%2Fwp%2Fv2%2Fcategories&post=264209"},{"taxonomy":"post_tag","embeddable":true,"href":"http:\/\/vertienteglobal.com\/index.php?rest_route=%2Fwp%2Fv2%2Ftags&post=264209"}],"curies":[{"name":"wp","href":"https:\/\/api.w.org\/{rel}","templated":true}]}}