{"id":264195,"date":"2026-08-26T20:26:00","date_gmt":"2026-08-27T01:26:00","guid":{"rendered":"http:\/\/vertienteglobal.com\/?p=264195"},"modified":"2026-08-27T07:50:55","modified_gmt":"2026-08-27T12:50:55","slug":"mas-de-400-oportunidades-de-empleo-formal-para-las-juventudes-de-yucatan","status":"publish","type":"post","link":"http:\/\/vertienteglobal.com\/?p=264195","title":{"rendered":"M\u00e1s de 400 oportunidades de empleo formal para las juventudes de Yucat\u00e1n"},"content":{"rendered":"\n<div class=\"twitterbutton\" style=\"float: right; padding-left: 5px;\"><a href=\"http:\/\/twitter.com\/share\" class=\"twitter-share-button\" data-count=\"horizontal\" data-text=\"M\u00e1s de 400 oportunidades de empleo formal para las juventudes de Yucat\u00e1n\" data-via=\"https:\/\/twitter.com\/VertienteGloba1\" data-url=\"http:\/\/vertienteglobal.com\/?p=264195\" data-lang=\"es\" data-related=\"Informaci\u00f3n general:S\u00edguenos para que est\u00e9ss informado\"><\/a><\/div>\n<figure class=\"wp-block-image size-large\"><img loading=\"lazy\" decoding=\"async\" width=\"1024\" height=\"682\" src=\"http:\/\/vertienteglobal.com\/wp-content\/uploads\/2026\/08\/1001522235-1024x682.jpg\" alt=\"\" class=\"wp-image-264196\" srcset=\"http:\/\/vertienteglobal.com\/wp-content\/uploads\/2026\/08\/1001522235-1024x682.jpg 1024w, http:\/\/vertienteglobal.com\/wp-content\/uploads\/2026\/08\/1001522235-300x200.jpg 300w, http:\/\/vertienteglobal.com\/wp-content\/uploads\/2026\/08\/1001522235-150x100.jpg 150w, http:\/\/vertienteglobal.com\/wp-content\/uploads\/2026\/08\/1001522235-768x512.jpg 768w, http:\/\/vertienteglobal.com\/wp-content\/uploads\/2026\/08\/1001522235-1536x1024.jpg 1536w, http:\/\/vertienteglobal.com\/wp-content\/uploads\/2026\/08\/1001522235-2048x1365.jpg 2048w\" sizes=\"auto, (max-width: 1024px) 100vw, 1024px\" \/><\/figure>\n\n\n\n<p>(Redacci\u00f3n)<\/p>\n\n\n\n<p><em>La Feria Nacional de Empleo para las Juventudes 2026 reuni\u00f3 a m\u00e1s de 40 empresas con vacantes de distintos perfiles, todas con prestaciones de ley y salarios de hasta 30 mil pesos mensuales<\/em><\/p>\n\n\n\n<p>M\u00e9rida, Yucat\u00e1n,26 de agosto 2026.-Con m\u00e1s de 400 vacantes formales ofertadas por 41 empresas, se llev\u00f3 a cabo con \u00e9xito la Feria Nacional de Empleo para las Juventudes 2026, acercando a las y los j\u00f3venes oportunidades para incorporarse al mercado laboral, desarrollar su talento y construir un futuro con mayor estabilidad y bienestar.<\/p>\n\n\n\n<p>La jornada, que se realiz\u00f3 en el Centro de Convenciones y Exposiciones Yucat\u00e1n Siglo XXI, sal\u00f3n Chich\u00e9n Itz\u00e1 1, permiti\u00f3 vincular directamente a personas buscadoras de empleo con empresas de diversos giros que requieren talento para puestos administrativos, operativos, t\u00e9cnicos y profesionales.<\/p>\n\n\n\n<p>A trav\u00e9s de la Secretar\u00eda de Econom\u00eda y Trabajo (SETY) y el Servicio Nacional de Empleo Yucat\u00e1n (SNEY), se ofertaron oportunidades para distintos niveles de escolaridad, desde primaria y secundaria hasta carrera t\u00e9cnica y nivel profesional, con salarios de hasta 30 mil pesos mensuales y todas las prestaciones establecidas por la ley.<\/p>\n\n\n\n<p>En representaci\u00f3n del secretario de Econom\u00eda y Trabajo, Ermilo Barrera Novelo, el subsecretario del Trabajo, Luis Enrique Borjas Romero, destac\u00f3 que el objetivo del Gobierno del Estado es acercar las oportunidades a las juventudes y generar las condiciones para que se desarrollen profesionalmente salir de Yucat\u00e1n.<\/p>\n\n\n\n<p>\u201cEn Yucat\u00e1n hay oportunidades para nuestras juventudes. Estamos trabajando para acercarlas a quienes tienen el talento, la preparaci\u00f3n y las ganas de salir adelante. Queremos que encuentren oportunidades en su propia tierra y que el crecimiento econ\u00f3mico se traduzca en bienestar y en un desarrollo cada vez m\u00e1s justo, incluyente y productivo\u201d, se\u00f1al\u00f3.<\/p>\n\n\n\n<p>El objetivo es que las juventudes no solamente encuentren una oportunidad de trabajo, sino que accedan a empleos formales que les brinden seguridad social, prestaciones, estabilidad y posibilidades de crecimiento, fortaleciendo al mismo tiempo su autonom\u00eda econ\u00f3mica y calidad de vida.<\/p>\n\n\n\n<p>En este sentido, la secretaria de las Juventudes, Carla Margarita Couoh Cuevas, destac\u00f3 la importancia de generar oportunidades laborales que permitan a las nuevas generaciones construir un proyecto de vida digno en su propio estado, al se\u00f1alar que cuando una persona joven encuentra una oportunidad no solamente transforma su historia, sino tambi\u00e9n la de su familia, su comunidad y la de Yucat\u00e1n.<\/p>\n\n\n\n<p>Por su parte, el director del Servicio Nacional de Empleo Yucat\u00e1n, Omar \u00c1lvarez Moguel, destac\u00f3 que la feria permite acercar a las juventudes directamente con las empresas que buscan talento y acompa\u00f1arlas en sus primeros pasos en el mundo laboral. Subray\u00f3 que, mediante el trabajo coordinado entre el Gobierno del Estado y el sector productivo, se abren oportunidades reales de empleo que permiten a las y los j\u00f3venes iniciar una trayectoria profesional, fortalecer a sus familias y construir su proyecto de vida en Yucat\u00e1n.<\/p>\n\n\n\n<p>La Feria Nacional de Empleo para las Juventudes forma parte de una estrategia m\u00e1s amplia para llevar las oportunidades laborales cada vez m\u00e1s cerca de la gente, mediante ferias nacionales, Ferias de Econom\u00eda y Empleo en colonias, municipios y comisar\u00edas, as\u00ed como espacios permanentes de vinculaci\u00f3n y reclutamiento.<\/p>\n\n\n\n<p>De esta manera, el Gobierno del Renacimiento Maya fortalece el v\u00ednculo entre el talento yucateco y las necesidades de las empresas, facilitando los procesos de contrataci\u00f3n y acercando alternativas laborales a quienes buscan su primer empleo, una nueva oportunidad o mejores condiciones para continuar su desarrollo profesional.<\/p>\n\n\n\n<p>Durante la jornada tambi\u00e9n se imparti\u00f3 el taller \u201cImpulso Joven: Habilidades para un Empleo Justo e Inclusivo\u201d, dirigido a j\u00f3venes que enfrentan dificultades para incorporarse al mercado laboral, brind\u00e1ndoles orientaci\u00f3n y herramientas para fortalecer sus habilidades y mejorar sus posibilidades de contrataci\u00f3n.<\/p>\n\n\n\n<p>La realizaci\u00f3n de esta feria cobra especial relevancia ante un mercado laboral que demanda nuevos perfiles, capacidades y talento, por lo que la vinculaci\u00f3n directa entre empresas y juventudes permite atender las necesidades del sector productivo y, al mismo tiempo, abrir oportunidades para que las nuevas generaciones puedan incorporarse al empleo formal.<\/p>\n\n\n\n<p>En el acto inaugural estuvieron presentes tambi\u00e9n la directora general del Centro de Conciliaci\u00f3n Laboral, Mar\u00eda Fernanda Vivas Sierra; el vicepresidente de J\u00f3venes Empresarios del Consejo Coordinador Empresarial, Guillermo Vidal Seijo, en representaci\u00f3n de Enrique Molina Casares, presidente del CCE de Yucat\u00e1n; el gerente estatal de Financiera para el Bienestar, Julio C\u00e9sar Garc\u00eda Armijo, el director estatal del Fondo Nacional para el Consumo de los Trabajadores, Alfonso Miguel Thomassiny Azcona; y el director de Vinculaci\u00f3n y Seguimiento del programa J\u00f3venes Construyendo el Futuro en Yucat\u00e1n, Gonzalo Aguilar.<\/p>\n\n\n\n<figure class=\"wp-block-image size-large\"><img loading=\"lazy\" decoding=\"async\" width=\"1024\" height=\"682\" src=\"http:\/\/vertienteglobal.com\/wp-content\/uploads\/2026\/08\/1001522236-1024x682.jpg\" alt=\"\" class=\"wp-image-264197\" srcset=\"http:\/\/vertienteglobal.com\/wp-content\/uploads\/2026\/08\/1001522236-1024x682.jpg 1024w, http:\/\/vertienteglobal.com\/wp-content\/uploads\/2026\/08\/1001522236-300x200.jpg 300w, http:\/\/vertienteglobal.com\/wp-content\/uploads\/2026\/08\/1001522236-150x100.jpg 150w, http:\/\/vertienteglobal.com\/wp-content\/uploads\/2026\/08\/1001522236-768x512.jpg 768w, http:\/\/vertienteglobal.com\/wp-content\/uploads\/2026\/08\/1001522236-1536x1024.jpg 1536w, http:\/\/vertienteglobal.com\/wp-content\/uploads\/2026\/08\/1001522236-2048x1365.jpg 2048w\" sizes=\"auto, (max-width: 1024px) 100vw, 1024px\" \/><\/figure>\n\n\n\n<figure class=\"wp-block-image size-large\"><img loading=\"lazy\" decoding=\"async\" width=\"1024\" height=\"682\" src=\"http:\/\/vertienteglobal.com\/wp-content\/uploads\/2026\/08\/1001522237-1024x682.jpg\" alt=\"\" class=\"wp-image-264198\" srcset=\"http:\/\/vertienteglobal.com\/wp-content\/uploads\/2026\/08\/1001522237-1024x682.jpg 1024w, http:\/\/vertienteglobal.com\/wp-content\/uploads\/2026\/08\/1001522237-300x200.jpg 300w, http:\/\/vertienteglobal.com\/wp-content\/uploads\/2026\/08\/1001522237-150x100.jpg 150w, http:\/\/vertienteglobal.com\/wp-content\/uploads\/2026\/08\/1001522237-768x512.jpg 768w, http:\/\/vertienteglobal.com\/wp-content\/uploads\/2026\/08\/1001522237-1536x1024.jpg 1536w, http:\/\/vertienteglobal.com\/wp-content\/uploads\/2026\/08\/1001522237-2048x1365.jpg 2048w\" sizes=\"auto, (max-width: 1024px) 100vw, 1024px\" \/><\/figure>\n\n\n\n<figure class=\"wp-block-image size-large\"><img loading=\"lazy\" decoding=\"async\" width=\"1024\" height=\"682\" src=\"http:\/\/vertienteglobal.com\/wp-content\/uploads\/2026\/08\/1001522238-1024x682.jpg\" alt=\"\" class=\"wp-image-264199\" srcset=\"http:\/\/vertienteglobal.com\/wp-content\/uploads\/2026\/08\/1001522238-1024x682.jpg 1024w, http:\/\/vertienteglobal.com\/wp-content\/uploads\/2026\/08\/1001522238-300x200.jpg 300w, http:\/\/vertienteglobal.com\/wp-content\/uploads\/2026\/08\/1001522238-150x100.jpg 150w, http:\/\/vertienteglobal.com\/wp-content\/uploads\/2026\/08\/1001522238-768x512.jpg 768w, http:\/\/vertienteglobal.com\/wp-content\/uploads\/2026\/08\/1001522238-1536x1024.jpg 1536w, http:\/\/vertienteglobal.com\/wp-content\/uploads\/2026\/08\/1001522238-2048x1365.jpg 2048w\" sizes=\"auto, (max-width: 1024px) 100vw, 1024px\" \/><\/figure>\n","protected":false},"excerpt":{"rendered":"<p>(Redacci\u00f3n) La Feria Nacional de Empleo para las Juventudes 2026 reuni\u00f3 a m\u00e1s de 40 empresas con vacantes de distintos perfiles, todas con prestaciones de ley y salarios de hasta 30 mil pesos mensuales M\u00e9rida, Yucat\u00e1n,26 de agosto 2026.-Con m\u00e1s de 400 vacantes formales ofertadas por 41 empresas, se llev\u00f3 a cabo con \u00e9xito la [&hellip;]<\/p>\n","protected":false},"author":6,"featured_media":264196,"comment_status":"open","ping_status":"open","sticky":false,"template":"","format":"standard","meta":{"footnotes":""},"categories":[2],"tags":[],"class_list":["post-264195","post","type-post","status-publish","format-standard","has-post-thumbnail","hentry","category-yucatan","entry","has-media"],"jetpack_featured_media_url":"http:\/\/vertienteglobal.com\/wp-content\/uploads\/2026\/08\/1001522235.jpg","_links":{"self":[{"href":"http:\/\/vertienteglobal.com\/index.php?rest_route=\/wp\/v2\/posts\/264195","targetHints":{"allow":["GET"]}}],"collection":[{"href":"http:\/\/vertienteglobal.com\/index.php?rest_route=\/wp\/v2\/posts"}],"about":[{"href":"http:\/\/vertienteglobal.com\/index.php?rest_route=\/wp\/v2\/types\/post"}],"author":[{"embeddable":true,"href":"http:\/\/vertienteglobal.com\/index.php?rest_route=\/wp\/v2\/users\/6"}],"replies":[{"embeddable":true,"href":"http:\/\/vertienteglobal.com\/index.php?rest_route=%2Fwp%2Fv2%2Fcomments&post=264195"}],"version-history":[{"count":1,"href":"http:\/\/vertienteglobal.com\/index.php?rest_route=\/wp\/v2\/posts\/264195\/revisions"}],"predecessor-version":[{"id":264200,"href":"http:\/\/vertienteglobal.com\/index.php?rest_route=\/wp\/v2\/posts\/264195\/revisions\/264200"}],"wp:featuredmedia":[{"embeddable":true,"href":"http:\/\/vertienteglobal.com\/index.php?rest_route=\/wp\/v2\/media\/264196"}],"wp:attachment":[{"href":"http:\/\/vertienteglobal.com\/index.php?rest_route=%2Fwp%2Fv2%2Fmedia&parent=264195"}],"wp:term":[{"taxonomy":"category","embeddable":true,"href":"http:\/\/vertienteglobal.com\/index.php?rest_route=%2Fwp%2Fv2%2Fcategories&post=264195"},{"taxonomy":"post_tag","embeddable":true,"href":"http:\/\/vertienteglobal.com\/index.php?rest_route=%2Fwp%2Fv2%2Ftags&post=264195"}],"curies":[{"name":"wp","href":"https:\/\/api.w.org\/{rel}","templated":true}]}}