{"id":264174,"date":"2026-08-25T15:50:00","date_gmt":"2026-08-25T20:50:00","guid":{"rendered":"http:\/\/vertienteglobal.com\/?p=264174"},"modified":"2026-08-26T00:54:49","modified_gmt":"2026-08-26T05:54:49","slug":"pablo-gutierrez-lazarus-coordinador-estatal-de-la-defensa-de-la-transformacion-y-la-soberania-nacional-en-campeche","status":"publish","type":"post","link":"http:\/\/vertienteglobal.com\/?p=264174","title":{"rendered":"Pablo Guti\u00e9rrez Lazarus Coordinador Estatal de la Defensa de la Transformaci\u00f3n y la Soberan\u00eda Nacional en Campeche"},"content":{"rendered":"\n<div class=\"twitterbutton\" style=\"float: right; padding-left: 5px;\"><a href=\"http:\/\/twitter.com\/share\" class=\"twitter-share-button\" data-count=\"horizontal\" data-text=\"Pablo Guti\u00e9rrez Lazarus Coordinador Estatal de la Defensa de la Transformaci\u00f3n...\" data-via=\"https:\/\/twitter.com\/VertienteGloba1\" data-url=\"http:\/\/vertienteglobal.com\/?p=264174\" data-lang=\"es\" data-related=\"Informaci\u00f3n general:S\u00edguenos para que est\u00e9ss informado\"><\/a><\/div>\n<figure class=\"wp-block-image size-large\"><img loading=\"lazy\" decoding=\"async\" width=\"1024\" height=\"647\" src=\"http:\/\/vertienteglobal.com\/wp-content\/uploads\/2026\/08\/1001518781-1024x647.jpg\" alt=\"\" class=\"wp-image-264175\" srcset=\"http:\/\/vertienteglobal.com\/wp-content\/uploads\/2026\/08\/1001518781-1024x647.jpg 1024w, http:\/\/vertienteglobal.com\/wp-content\/uploads\/2026\/08\/1001518781-300x190.jpg 300w, http:\/\/vertienteglobal.com\/wp-content\/uploads\/2026\/08\/1001518781-150x95.jpg 150w, http:\/\/vertienteglobal.com\/wp-content\/uploads\/2026\/08\/1001518781-768x485.jpg 768w, http:\/\/vertienteglobal.com\/wp-content\/uploads\/2026\/08\/1001518781-1536x970.jpg 1536w, http:\/\/vertienteglobal.com\/wp-content\/uploads\/2026\/08\/1001518781.jpg 2042w\" sizes=\"auto, (max-width: 1024px) 100vw, 1024px\" \/><\/figure>\n\n\n\n<p>(Redacci\u00f3n)<\/p>\n\n\n\n<p>Morena afirm\u00f3 que la organizaci\u00f3n de nuestro movimiento se fortalece en #Campeche con Pablo Guti\u00e9rrez Lazarus como<\/p>\n\n\n\n<p>Cerca del pueblo, seguiremos trabajando para dar continuidad y fortalecer la Transformaci\u00f3n en el estado.<\/p>\n\n\n\n<p>Ciudad de M\u00e9xico 25 de agosto de 2026.- El presidente municipal con Licencia de Carmen, Campeche, Pablo Guti\u00e9rrez Lazarus, fue nombrado por el Partido Morena como el Coordinador Estatal de la Cuarta Transformaci\u00f3n de Campeche.<\/p>\n\n\n\n<p>Luego de su nombramiento, env\u00edo un mensaje al Pueblo de Campeche;<\/p>\n\n\n\n<p>Con mucho honor me encuentro ante ustedes.<\/p>\n\n\n\n<p>Para m\u00ed es motivo de orgullo e inspiraci\u00f3n encabezar los trabajos de la Cuarta Transformaci\u00f3n en el Estado de Campeche.<\/p>\n\n\n\n<p>A todos los habitantes de Carmen y todos los municipios que ir\u00e9 visitando, recorriendo y conociendo a todas y todos los compa\u00f1eros de Morena, Fundadores , inspiradores a la dirigencia Nacional del Partido a los medios seguir trabajando como siempre de la mano de la gente, de la mano del pueblo.<\/p>\n\n\n\n<p>Tenemos la convicci\u00f3n que es la \u00fanica manera en la cual podemos no solamente informar, percibir, y sentir al pueblo, sino tambi\u00e9n tomar las mejores decisiones.<\/p>\n\n\n\n<p>Son tiempos de conciliacion en el estado de Campeche, de reconciliaci\u00f3n tambi\u00e9n en el estado de Campeche.<\/p>\n\n\n\n<p>De demostrar la miras de alturas que traemos, respetando y reconociendo siempre est\u00e1 trayectoria que trae nuestra gobernadora Layda Sansores y tambi\u00e9n, sin duda alguna aprovechar este momento hist\u00f3rico que est\u00e1 viviendo nuestro pa\u00eds, principalmente la regi\u00f3n Sur sureste con nuestro presidente Andr\u00e9s Manuel L\u00f3pez Obras con el Tren Maya, y todo lo que se ha ido detonado en la zona.<\/p>\n\n\n\n<p>Y hoy en d\u00eda con nuestra entereza y amor al pueblo que todos los d\u00edas nos inculca y nos demuestra la PresidentA Claudia Sheinbaum Pardo, seremos aliados constantes y firmes, dispuestos a contribuir en esta Cuarta Transformaci\u00f3n en el estado de Campeche.<\/p>\n\n\n\n<p>No me queda m\u00e1s que agradecer al pueblo de Campeche, y nos estaremos viendo , como siempre nos gusta, trabajando, visitando, recorriendo, dialogando, platicando a todos, a todos y lo saben en mi municipio.<\/p>\n\n\n\n<p>Esto apenas empieza, y el \u00e1nimo del pueblo sin duda alguna lo hemos vivido en las Asamblea y est\u00e1 para dar mucho m\u00e1s de lo que se ha hecho.<\/p>\n\n\n\n<figure class=\"wp-block-image size-large\"><img loading=\"lazy\" decoding=\"async\" width=\"1024\" height=\"651\" src=\"http:\/\/vertienteglobal.com\/wp-content\/uploads\/2026\/08\/1001518785-1024x651.jpg\" alt=\"\" class=\"wp-image-264176\" srcset=\"http:\/\/vertienteglobal.com\/wp-content\/uploads\/2026\/08\/1001518785-1024x651.jpg 1024w, http:\/\/vertienteglobal.com\/wp-content\/uploads\/2026\/08\/1001518785-300x191.jpg 300w, http:\/\/vertienteglobal.com\/wp-content\/uploads\/2026\/08\/1001518785-150x95.jpg 150w, http:\/\/vertienteglobal.com\/wp-content\/uploads\/2026\/08\/1001518785-768x488.jpg 768w, http:\/\/vertienteglobal.com\/wp-content\/uploads\/2026\/08\/1001518785-1536x977.jpg 1536w, http:\/\/vertienteglobal.com\/wp-content\/uploads\/2026\/08\/1001518785.jpg 2047w\" sizes=\"auto, (max-width: 1024px) 100vw, 1024px\" \/><\/figure>\n\n\n\n<figure class=\"wp-block-image size-large\"><img loading=\"lazy\" decoding=\"async\" width=\"1024\" height=\"643\" src=\"http:\/\/vertienteglobal.com\/wp-content\/uploads\/2026\/08\/1001518787-1024x643.jpg\" alt=\"\" class=\"wp-image-264177\" srcset=\"http:\/\/vertienteglobal.com\/wp-content\/uploads\/2026\/08\/1001518787-1024x643.jpg 1024w, http:\/\/vertienteglobal.com\/wp-content\/uploads\/2026\/08\/1001518787-300x188.jpg 300w, http:\/\/vertienteglobal.com\/wp-content\/uploads\/2026\/08\/1001518787-150x94.jpg 150w, http:\/\/vertienteglobal.com\/wp-content\/uploads\/2026\/08\/1001518787-768x482.jpg 768w, http:\/\/vertienteglobal.com\/wp-content\/uploads\/2026\/08\/1001518787-1536x965.jpg 1536w, http:\/\/vertienteglobal.com\/wp-content\/uploads\/2026\/08\/1001518787.jpg 2047w\" sizes=\"auto, (max-width: 1024px) 100vw, 1024px\" \/><\/figure>\n\n\n\n<figure class=\"wp-block-image size-large\"><img loading=\"lazy\" decoding=\"async\" width=\"1024\" height=\"561\" src=\"http:\/\/vertienteglobal.com\/wp-content\/uploads\/2026\/08\/1001518786-1024x561.jpg\" alt=\"\" class=\"wp-image-264178\" srcset=\"http:\/\/vertienteglobal.com\/wp-content\/uploads\/2026\/08\/1001518786-1024x561.jpg 1024w, http:\/\/vertienteglobal.com\/wp-content\/uploads\/2026\/08\/1001518786-300x164.jpg 300w, http:\/\/vertienteglobal.com\/wp-content\/uploads\/2026\/08\/1001518786-150x82.jpg 150w, http:\/\/vertienteglobal.com\/wp-content\/uploads\/2026\/08\/1001518786-768x420.jpg 768w, http:\/\/vertienteglobal.com\/wp-content\/uploads\/2026\/08\/1001518786-1536x841.jpg 1536w, http:\/\/vertienteglobal.com\/wp-content\/uploads\/2026\/08\/1001518786.jpg 1600w\" sizes=\"auto, (max-width: 1024px) 100vw, 1024px\" \/><\/figure>\n\n\n\n<figure class=\"wp-block-embed is-type-rich is-provider-x wp-block-embed-x\"><div class=\"wp-block-embed__wrapper\">\n<div class=\"oceanwp-oembed-wrap clr\"><div class=\"embed-x\"><blockquote class=\"twitter-tweet\" data-width=\"550\" data-dnt=\"true\"><p lang=\"es\" dir=\"ltr\">Pablo Guti\u00e9rrez Lazarus Coordinador Estatal de la Defensa de la Transformaci\u00f3n y la Soberan\u00eda Nacional en Campeche <br><br>Morena afirm\u00f3 que la organizaci\u00f3n de nuestro movimiento se fortalece en <a href=\"https:\/\/x.com\/hashtag\/Campeche?src=hash&amp;ref_src=twsrc%5Etfw\">#Campeche<\/a> con Pablo Guti\u00e9rrez Lazarus como <br><br>Cerca del pueblo, seguiremos trabajando para\u2026 <a href=\"https:\/\/t.co\/CnCqa32E8A\">pic.twitter.com\/CnCqa32E8A<\/a><\/p>&mdash; vertienteglobal.com (@VertienteGloba1) <a href=\"https:\/\/x.com\/VertienteGloba1\/status\/2092485113741267383?ref_src=twsrc%5Etfw\">August 26, 2026<\/a><\/blockquote><script async src=\"https:\/\/platform.x.com\/widgets.js\" charset=\"utf-8\"><\/script><\/div><\/div>\n<\/div><\/figure>\n","protected":false},"excerpt":{"rendered":"<p>(Redacci\u00f3n) Morena afirm\u00f3 que la organizaci\u00f3n de nuestro movimiento se fortalece en #Campeche con Pablo Guti\u00e9rrez Lazarus como Cerca del pueblo, seguiremos trabajando para dar continuidad y fortalecer la Transformaci\u00f3n en el estado. Ciudad de M\u00e9xico 25 de agosto de 2026.- El presidente municipal con Licencia de Carmen, Campeche, Pablo Guti\u00e9rrez Lazarus, fue nombrado por [&hellip;]<\/p>\n","protected":false},"author":6,"featured_media":264176,"comment_status":"open","ping_status":"open","sticky":false,"template":"","format":"standard","meta":{"footnotes":""},"categories":[4,8],"tags":[],"class_list":["post-264174","post","type-post","status-publish","format-standard","has-post-thumbnail","hentry","category-campeche","category-pais","entry","has-media"],"jetpack_featured_media_url":"http:\/\/vertienteglobal.com\/wp-content\/uploads\/2026\/08\/1001518785.jpg","_links":{"self":[{"href":"http:\/\/vertienteglobal.com\/index.php?rest_route=\/wp\/v2\/posts\/264174","targetHints":{"allow":["GET"]}}],"collection":[{"href":"http:\/\/vertienteglobal.com\/index.php?rest_route=\/wp\/v2\/posts"}],"about":[{"href":"http:\/\/vertienteglobal.com\/index.php?rest_route=\/wp\/v2\/types\/post"}],"author":[{"embeddable":true,"href":"http:\/\/vertienteglobal.com\/index.php?rest_route=\/wp\/v2\/users\/6"}],"replies":[{"embeddable":true,"href":"http:\/\/vertienteglobal.com\/index.php?rest_route=%2Fwp%2Fv2%2Fcomments&post=264174"}],"version-history":[{"count":1,"href":"http:\/\/vertienteglobal.com\/index.php?rest_route=\/wp\/v2\/posts\/264174\/revisions"}],"predecessor-version":[{"id":264179,"href":"http:\/\/vertienteglobal.com\/index.php?rest_route=\/wp\/v2\/posts\/264174\/revisions\/264179"}],"wp:featuredmedia":[{"embeddable":true,"href":"http:\/\/vertienteglobal.com\/index.php?rest_route=\/wp\/v2\/media\/264176"}],"wp:attachment":[{"href":"http:\/\/vertienteglobal.com\/index.php?rest_route=%2Fwp%2Fv2%2Fmedia&parent=264174"}],"wp:term":[{"taxonomy":"category","embeddable":true,"href":"http:\/\/vertienteglobal.com\/index.php?rest_route=%2Fwp%2Fv2%2Fcategories&post=264174"},{"taxonomy":"post_tag","embeddable":true,"href":"http:\/\/vertienteglobal.com\/index.php?rest_route=%2Fwp%2Fv2%2Ftags&post=264174"}],"curies":[{"name":"wp","href":"https:\/\/api.w.org\/{rel}","templated":true}]}}