{"id":264148,"date":"2026-08-25T11:21:00","date_gmt":"2026-08-25T16:21:00","guid":{"rendered":"http:\/\/vertienteglobal.com\/?p=264148"},"modified":"2026-08-26T00:08:43","modified_gmt":"2026-08-26T05:08:43","slug":"promueven-reconocimiento-del-bordado-maya-de-yucatan-como-simbolo-de-identidad-y-patrimonio","status":"publish","type":"post","link":"http:\/\/vertienteglobal.com\/?p=264148","title":{"rendered":"Promueven reconocimiento del bordado maya de Yucat\u00e1n como s\u00edmbolo de identidad y patrimonio"},"content":{"rendered":"\n<div class=\"twitterbutton\" style=\"float: right; padding-left: 5px;\"><a href=\"http:\/\/twitter.com\/share\" class=\"twitter-share-button\" data-count=\"horizontal\" data-text=\"Promueven reconocimiento del bordado maya de Yucat\u00e1n como s\u00edmbolo de identidad...\" data-via=\"https:\/\/twitter.com\/VertienteGloba1\" data-url=\"http:\/\/vertienteglobal.com\/?p=264148\" data-lang=\"es\" data-related=\"Informaci\u00f3n general:S\u00edguenos para que est\u00e9ss informado\"><\/a><\/div>\n<figure class=\"wp-block-image size-large\"><img loading=\"lazy\" decoding=\"async\" width=\"1024\" height=\"682\" src=\"http:\/\/vertienteglobal.com\/wp-content\/uploads\/2026\/08\/1001518732-1024x682.jpg\" alt=\"\" class=\"wp-image-264149\" srcset=\"http:\/\/vertienteglobal.com\/wp-content\/uploads\/2026\/08\/1001518732-1024x682.jpg 1024w, http:\/\/vertienteglobal.com\/wp-content\/uploads\/2026\/08\/1001518732-300x200.jpg 300w, http:\/\/vertienteglobal.com\/wp-content\/uploads\/2026\/08\/1001518732-150x100.jpg 150w, http:\/\/vertienteglobal.com\/wp-content\/uploads\/2026\/08\/1001518732-768x512.jpg 768w, http:\/\/vertienteglobal.com\/wp-content\/uploads\/2026\/08\/1001518732-1536x1024.jpg 1536w, http:\/\/vertienteglobal.com\/wp-content\/uploads\/2026\/08\/1001518732-2048x1365.jpg 2048w\" sizes=\"auto, (max-width: 1024px) 100vw, 1024px\" \/><\/figure>\n\n\n\n<p>(Redacci\u00f3n)<\/p>\n\n\n\n<p><em>Presentan en la Feria Internacional del Libro de Antropolog\u00eda e Historia (Filah) una obra editorial que enaltece a las mujeres de Yucat\u00e1n que preservan el oficio de hilar la memoria comunitaria entre mitos, leyendas, creencias y formas de vivir<\/em><\/p>\n\n\n\n<p>Ciudad de M\u00e9xico, 25 de agosto  2026.-La obra editorial \u201cEl Bordado Maya de Yucat\u00e1n: Patrimonio Vivo\u201d, que reconoce y visibiliza el talento de las bordadoras yucatecas y su invaluable aportaci\u00f3n cultural, se present\u00f3 con \u00e9xito en la 37.\u00aa Feria Internacional del Libro de Antropolog\u00eda e Historia, realizada en el Museo Nacional de Antropolog\u00eda, en la Ciudad de M\u00e9xico.<\/p>\n\n\n\n<p>El libro, editado por la Secretar\u00eda de la Cultura y las Artes (Sedeculta), en colaboraci\u00f3n con la Unesco M\u00e9xico y Fundaci\u00f3n Banorte, re\u00fane los saberes y t\u00e9cnicas de maestras bordadoras de diversas comunidades, preserva el bordado maya como patrimonio cultural de Yucat\u00e1n y celebra el legado de las mujeres artesanas para las futuras generaciones.<\/p>\n\n\n\n<p>La obra recibi\u00f3 Menci\u00f3n Honor\u00edfica en la categor\u00eda Libro de Arte del XXVIII Premio Antonio Garc\u00eda Cubas, otorgado por el Instituto Nacional de Antropolog\u00eda e Historia (INAH), uno de los principales reconocimientos nacionales a la labor editorial vinculada con la antropolog\u00eda, la historia y el patrimonio cultural.<\/p>\n\n\n\n<p>Durante el encuentro moderado por el especialista en patrimonio Salom\u00f3n Bazbaz Lapidus, la secretaria de la Cultura y las Artes, Patricia Mart\u00edn Brice\u00f1o, afirm\u00f3 que presentar este libro es compartir una obra editorial, pero, sobre todo, hablar de las mujeres detr\u00e1s de sus p\u00e1ginas: las bordadoras.<\/p>\n\n\n\n<p>Record\u00f3 las acciones que en esta administraci\u00f3n se han llevado a cabo para proteger, preservar y difundir el bordado yucateco, como la certificaci\u00f3n de m\u00e1s de 200 artesanas y el respaldo al Consejo Estatal de Bordadoras, que re\u00fane a m\u00e1s de 500 mujeres de 23 municipios.<\/p>\n\n\n\n<p>Por su parte, la investigadora social Silvia Ter\u00e1n indic\u00f3 que el bordado es la pr\u00e1ctica artesanal m\u00e1s importante de Yucat\u00e1n y que, gracias a la Sedeculta y la Unesco, vive un proceso de renacimiento y consolidaci\u00f3n. \u201cEn el bordado se reconocen yucatecas y yucatecos de todos los estratos sociales y edades; es un s\u00edmbolo de identidad muy fuerte\u201d, expres\u00f3.<\/p>\n\n\n\n<p>La integrante del Consejo Estatal de Bordadoras, Anacleta Canul Noh, de Xoc\u00e9n, Valladolid, narr\u00f3 que elaborar el Plan de Salvaguardia del Bordado Maya Yucateco, del que forma parte este libro, ha permitido que mujeres bordadoras de las comunidades, como ella, compartan inquietudes, saberes y decisiones para preservar este legado.<\/p>\n\n\n\n<p>Por su parte, el oficial nacional de Cultura de la Unesco M\u00e9xico, Carlos Tejada, asegur\u00f3 que el hecho de que en Yucat\u00e1n existan 34 puntadas habla de la enorme capacidad creativa de las bordadoras mayas de Yucat\u00e1n, que se refleja en m\u00e1s de 100 prendas y art\u00edculos que van m\u00e1s all\u00e1 del hipil o el terno, como trajes de ba\u00f1o o caminos de mesa bordados, lo que convierte al bordado en una industria creativa, adem\u00e1s de patrimonio vivo de las comunidades mayas de Yucat\u00e1n.<\/p>\n\n\n\n<figure class=\"wp-block-image size-large\"><img loading=\"lazy\" decoding=\"async\" width=\"1024\" height=\"682\" src=\"http:\/\/vertienteglobal.com\/wp-content\/uploads\/2026\/08\/1001518733-1024x682.jpg\" alt=\"\" class=\"wp-image-264150\" srcset=\"http:\/\/vertienteglobal.com\/wp-content\/uploads\/2026\/08\/1001518733-1024x682.jpg 1024w, http:\/\/vertienteglobal.com\/wp-content\/uploads\/2026\/08\/1001518733-300x200.jpg 300w, http:\/\/vertienteglobal.com\/wp-content\/uploads\/2026\/08\/1001518733-150x100.jpg 150w, http:\/\/vertienteglobal.com\/wp-content\/uploads\/2026\/08\/1001518733-768x512.jpg 768w, http:\/\/vertienteglobal.com\/wp-content\/uploads\/2026\/08\/1001518733-1536x1024.jpg 1536w, http:\/\/vertienteglobal.com\/wp-content\/uploads\/2026\/08\/1001518733-2048x1365.jpg 2048w\" sizes=\"auto, (max-width: 1024px) 100vw, 1024px\" \/><\/figure>\n\n\n\n<figure class=\"wp-block-image size-large\"><img loading=\"lazy\" decoding=\"async\" width=\"1024\" height=\"682\" src=\"http:\/\/vertienteglobal.com\/wp-content\/uploads\/2026\/08\/1001518734-1024x682.jpg\" alt=\"\" class=\"wp-image-264151\" srcset=\"http:\/\/vertienteglobal.com\/wp-content\/uploads\/2026\/08\/1001518734-1024x682.jpg 1024w, http:\/\/vertienteglobal.com\/wp-content\/uploads\/2026\/08\/1001518734-300x200.jpg 300w, http:\/\/vertienteglobal.com\/wp-content\/uploads\/2026\/08\/1001518734-150x100.jpg 150w, http:\/\/vertienteglobal.com\/wp-content\/uploads\/2026\/08\/1001518734-768x512.jpg 768w, http:\/\/vertienteglobal.com\/wp-content\/uploads\/2026\/08\/1001518734-1536x1024.jpg 1536w, http:\/\/vertienteglobal.com\/wp-content\/uploads\/2026\/08\/1001518734-2048x1365.jpg 2048w\" sizes=\"auto, (max-width: 1024px) 100vw, 1024px\" \/><\/figure>\n\n\n\n<figure class=\"wp-block-image size-large\"><img loading=\"lazy\" decoding=\"async\" width=\"1024\" height=\"682\" src=\"http:\/\/vertienteglobal.com\/wp-content\/uploads\/2026\/08\/1001518735-1024x682.jpg\" alt=\"\" class=\"wp-image-264152\" srcset=\"http:\/\/vertienteglobal.com\/wp-content\/uploads\/2026\/08\/1001518735-1024x682.jpg 1024w, http:\/\/vertienteglobal.com\/wp-content\/uploads\/2026\/08\/1001518735-300x200.jpg 300w, http:\/\/vertienteglobal.com\/wp-content\/uploads\/2026\/08\/1001518735-150x100.jpg 150w, http:\/\/vertienteglobal.com\/wp-content\/uploads\/2026\/08\/1001518735-768x512.jpg 768w, http:\/\/vertienteglobal.com\/wp-content\/uploads\/2026\/08\/1001518735-1536x1024.jpg 1536w, http:\/\/vertienteglobal.com\/wp-content\/uploads\/2026\/08\/1001518735-2048x1365.jpg 2048w\" sizes=\"auto, (max-width: 1024px) 100vw, 1024px\" \/><\/figure>\n","protected":false},"excerpt":{"rendered":"<p>(Redacci\u00f3n) Presentan en la Feria Internacional del Libro de Antropolog\u00eda e Historia (Filah) una obra editorial que enaltece a las mujeres de Yucat\u00e1n que preservan el oficio de hilar la memoria comunitaria entre mitos, leyendas, creencias y formas de vivir Ciudad de M\u00e9xico, 25 de agosto 2026.-La obra editorial \u201cEl Bordado Maya de Yucat\u00e1n: Patrimonio [&hellip;]<\/p>\n","protected":false},"author":6,"featured_media":264149,"comment_status":"open","ping_status":"open","sticky":false,"template":"","format":"standard","meta":{"footnotes":""},"categories":[8,2],"tags":[],"class_list":["post-264148","post","type-post","status-publish","format-standard","has-post-thumbnail","hentry","category-pais","category-yucatan","entry","has-media"],"jetpack_featured_media_url":"http:\/\/vertienteglobal.com\/wp-content\/uploads\/2026\/08\/1001518732.jpg","_links":{"self":[{"href":"http:\/\/vertienteglobal.com\/index.php?rest_route=\/wp\/v2\/posts\/264148","targetHints":{"allow":["GET"]}}],"collection":[{"href":"http:\/\/vertienteglobal.com\/index.php?rest_route=\/wp\/v2\/posts"}],"about":[{"href":"http:\/\/vertienteglobal.com\/index.php?rest_route=\/wp\/v2\/types\/post"}],"author":[{"embeddable":true,"href":"http:\/\/vertienteglobal.com\/index.php?rest_route=\/wp\/v2\/users\/6"}],"replies":[{"embeddable":true,"href":"http:\/\/vertienteglobal.com\/index.php?rest_route=%2Fwp%2Fv2%2Fcomments&post=264148"}],"version-history":[{"count":1,"href":"http:\/\/vertienteglobal.com\/index.php?rest_route=\/wp\/v2\/posts\/264148\/revisions"}],"predecessor-version":[{"id":264153,"href":"http:\/\/vertienteglobal.com\/index.php?rest_route=\/wp\/v2\/posts\/264148\/revisions\/264153"}],"wp:featuredmedia":[{"embeddable":true,"href":"http:\/\/vertienteglobal.com\/index.php?rest_route=\/wp\/v2\/media\/264149"}],"wp:attachment":[{"href":"http:\/\/vertienteglobal.com\/index.php?rest_route=%2Fwp%2Fv2%2Fmedia&parent=264148"}],"wp:term":[{"taxonomy":"category","embeddable":true,"href":"http:\/\/vertienteglobal.com\/index.php?rest_route=%2Fwp%2Fv2%2Fcategories&post=264148"},{"taxonomy":"post_tag","embeddable":true,"href":"http:\/\/vertienteglobal.com\/index.php?rest_route=%2Fwp%2Fv2%2Ftags&post=264148"}],"curies":[{"name":"wp","href":"https:\/\/api.w.org\/{rel}","templated":true}]}}