{"id":264136,"date":"2026-08-25T15:00:00","date_gmt":"2026-08-25T20:00:00","guid":{"rendered":"http:\/\/vertienteglobal.com\/?p=264136"},"modified":"2026-08-25T23:59:14","modified_gmt":"2026-08-26T04:59:14","slug":"dif-yucatan-acompana-reintegracion-familiar-de-seis-ninas-ninos-y-adolescentes","status":"publish","type":"post","link":"http:\/\/vertienteglobal.com\/?p=264136","title":{"rendered":"DIF Yucat\u00e1n acompa\u00f1a reintegraci\u00f3n familiar de seis ni\u00f1as, ni\u00f1os y adolescentes"},"content":{"rendered":"\n<div class=\"twitterbutton\" style=\"float: right; padding-left: 5px;\"><a href=\"http:\/\/twitter.com\/share\" class=\"twitter-share-button\" data-count=\"horizontal\" data-text=\"DIF Yucat\u00e1n acompa\u00f1a reintegraci\u00f3n familiar de seis ni\u00f1as, ni\u00f1os y adolesce...\" data-via=\"https:\/\/twitter.com\/VertienteGloba1\" data-url=\"http:\/\/vertienteglobal.com\/?p=264136\" data-lang=\"es\" data-related=\"Informaci\u00f3n general:S\u00edguenos para que est\u00e9ss informado\"><\/a><\/div>\n<figure class=\"wp-block-image size-large\"><img loading=\"lazy\" decoding=\"async\" width=\"1024\" height=\"683\" src=\"http:\/\/vertienteglobal.com\/wp-content\/uploads\/2026\/08\/1001518715-1024x683.jpg\" alt=\"\" class=\"wp-image-264137\" srcset=\"http:\/\/vertienteglobal.com\/wp-content\/uploads\/2026\/08\/1001518715-1024x683.jpg 1024w, http:\/\/vertienteglobal.com\/wp-content\/uploads\/2026\/08\/1001518715-300x200.jpg 300w, http:\/\/vertienteglobal.com\/wp-content\/uploads\/2026\/08\/1001518715-150x100.jpg 150w, http:\/\/vertienteglobal.com\/wp-content\/uploads\/2026\/08\/1001518715-768x512.jpg 768w, http:\/\/vertienteglobal.com\/wp-content\/uploads\/2026\/08\/1001518715.jpg 1500w\" sizes=\"auto, (max-width: 1024px) 100vw, 1024px\" \/><\/figure>\n\n\n\n<p>(Redacci\u00f3n)<\/p>\n\n\n\n<p><em>Despu\u00e9s de las valoraciones correspondientes, concluyeron su estancia en los centros de asistencia social para comenzar una nueva etapa junto a sus seres queridos<\/em><\/p>\n\n\n\n<p>M\u00e9rida, Yucat\u00e1n, 25 de agosto 2026.-El Sistema para el Desarrollo Integral de la Familia (DIF) Yucat\u00e1n, a trav\u00e9s de la Procuradur\u00eda de Protecci\u00f3n de Ni\u00f1as, Ni\u00f1os y Adolescentes del Estado de Yucat\u00e1n (Prodennay), acompa\u00f1\u00f3 el proceso de egreso de seis ni\u00f1as, ni\u00f1os y adolescentes de centros de asistencia social, quienes fueron reintegrados a sus n\u00facleos y redes familiares como parte de las acciones para restituir su derecho a vivir en familia.<\/p>\n\n\n\n<p>Como parte de este proceso, las ni\u00f1as, ni\u00f1os y adolescentes concluyeron su estancia en centros de asistencia social para iniciar una nueva etapa junto a integrantes de sus familias, despu\u00e9s de los procedimientos de valoraci\u00f3n y acompa\u00f1amiento correspondientes.<\/p>\n\n\n\n<p>Cada reintegraci\u00f3n se realiz\u00f3 de acuerdo con las condiciones particulares del caso y con el objetivo de identificar redes familiares que pudieran brindar protecci\u00f3n, cuidado y condiciones adecuadas para favorecer su desarrollo integral.<\/p>\n\n\n\n<p>Las reintegraciones se concretaron con familiares previamente valorados por las \u00e1reas especializadas, lo que permiti\u00f3 dar continuidad a los v\u00ednculos familiares y al proceso de integraci\u00f3n a una vida en familia, bajo criterios de protecci\u00f3n, seguridad y bienestar.<\/p>\n\n\n\n<p>Bajo la visi\u00f3n del Gobernador Joaqu\u00edn D\u00edaz Mena y de la Presidenta Honoraria del DIF Yucat\u00e1n, Mtra. Wendy M\u00e9ndez Naal, se impulsa una pol\u00edtica social que coloca a las familias y el bienestar de ni\u00f1as, ni\u00f1os y adolescentes en el centro de las acciones, con mecanismos de protecci\u00f3n y restituci\u00f3n de derechos para quienes m\u00e1s lo necesitan.<\/p>\n\n\n\n<p>El procurador de Protecci\u00f3n de Ni\u00f1as, Ni\u00f1os y Adolescentes del Estado de Yucat\u00e1n, Francisco Javier Santos Mendoza Aguilar, destac\u00f3 que cada proceso de atenci\u00f3n y acompa\u00f1amiento tiene como prop\u00f3sito garantizar el respeto de los derechos de ni\u00f1as, ni\u00f1os y adolescentes, poniendo siempre en el centro su bienestar y su inter\u00e9s superior, as\u00ed como generar las mejores condiciones para su desarrollo en entornos seguros y protectores.<\/p>\n\n\n\n<p>A trav\u00e9s de la Prodennay, el DIF Yucat\u00e1n brinda acompa\u00f1amiento especializado durante estos procesos, con la intervenci\u00f3n de \u00e1reas como Psicolog\u00eda y Trabajo Social, que realizan las valoraciones necesarias de las redes familiares y contribuyen a determinar las condiciones adecuadas para la integraci\u00f3n familiar.<\/p>\n\n\n\n<p>En los procesos de reintegraci\u00f3n tambi\u00e9n se consideran aspectos relacionados con el entorno familiar y las capacidades de quienes asumir\u00e1n el cuidado, procurando que ni\u00f1as, ni\u00f1os y adolescentes cuenten con espacios adecuados para continuar su desarrollo y ejercer plenamente sus derechos.<\/p>\n\n\n\n<p>Con estas acciones, el DIF Yucat\u00e1n refrenda su compromiso de proteger y restituir los derechos de ni\u00f1as, ni\u00f1os y adolescentes, mediante el trabajo institucional orientado a que puedan crecer y desarrollarse en entornos familiares seguros, protectores y con las condiciones necesarias para una vida plena.<\/p>\n\n\n\n<p>Al acto acudieron la subprocuradora de Protecci\u00f3n de Ni\u00f1as, Ni\u00f1os y Adolescentes del Estado de Yucat\u00e1n, Karen Alondra Che Basto; la presidenta del Patronato de Casa Otoch, Fabiola Mois\u00e9s Chapur, y la Presidenta Honoraria del Patronato de Casa Otoch, Yuli Chapur Zahoul.<\/p>\n\n\n\n<figure class=\"wp-block-image size-large\"><img loading=\"lazy\" decoding=\"async\" width=\"1024\" height=\"683\" src=\"http:\/\/vertienteglobal.com\/wp-content\/uploads\/2026\/08\/1001518716-1024x683.jpg\" alt=\"\" class=\"wp-image-264138\" srcset=\"http:\/\/vertienteglobal.com\/wp-content\/uploads\/2026\/08\/1001518716-1024x683.jpg 1024w, http:\/\/vertienteglobal.com\/wp-content\/uploads\/2026\/08\/1001518716-300x200.jpg 300w, http:\/\/vertienteglobal.com\/wp-content\/uploads\/2026\/08\/1001518716-150x100.jpg 150w, http:\/\/vertienteglobal.com\/wp-content\/uploads\/2026\/08\/1001518716-768x512.jpg 768w, http:\/\/vertienteglobal.com\/wp-content\/uploads\/2026\/08\/1001518716.jpg 1500w\" sizes=\"auto, (max-width: 1024px) 100vw, 1024px\" \/><\/figure>\n\n\n\n<figure class=\"wp-block-image size-large\"><img loading=\"lazy\" decoding=\"async\" width=\"1024\" height=\"683\" src=\"http:\/\/vertienteglobal.com\/wp-content\/uploads\/2026\/08\/1001518718-1024x683.jpg\" alt=\"\" class=\"wp-image-264139\" srcset=\"http:\/\/vertienteglobal.com\/wp-content\/uploads\/2026\/08\/1001518718-1024x683.jpg 1024w, http:\/\/vertienteglobal.com\/wp-content\/uploads\/2026\/08\/1001518718-300x200.jpg 300w, http:\/\/vertienteglobal.com\/wp-content\/uploads\/2026\/08\/1001518718-150x100.jpg 150w, http:\/\/vertienteglobal.com\/wp-content\/uploads\/2026\/08\/1001518718-768x512.jpg 768w, http:\/\/vertienteglobal.com\/wp-content\/uploads\/2026\/08\/1001518718.jpg 1500w\" sizes=\"auto, (max-width: 1024px) 100vw, 1024px\" \/><\/figure>\n\n\n\n<figure class=\"wp-block-image size-large\"><img loading=\"lazy\" decoding=\"async\" width=\"1024\" height=\"683\" src=\"http:\/\/vertienteglobal.com\/wp-content\/uploads\/2026\/08\/1001518719-1024x683.jpg\" alt=\"\" class=\"wp-image-264140\" srcset=\"http:\/\/vertienteglobal.com\/wp-content\/uploads\/2026\/08\/1001518719-1024x683.jpg 1024w, http:\/\/vertienteglobal.com\/wp-content\/uploads\/2026\/08\/1001518719-300x200.jpg 300w, http:\/\/vertienteglobal.com\/wp-content\/uploads\/2026\/08\/1001518719-150x100.jpg 150w, http:\/\/vertienteglobal.com\/wp-content\/uploads\/2026\/08\/1001518719-768x512.jpg 768w, http:\/\/vertienteglobal.com\/wp-content\/uploads\/2026\/08\/1001518719.jpg 1500w\" sizes=\"auto, (max-width: 1024px) 100vw, 1024px\" \/><\/figure>\n","protected":false},"excerpt":{"rendered":"<p>(Redacci\u00f3n) Despu\u00e9s de las valoraciones correspondientes, concluyeron su estancia en los centros de asistencia social para comenzar una nueva etapa junto a sus seres queridos M\u00e9rida, Yucat\u00e1n, 25 de agosto 2026.-El Sistema para el Desarrollo Integral de la Familia (DIF) Yucat\u00e1n, a trav\u00e9s de la Procuradur\u00eda de Protecci\u00f3n de Ni\u00f1as, Ni\u00f1os y Adolescentes del Estado [&hellip;]<\/p>\n","protected":false},"author":6,"featured_media":264137,"comment_status":"open","ping_status":"open","sticky":false,"template":"","format":"standard","meta":{"footnotes":""},"categories":[2],"tags":[],"class_list":["post-264136","post","type-post","status-publish","format-standard","has-post-thumbnail","hentry","category-yucatan","entry","has-media"],"jetpack_featured_media_url":"http:\/\/vertienteglobal.com\/wp-content\/uploads\/2026\/08\/1001518715.jpg","_links":{"self":[{"href":"http:\/\/vertienteglobal.com\/index.php?rest_route=\/wp\/v2\/posts\/264136","targetHints":{"allow":["GET"]}}],"collection":[{"href":"http:\/\/vertienteglobal.com\/index.php?rest_route=\/wp\/v2\/posts"}],"about":[{"href":"http:\/\/vertienteglobal.com\/index.php?rest_route=\/wp\/v2\/types\/post"}],"author":[{"embeddable":true,"href":"http:\/\/vertienteglobal.com\/index.php?rest_route=\/wp\/v2\/users\/6"}],"replies":[{"embeddable":true,"href":"http:\/\/vertienteglobal.com\/index.php?rest_route=%2Fwp%2Fv2%2Fcomments&post=264136"}],"version-history":[{"count":1,"href":"http:\/\/vertienteglobal.com\/index.php?rest_route=\/wp\/v2\/posts\/264136\/revisions"}],"predecessor-version":[{"id":264141,"href":"http:\/\/vertienteglobal.com\/index.php?rest_route=\/wp\/v2\/posts\/264136\/revisions\/264141"}],"wp:featuredmedia":[{"embeddable":true,"href":"http:\/\/vertienteglobal.com\/index.php?rest_route=\/wp\/v2\/media\/264137"}],"wp:attachment":[{"href":"http:\/\/vertienteglobal.com\/index.php?rest_route=%2Fwp%2Fv2%2Fmedia&parent=264136"}],"wp:term":[{"taxonomy":"category","embeddable":true,"href":"http:\/\/vertienteglobal.com\/index.php?rest_route=%2Fwp%2Fv2%2Fcategories&post=264136"},{"taxonomy":"post_tag","embeddable":true,"href":"http:\/\/vertienteglobal.com\/index.php?rest_route=%2Fwp%2Fv2%2Ftags&post=264136"}],"curies":[{"name":"wp","href":"https:\/\/api.w.org\/{rel}","templated":true}]}}