{"id":264113,"date":"2026-08-25T23:55:00","date_gmt":"2026-08-26T04:55:00","guid":{"rendered":"http:\/\/vertienteglobal.com\/?p=264113"},"modified":"2026-08-25T23:35:31","modified_gmt":"2026-08-26T04:35:31","slug":"apple-renueva-sus-mac-mini-y-studio-con-chips-m6-y-m5-ultra-centrados-en-ia","status":"publish","type":"post","link":"http:\/\/vertienteglobal.com\/?p=264113","title":{"rendered":"Apple renueva sus Mac mini y Studio con chips M6 y M5 Ultra centrados en IA"},"content":{"rendered":"\n<div class=\"twitterbutton\" style=\"float: right; padding-left: 5px;\"><a href=\"http:\/\/twitter.com\/share\" class=\"twitter-share-button\" data-count=\"horizontal\" data-text=\"Apple renueva sus Mac mini y Studio con chips M6 y M5 Ultra centrados en IA\" data-via=\"https:\/\/twitter.com\/VertienteGloba1\" data-url=\"http:\/\/vertienteglobal.com\/?p=264113\" data-lang=\"es\" data-related=\"Informaci\u00f3n general:S\u00edguenos para que est\u00e9ss informado\"><\/a><\/div>\n<figure class=\"wp-block-image size-full\"><img loading=\"lazy\" decoding=\"async\" width=\"1024\" height=\"683\" src=\"http:\/\/vertienteglobal.com\/wp-content\/uploads\/2026\/08\/1001518626.webp\" alt=\"\" class=\"wp-image-264114\" srcset=\"http:\/\/vertienteglobal.com\/wp-content\/uploads\/2026\/08\/1001518626.webp 1024w, http:\/\/vertienteglobal.com\/wp-content\/uploads\/2026\/08\/1001518626-300x200.webp 300w, http:\/\/vertienteglobal.com\/wp-content\/uploads\/2026\/08\/1001518626-150x100.webp 150w, http:\/\/vertienteglobal.com\/wp-content\/uploads\/2026\/08\/1001518626-768x512.webp 768w\" sizes=\"auto, (max-width: 1024px) 100vw, 1024px\" \/><\/figure>\n\n\n\n<p>(Redacci\u00f3n)<\/p>\n\n\n\n<p>El chip M6 marca un avance hist\u00f3rico para la empresa al ser su primer procesador desarrollado con tecnolog\u00eda de 2 nan\u00f3metros<\/p>\n\n\n\n<p>Ciudad de M\u00e9xico 25 de agosto 2026.+Apple anunci\u00f3 este martes el lanzamiento de sus nuevos procesadores M6 y M5 Ultra, unos potentes chips que son el nuevo motor de sus ordenadores de sobremesa: el Mac mini y el Mac Studio, respectivamente.<\/p>\n\n\n\n<p>La compa\u00f1\u00eda de Cupertino destac\u00f3 que el nuevo Mac mini llegar\u00e1 al mercado impulsado por los chips M6 y M5 Pro, los cuales ofrecen, seg\u00fan la empresa de la manzana mordida, un salto masivo en rendimiento y capacidad para la Inteligencia Artificial (IA).<\/p>\n\n\n\n<p>El chip M6 marca un avance hist\u00f3rico para la empresa al ser su primer procesador desarrollado con tecnolog\u00eda de 2 nan\u00f3metros.<\/p>\n\n\n\n<p>Gracias a esta arquitectura -integra una unidad central de procesamiento (CPU) de 12 n\u00facleos, un procesador gr\u00e1fico (GPU) de 12 n\u00facleos y un motor neuronal dual de 16 n\u00facleos-, el Mac mini con M6 es capaz de ofrecer un rendimiento de IA hasta cuatro veces m\u00e1s r\u00e1pido en comparaci\u00f3n con la generaci\u00f3n anterior que operaba con el chip M4, de acuerdo con Apple.<\/p>\n\n\n\n<p>Por su parte, el M5 Ultra, que est\u00e1 dise\u00f1ado para profesionales, es el chip m\u00e1s potente jam\u00e1s creado por la compa\u00f1\u00eda. Este avanzado procesador dota al Mac Studio de hasta 36 n\u00facleos de CPU y 80 n\u00facleos de GPU.<\/p>\n\n\n\n<p>Seg\u00fan la compa\u00f1\u00eda, permite a cineastas, investigadores y desarrolladores ejecutar enormes modelos de lenguaje (LLM) de IA directamente en el dispositivo, de forma privada y sin depender de servicios en la nube.<\/p>\n\n\n\n<p>A nivel de software, los nuevos sistemas operar\u00e1n con el pr\u00f3ximo sistema operativo macOS 27 Golden Gate, y la actualizaci\u00f3n del sistema incluye la plataforma Apple Intelligence y Siri AI.<\/p>\n\n\n\n<p>Seg\u00fan la informaci\u00f3n proporcionada por la compa\u00f1\u00eda, ambos sistemas inform\u00e1ticos se pueden reservar a partir de hoy y estar\u00e1n disponibles en tiendas f\u00edsicas de Estados Unidos desde el pr\u00f3ximo 22 de septiembre.<\/p>\n\n\n\n<p>El precio de salida del Mac mini con M6 se sit\u00faa en los 899 d\u00f3lares, mientras que el Mac Studio parte de los 2.499 d\u00f3lares.<\/p>\n\n\n\n<p>Finalmente, Apple precis\u00f3 que la demandada opci\u00f3n de 512 gigabytes de memoria unificada para el Mac Studio estar\u00e1 disponible a finales de octubre. (Fuente: EFE\/XEVA)<\/p>\n","protected":false},"excerpt":{"rendered":"<p>(Redacci\u00f3n) El chip M6 marca un avance hist\u00f3rico para la empresa al ser su primer procesador desarrollado con tecnolog\u00eda de 2 nan\u00f3metros Ciudad de M\u00e9xico 25 de agosto 2026.+Apple anunci\u00f3 este martes el lanzamiento de sus nuevos procesadores M6 y M5 Ultra, unos potentes chips que son el nuevo motor de sus ordenadores de sobremesa: [&hellip;]<\/p>\n","protected":false},"author":6,"featured_media":264114,"comment_status":"open","ping_status":"open","sticky":false,"template":"","format":"standard","meta":{"footnotes":""},"categories":[8],"tags":[],"class_list":["post-264113","post","type-post","status-publish","format-standard","has-post-thumbnail","hentry","category-pais","entry","has-media"],"jetpack_featured_media_url":"http:\/\/vertienteglobal.com\/wp-content\/uploads\/2026\/08\/1001518626.webp","_links":{"self":[{"href":"http:\/\/vertienteglobal.com\/index.php?rest_route=\/wp\/v2\/posts\/264113","targetHints":{"allow":["GET"]}}],"collection":[{"href":"http:\/\/vertienteglobal.com\/index.php?rest_route=\/wp\/v2\/posts"}],"about":[{"href":"http:\/\/vertienteglobal.com\/index.php?rest_route=\/wp\/v2\/types\/post"}],"author":[{"embeddable":true,"href":"http:\/\/vertienteglobal.com\/index.php?rest_route=\/wp\/v2\/users\/6"}],"replies":[{"embeddable":true,"href":"http:\/\/vertienteglobal.com\/index.php?rest_route=%2Fwp%2Fv2%2Fcomments&post=264113"}],"version-history":[{"count":2,"href":"http:\/\/vertienteglobal.com\/index.php?rest_route=\/wp\/v2\/posts\/264113\/revisions"}],"predecessor-version":[{"id":264183,"href":"http:\/\/vertienteglobal.com\/index.php?rest_route=\/wp\/v2\/posts\/264113\/revisions\/264183"}],"wp:featuredmedia":[{"embeddable":true,"href":"http:\/\/vertienteglobal.com\/index.php?rest_route=\/wp\/v2\/media\/264114"}],"wp:attachment":[{"href":"http:\/\/vertienteglobal.com\/index.php?rest_route=%2Fwp%2Fv2%2Fmedia&parent=264113"}],"wp:term":[{"taxonomy":"category","embeddable":true,"href":"http:\/\/vertienteglobal.com\/index.php?rest_route=%2Fwp%2Fv2%2Fcategories&post=264113"},{"taxonomy":"post_tag","embeddable":true,"href":"http:\/\/vertienteglobal.com\/index.php?rest_route=%2Fwp%2Fv2%2Ftags&post=264113"}],"curies":[{"name":"wp","href":"https:\/\/api.w.org\/{rel}","templated":true}]}}