{"id":264107,"date":"2026-08-25T10:19:00","date_gmt":"2026-08-25T15:19:00","guid":{"rendered":"http:\/\/vertienteglobal.com\/?p=264107"},"modified":"2026-08-25T23:20:57","modified_gmt":"2026-08-26T04:20:57","slug":"la-presidenta-claudia-sheinbaum-respalda-nombramiento-de-graciela-dominguez-como-gobernadora-interina-de-sinaloa","status":"publish","type":"post","link":"http:\/\/vertienteglobal.com\/?p=264107","title":{"rendered":"La Presidenta Claudia Sheinbaum respalda nombramiento de Graciela Dom\u00ednguez como gobernadora interina de Sinaloa"},"content":{"rendered":"\n<div class=\"twitterbutton\" style=\"float: right; padding-left: 5px;\"><a href=\"http:\/\/twitter.com\/share\" class=\"twitter-share-button\" data-count=\"horizontal\" data-text=\"La Presidenta Claudia Sheinbaum respalda nombramiento de Graciela Dom\u00ednguez com...\" data-via=\"https:\/\/twitter.com\/VertienteGloba1\" data-url=\"http:\/\/vertienteglobal.com\/?p=264107\" data-lang=\"es\" data-related=\"Informaci\u00f3n general:S\u00edguenos para que est\u00e9ss informado\"><\/a><\/div>\n<figure class=\"wp-block-image size-full\"><img loading=\"lazy\" decoding=\"async\" width=\"1024\" height=\"683\" src=\"http:\/\/vertienteglobal.com\/wp-content\/uploads\/2026\/08\/1001518619.webp\" alt=\"\" class=\"wp-image-264108\" srcset=\"http:\/\/vertienteglobal.com\/wp-content\/uploads\/2026\/08\/1001518619.webp 1024w, http:\/\/vertienteglobal.com\/wp-content\/uploads\/2026\/08\/1001518619-300x200.webp 300w, http:\/\/vertienteglobal.com\/wp-content\/uploads\/2026\/08\/1001518619-150x100.webp 150w, http:\/\/vertienteglobal.com\/wp-content\/uploads\/2026\/08\/1001518619-768x512.webp 768w\" sizes=\"auto, (max-width: 1024px) 100vw, 1024px\" \/><\/figure>\n\n\n\n<p>(Redacci\u00f3n)<\/p>\n\n\n\n<p>La presidenta agreg\u00f3 que el Gobierno Federal brindar\u00e1 apoyo a Dom\u00ednguez Nava en lo que requiera, con el objetivo de que concluya el actual periodo gubernamental en Sinaloa<\/p>\n\n\n\n<p>Ciudad de M\u00e9xico 25 de agosto 2026.-La presidenta Claudia Sheinbaum Pardo expres\u00f3 su respaldo a Graciela Dom\u00ednguez Nava, luego de que el Congreso de Sinaloa la designara como gobernadora interina tras la nueva licencia solicitada por Rub\u00e9n Rocha Moya.<\/p>\n\n\n\n<p>Durante su conferencia matutina, Sheinbaum Pardo, se\u00f1al\u00f3 que conoci\u00f3 el nombramiento mientras se desarrollaba la ma\u00f1anera y destac\u00f3 la trayectoria de la nueva mandataria estatal.<\/p>\n\n\n\n<p>\u201cElla es una mujer honesta, una mujer que tiene muchos a\u00f1os luchando por la justicia social y el bienestar de la gente\u201d, afirm\u00f3.<\/p>\n\n\n\n<p>La presidenta agreg\u00f3 que el Gobierno Federal brindar\u00e1 apoyo a Dom\u00ednguez Nava en lo que requiera, con el objetivo de que concluya el actual periodo gubernamental en Sinaloa.<\/p>\n\n\n\n<p>\u201cApoyarla en lo que necesite por el bien del pueblo de Sinaloa y que cierre bien este periodo\u201d, se\u00f1al\u00f3.<\/p>\n\n\n\n<p>Sheinbaum pidi\u00f3 un perfil con capacidad y honestidad<\/p>\n\n\n\n<p>El nombramiento ocurre un d\u00eda despu\u00e9s de que la presidenta llamara al Congreso de Sinaloa a elegir a una persona con \u201chonestidad, capacidad, profesionalismo y entrega al pueblo\u201d para asumir el gobierno estatal.<\/p>\n\n\n\n<p>Sheinbaum Pardo, explic\u00f3 que la persona designada deber\u00e1 permanecer al frente del Ejecutivo hasta las pr\u00f3ximas elecciones, con la responsabilidad de garantizar la gobernabilidad de la entidad y contribuir a que el proceso electoral de 2027 se desarrolle en condiciones de paz.<\/p>\n\n\n\n<p>La mandataria federal tambi\u00e9n destac\u00f3 que las elecciones deber\u00e1n realizarse conforme a las instituciones correspondientes, con la participaci\u00f3n del Instituto Nacional Electoral (INE) y el organismo electoral local.<\/p>\n\n\n\n<p>Con la llegada de Dom\u00ednguez Nava al gobierno estatal, Sinaloa entra en una nueva etapa tras la salida definitiva de Rocha Moya de la gubernatura, mientras contin\u00faan las definiciones pol\u00edticas rumbo a la elecci\u00f3n de 2027. (Fuente:XEU)<\/p>\n","protected":false},"excerpt":{"rendered":"<p>(Redacci\u00f3n) La presidenta agreg\u00f3 que el Gobierno Federal brindar\u00e1 apoyo a Dom\u00ednguez Nava en lo que requiera, con el objetivo de que concluya el actual periodo gubernamental en Sinaloa Ciudad de M\u00e9xico 25 de agosto 2026.-La presidenta Claudia Sheinbaum Pardo expres\u00f3 su respaldo a Graciela Dom\u00ednguez Nava, luego de que el Congreso de Sinaloa la [&hellip;]<\/p>\n","protected":false},"author":6,"featured_media":264108,"comment_status":"open","ping_status":"open","sticky":false,"template":"","format":"standard","meta":{"footnotes":""},"categories":[8],"tags":[],"class_list":["post-264107","post","type-post","status-publish","format-standard","has-post-thumbnail","hentry","category-pais","entry","has-media"],"jetpack_featured_media_url":"http:\/\/vertienteglobal.com\/wp-content\/uploads\/2026\/08\/1001518619.webp","_links":{"self":[{"href":"http:\/\/vertienteglobal.com\/index.php?rest_route=\/wp\/v2\/posts\/264107","targetHints":{"allow":["GET"]}}],"collection":[{"href":"http:\/\/vertienteglobal.com\/index.php?rest_route=\/wp\/v2\/posts"}],"about":[{"href":"http:\/\/vertienteglobal.com\/index.php?rest_route=\/wp\/v2\/types\/post"}],"author":[{"embeddable":true,"href":"http:\/\/vertienteglobal.com\/index.php?rest_route=\/wp\/v2\/users\/6"}],"replies":[{"embeddable":true,"href":"http:\/\/vertienteglobal.com\/index.php?rest_route=%2Fwp%2Fv2%2Fcomments&post=264107"}],"version-history":[{"count":1,"href":"http:\/\/vertienteglobal.com\/index.php?rest_route=\/wp\/v2\/posts\/264107\/revisions"}],"predecessor-version":[{"id":264109,"href":"http:\/\/vertienteglobal.com\/index.php?rest_route=\/wp\/v2\/posts\/264107\/revisions\/264109"}],"wp:featuredmedia":[{"embeddable":true,"href":"http:\/\/vertienteglobal.com\/index.php?rest_route=\/wp\/v2\/media\/264108"}],"wp:attachment":[{"href":"http:\/\/vertienteglobal.com\/index.php?rest_route=%2Fwp%2Fv2%2Fmedia&parent=264107"}],"wp:term":[{"taxonomy":"category","embeddable":true,"href":"http:\/\/vertienteglobal.com\/index.php?rest_route=%2Fwp%2Fv2%2Fcategories&post=264107"},{"taxonomy":"post_tag","embeddable":true,"href":"http:\/\/vertienteglobal.com\/index.php?rest_route=%2Fwp%2Fv2%2Ftags&post=264107"}],"curies":[{"name":"wp","href":"https:\/\/api.w.org\/{rel}","templated":true}]}}