{"id":264104,"date":"2026-08-25T12:24:00","date_gmt":"2026-08-25T17:24:00","guid":{"rendered":"http:\/\/vertienteglobal.com\/?p=264104"},"modified":"2026-08-25T23:17:23","modified_gmt":"2026-08-26T04:17:23","slug":"advierten-que-eu-alista-revocacion-de-mas-de-200-mil-visas","status":"publish","type":"post","link":"http:\/\/vertienteglobal.com\/?p=264104","title":{"rendered":"Advierten que EU alista revocaci\u00f3n de m\u00e1s de 200 mil visas"},"content":{"rendered":"\n<div class=\"twitterbutton\" style=\"float: right; padding-left: 5px;\"><a href=\"http:\/\/twitter.com\/share\" class=\"twitter-share-button\" data-count=\"horizontal\" data-text=\"Advierten que EU alista revocaci\u00f3n de m\u00e1s de 200 mil visas\" data-via=\"https:\/\/twitter.com\/VertienteGloba1\" data-url=\"http:\/\/vertienteglobal.com\/?p=264104\" data-lang=\"es\" data-related=\"Informaci\u00f3n general:S\u00edguenos para que est\u00e9ss informado\"><\/a><\/div>\n<figure class=\"wp-block-image size-full\"><img loading=\"lazy\" decoding=\"async\" width=\"1024\" height=\"619\" src=\"http:\/\/vertienteglobal.com\/wp-content\/uploads\/2026\/08\/1001518615.webp\" alt=\"\" class=\"wp-image-264105\" srcset=\"http:\/\/vertienteglobal.com\/wp-content\/uploads\/2026\/08\/1001518615.webp 1024w, http:\/\/vertienteglobal.com\/wp-content\/uploads\/2026\/08\/1001518615-300x181.webp 300w, http:\/\/vertienteglobal.com\/wp-content\/uploads\/2026\/08\/1001518615-150x91.webp 150w, http:\/\/vertienteglobal.com\/wp-content\/uploads\/2026\/08\/1001518615-768x464.webp 768w\" sizes=\"auto, (max-width: 1024px) 100vw, 1024px\" \/><\/figure>\n\n\n\n<p>(Redacci\u00f3n)<\/p>\n\n\n\n<p>El funcionario se\u00f1al\u00f3 que el proceso ser\u00e1 progresivo y continuo, por lo que el n\u00famero final de visas revocadas podr\u00eda variar<\/p>\n\n\n\n<p>Ciudad de M\u00e9xico 25 de agosto 2026.-El gobierno del presidente Donald Trump prepara una de las mayores medidas de revocaci\u00f3n de visas en la historia de Estados Unidos: hasta 200 mil extranjeros podr\u00edan perder sus visas de negocios y turismo por haber solicitado o estar solicitando asilo en territorio estadounidense.<\/p>\n\n\n\n<p>La medida contempla las llamadas visas B1 y B2, utilizadas principalmente para viajes de negocios, turismo, visitas familiares y otros viajes temporales. De concretarse, ser\u00eda la mayor revocaci\u00f3n masiva de visas registrada en Estados Unidos y podr\u00eda enfrentar impugnaciones ante los tribunales, de acuerdo con informaci\u00f3n obtenida por The Associated Press (AP), difundida por el diario El Universal.<\/p>\n\n\n\n<p>\u00bfA qui\u00e9nes afectar\u00eda la revocaci\u00f3n de visas?<\/p>\n\n\n\n<p>Seg\u00fan documentos del Departamento de Estado obtenidos por AP y declaraciones de funcionarios estadounidenses, la medida estar\u00eda dirigida a personas que recibieron visas B1 o B2 entre 2016 y 2026 y que posteriormente solicitaron asilo o mantienen actualmente una solicitud de protecci\u00f3n en Estados Unidos.<\/p>\n\n\n\n<p>El Departamento de Estado estar\u00eda coordinando el proceso con el Departamento de Seguridad Nacional (DHS) para identificar a los extranjeros que ingresaron al pa\u00eds bajo la condici\u00f3n de visitantes temporales y posteriormente solicitaron permanecer de manera permanente mediante un proceso de asilo.<\/p>\n\n\n\n<p>Tommy Pigott, portavoz del Departamento de Estado, confirm\u00f3 que ambas dependencias trabajan en la identificaci\u00f3n de casos y en la posible revocaci\u00f3n de visas, aunque evit\u00f3 confirmar la cifra de hasta 200 mil personas.<\/p>\n\n\n\n<p>El funcionario se\u00f1al\u00f3 que el proceso ser\u00e1 progresivo y continuo, por lo que el n\u00famero final de visas revocadas podr\u00eda variar.<\/p>\n\n\n\n<p>Revocaci\u00f3n de visa no significa deportaci\u00f3n inmediata<\/p>\n\n\n\n<p>Uno de los puntos centrales de la medida es que perder la visa no implicar\u00eda necesariamente una deportaci\u00f3n inmediata.<\/p>\n\n\n\n<p>De acuerdo con los funcionarios citados por AP, la mayor\u00eda de las personas con solicitudes de asilo pendientes ser\u00edan reclasificadas y perder\u00edan su condici\u00f3n de viajeros de negocios o turistas, pero sus procesos migratorios continuar\u00edan bajo las reglas correspondientes.<\/p>\n\n\n\n<p>La eventual revocaci\u00f3n tambi\u00e9n podr\u00eda generar controversias legales, particularmente por el n\u00famero de personas involucradas y por las consecuencias que tendr\u00eda sobre quienes ya se encuentran dentro de Estados Unidos con procesos de asilo abiertos.<\/p>\n\n\n\n<p>Trump endurece pol\u00edtica migratoria<br>La posible cancelaci\u00f3n masiva de visas se suma a otras medidas adoptadas por la administraci\u00f3n Trump para endurecer los controles migratorios y la revisi\u00f3n de extranjeros que buscan ingresar o permanecer en Estados Unidos.<\/p>\n\n\n\n<p>El Departamento de Estado ya mantiene restricciones y suspensiones para la emisi\u00f3n de determinados tipos de visas a ciudadanos de diversos pa\u00edses, adem\u00e1s de medidas relacionadas con fianzas para ciertos solicitantes de visas.<\/p>\n\n\n\n<p>Para quienes viajan por turismo, la visa B-2, o la combinaci\u00f3n B1\/B2, es la categor\u00eda utilizada para visitas temporales, vacaciones, visitas familiares y determinados tratamientos m\u00e9dicos.<\/p>\n\n\n\n<p>Impacto para mexicanos<\/p>\n\n\n\n<p>Aunque la informaci\u00f3n de AP no establece que los mexicanos sean el grupo espec\u00edfico al que se dirige la medida, el anuncio resulta relevante para los mexicanos que cuentan con visa estadounidense B1\/B2 y tienen o hayan iniciado un proceso de asilo en Estados Unidos.<\/p>\n\n\n\n<p>Hasta el momento, la administraci\u00f3n estadounidense no ha publicado la cifra definitiva de personas afectadas ni una lista de nacionalidades que ser\u00edan incluidas. La revocaci\u00f3n, seg\u00fan AP, todav\u00eda podr\u00eda ser modificada o impugnada antes de su implementaci\u00f3n.(Fuente: XEU)<\/p>\n","protected":false},"excerpt":{"rendered":"<p>(Redacci\u00f3n) El funcionario se\u00f1al\u00f3 que el proceso ser\u00e1 progresivo y continuo, por lo que el n\u00famero final de visas revocadas podr\u00eda variar Ciudad de M\u00e9xico 25 de agosto 2026.-El gobierno del presidente Donald Trump prepara una de las mayores medidas de revocaci\u00f3n de visas en la historia de Estados Unidos: hasta 200 mil extranjeros podr\u00edan [&hellip;]<\/p>\n","protected":false},"author":6,"featured_media":264105,"comment_status":"open","ping_status":"open","sticky":false,"template":"","format":"standard","meta":{"footnotes":""},"categories":[8],"tags":[],"class_list":["post-264104","post","type-post","status-publish","format-standard","has-post-thumbnail","hentry","category-pais","entry","has-media"],"jetpack_featured_media_url":"http:\/\/vertienteglobal.com\/wp-content\/uploads\/2026\/08\/1001518615.webp","_links":{"self":[{"href":"http:\/\/vertienteglobal.com\/index.php?rest_route=\/wp\/v2\/posts\/264104","targetHints":{"allow":["GET"]}}],"collection":[{"href":"http:\/\/vertienteglobal.com\/index.php?rest_route=\/wp\/v2\/posts"}],"about":[{"href":"http:\/\/vertienteglobal.com\/index.php?rest_route=\/wp\/v2\/types\/post"}],"author":[{"embeddable":true,"href":"http:\/\/vertienteglobal.com\/index.php?rest_route=\/wp\/v2\/users\/6"}],"replies":[{"embeddable":true,"href":"http:\/\/vertienteglobal.com\/index.php?rest_route=%2Fwp%2Fv2%2Fcomments&post=264104"}],"version-history":[{"count":1,"href":"http:\/\/vertienteglobal.com\/index.php?rest_route=\/wp\/v2\/posts\/264104\/revisions"}],"predecessor-version":[{"id":264106,"href":"http:\/\/vertienteglobal.com\/index.php?rest_route=\/wp\/v2\/posts\/264104\/revisions\/264106"}],"wp:featuredmedia":[{"embeddable":true,"href":"http:\/\/vertienteglobal.com\/index.php?rest_route=\/wp\/v2\/media\/264105"}],"wp:attachment":[{"href":"http:\/\/vertienteglobal.com\/index.php?rest_route=%2Fwp%2Fv2%2Fmedia&parent=264104"}],"wp:term":[{"taxonomy":"category","embeddable":true,"href":"http:\/\/vertienteglobal.com\/index.php?rest_route=%2Fwp%2Fv2%2Fcategories&post=264104"},{"taxonomy":"post_tag","embeddable":true,"href":"http:\/\/vertienteglobal.com\/index.php?rest_route=%2Fwp%2Fv2%2Ftags&post=264104"}],"curies":[{"name":"wp","href":"https:\/\/api.w.org\/{rel}","templated":true}]}}