{"id":264101,"date":"2026-08-25T12:50:00","date_gmt":"2026-08-25T17:50:00","guid":{"rendered":"http:\/\/vertienteglobal.com\/?p=264101"},"modified":"2026-08-25T23:13:27","modified_gmt":"2026-08-26T04:13:27","slug":"mara-lezama-responde-por-vuelos-privados-niega-uso-de-recursos-publicos","status":"publish","type":"post","link":"http:\/\/vertienteglobal.com\/?p=264101","title":{"rendered":"Mara Lezama responde por vuelos privados; niega uso de recursos p\u00fablicos"},"content":{"rendered":"\n<div class=\"twitterbutton\" style=\"float: right; padding-left: 5px;\"><a href=\"http:\/\/twitter.com\/share\" class=\"twitter-share-button\" data-count=\"horizontal\" data-text=\"Mara Lezama responde por vuelos privados; niega uso de recursos p\u00fablicos\" data-via=\"https:\/\/twitter.com\/VertienteGloba1\" data-url=\"http:\/\/vertienteglobal.com\/?p=264101\" data-lang=\"es\" data-related=\"Informaci\u00f3n general:S\u00edguenos para que est\u00e9ss informado\"><\/a><\/div>\n<figure class=\"wp-block-image size-full\"><img loading=\"lazy\" decoding=\"async\" width=\"669\" height=\"415\" src=\"http:\/\/vertienteglobal.com\/wp-content\/uploads\/2026\/08\/1001518593.jpg\" alt=\"\" class=\"wp-image-264102\" srcset=\"http:\/\/vertienteglobal.com\/wp-content\/uploads\/2026\/08\/1001518593.jpg 669w, http:\/\/vertienteglobal.com\/wp-content\/uploads\/2026\/08\/1001518593-300x186.jpg 300w, http:\/\/vertienteglobal.com\/wp-content\/uploads\/2026\/08\/1001518593-150x93.jpg 150w\" sizes=\"auto, (max-width: 669px) 100vw, 669px\" \/><\/figure>\n\n\n\n<p>(Redacci\u00f3n)<\/p>\n\n\n\n<p>La informaci\u00f3n que circula sobre si viaje con el senador con licencia, es totalmente falsa, apunto la Mandataria estatal a trav\u00e9s de cuenta de X<\/p>\n\n\n\n<p>Canc\u00fan Quintana Roo 26 de agosto 2026.-La gobernadora de Quintana Roo, Mara Lezama Espinosa, respondi\u00f3 a los se\u00f1alamientos sobre el uso de aeronaves privadas para realizar viajes nacionales e internacionales y neg\u00f3 que alguno de sus traslados particulares haya sido pagado con recursos p\u00fablicos.<\/p>\n\n\n\n<p>La pol\u00e9mica surgi\u00f3 luego de una investigaci\u00f3n publicada por Reforma, que document\u00f3, con base en registros aeroportuarios y datos migratorios, 97 vuelos privados atribuidos a Lezama, considerando su etapa como presidenta municipal de Benito Ju\u00e1rez \u2014cuya cabecera es Canc\u00fan\u2014 y posteriormente como gobernadora de Quintana Roo.<\/p>\n\n\n\n<p>De acuerdo con el reporte, durante su periodo como alcaldesa, entre 2018 y 2022, se registraron 31 vuelos privados. Ya como gobernadora, desde septiembre de 2022, la investigaci\u00f3n contabiliz\u00f3 97 vuelos privados y 119 movimientos de entrada y salida del pa\u00eds, al incluir tambi\u00e9n vuelos comerciales.<\/p>\n\n\n\n<p>\u00abEl n\u00famero de viajes que se manejan no es real, significar\u00eda estar de vacaciones un a\u00f1o completo, ser\u00eda imposible.<\/p>\n\n\n\n<p>Mi compromiso es trabajar 24\/7, sin descanso, sin descuidar en ning\u00fan momento mi responsabilidad, como siempre con mi total entrega y dando resultados.<\/p>\n\n\n\n<p>La informaci\u00f3n que circula sobre si viaje con el senador con licencia, es totalmente falsa, los viajes que realice, en su momento, respondieron al car\u00e1cter familiar y en lo que responde a mis funciones como servidora p\u00fablica, mi manejo en cada viaje responde a los principios normativos de gobierno.<\/p>\n\n\n\n<p>Vengo de la sociedad civil, trabaj\u00e9 mas de tres d\u00e9cadas en la iniciativa privada, es decir, he trabajado toda mi vida\u00bb, aclar\u00f3 en sus redes sociales.<\/p>\n\n\n\n<p>Orlando y Vail, entre los destinos se\u00f1alados<br>Uno de los principales puntos de la investigaci\u00f3n son los viajes a Orlando, Florida, y Vail, Colorado, identificados como algunos de los destinos m\u00e1s frecuentes.<\/p>\n\n\n\n<p>Los registros citados por Reforma indican que Lezama acumul\u00f3 53 entradas y salidas de Orlando desde el 25 de septiembre de 2022.<\/p>\n\n\n\n<p>Tambi\u00e9n aparecen otros destinos internacionales a los que habr\u00eda viajado en vuelos comerciales, entre ellos Roma, Londres, Madrid, Par\u00eds, Toronto y Vancouver.<\/p>\n\n\n\n<p>La investigaci\u00f3n se\u00f1ala que las aeronaves utilizadas tienen un costo estimado de alrededor de 6 mil d\u00f3lares por hora de vuelo.<\/p>\n\n\n\n<p>Con esa referencia, se calcul\u00f3 que un viaje privado a Orlando podr\u00eda representar unos 406 mil pesos, mientras que un traslado a Vail tendr\u00eda un costo aproximado de 812 mil pesos. Se trata de estimaciones del costo de operaci\u00f3n o renta de las aeronaves y no de comprobaciones de que Mara Lezama haya pagado personalmente esas cantidades.<\/p>\n\n\n\n<p>Entre las aeronaves mencionadas en el recuento aparecen un Learjet 31A, un Gulfstream G200, un Learjet 60, un Gulfstream G280 y aeronaves Hawker, vinculadas en los registros a distintas empresas operadoras.<\/p>\n\n\n\n<p>El viaje a Vail de 2020<\/p>\n\n\n\n<p>Entre los desplazamientos que han generado mayor atenci\u00f3n se encuentra uno realizado en enero de 2020, cuando Mara Lezama era presidenta municipal de Benito Ju\u00e1rez.<\/p>\n\n\n\n<p>Seg\u00fan el reporte retomado de Reforma, el 31 de enero de 2020, Lezama y su hijo Omar Terrazas Lezama salieron de Canc\u00fan rumbo a Denver, Colorado, en un Hawker 750. Al d\u00eda siguiente regresaron a Canc\u00fan en la misma aeronave para que la entonces alcaldesa participara en una gira del presidente Andr\u00e9s Manuel L\u00f3pez Obrador en Playa del Carmen.<\/p>\n\n\n\n<p>\u00bfQui\u00e9n pag\u00f3 los vuelos?<\/p>\n\n\n\n<p>Este es uno de los puntos centrales de la pol\u00e9mica.<\/p>\n\n\n\n<p>Los registros aeroportuarios y migratorios permiten identificar movimientos, destinos y aeronaves, pero por s\u00ed mismos no acreditan qui\u00e9n contrat\u00f3 o pag\u00f3 cada vuelo ni demuestran que los recursos hayan salido del Gobierno de Quintana Roo.<\/p>\n\n\n\n<p>La gobernadora respondi\u00f3 este martes que los viajes privados fueron realizados por motivos familiares y personales y asegur\u00f3 que jam\u00e1s fueron solventados con dinero p\u00fablico.<\/p>\n\n\n\n<p>Lezama explic\u00f3 que, debido a sus responsabilidades como servidora p\u00fablica y a su papel como madre de familia, en determinados momentos tuvo que realizar viajes de car\u00e1cter privado.<\/p>\n\n\n\n<p>Tambi\u00e9n rechaz\u00f3 la cifra que circula sobre los vuelos y sostuvo que \u201cno es real\u201d el n\u00famero que se le atribuye. Argument\u00f3 que, de ser cierta esa cantidad de viajes, significar\u00eda que habr\u00eda pasado una parte considerable de su tiempo de vacaciones, algo que, afirm\u00f3, no corresponde con su actividad como gobernadora.<\/p>\n\n\n\n<p>La mandataria agreg\u00f3 que antes de dedicarse a la pol\u00edtica trabaj\u00f3 durante m\u00e1s de tres d\u00e9cadas en la iniciativa privada.<\/p>\n\n\n\n<p>Mara Lezama niega viaje con Gino Segura<br>Otro de los se\u00f1alamientos que rechaz\u00f3 est\u00e1 relacionado con el senador con licencia Eugenio \u201cGino\u201d Segura V\u00e1zquez, quien fue funcionario durante administraciones encabezadas por Lezama y actualmente es mencionado entre los perfiles de Morena rumbo a la sucesi\u00f3n de Quintana Roo.<\/p>\n\n\n\n<p>La gobernadora calific\u00f3 como falsa la versi\u00f3n de que hubiera realizado viajes privados junto con Segura y sostuvo que su esposo e hijos no forman parte de la actividad pol\u00edtica.<\/p>\n\n\n\n<p>El caso queda bajo escrutinio<\/p>\n\n\n\n<p>Hasta ahora, la existencia de los registros de vuelos no constituye por s\u00ed misma una prueba de corrupci\u00f3n o de uso de recursos p\u00fablicos.<\/p>\n\n\n\n<p>La principal interrogante que permanece es qui\u00e9n cubri\u00f3 cada uno de los vuelos privados, cu\u00e1les correspondieron a actividades personales o familiares y cu\u00e1les estuvieron relacionados con funciones oficiales.<\/p>\n\n\n\n<p>La oposici\u00f3n ha planteado que se revisen contratos, cuentas p\u00fablicas y posibles v\u00ednculos entre empresas relacionadas con las aeronaves y los gobiernos encabezados por Lezama.<\/p>\n\n\n\n<p>Por su parte, Mara Lezama sostiene que los viajes privados fueron pagados con recursos propios y no representaron un gasto para el erario de Quintana Roo. (Fuente:Agencias)<\/p>\n\n\n\n<figure class=\"wp-block-embed is-type-rich is-provider-x wp-block-embed-x\"><div class=\"wp-block-embed__wrapper\">\n<div class=\"oceanwp-oembed-wrap clr\"><div class=\"embed-x\"><blockquote class=\"twitter-tweet\" data-width=\"550\" data-dnt=\"true\"><p lang=\"es\" dir=\"ltr\">En torno a la informaci\u00f3n sobre vuelos privados y viajes al extranjero, que se ha dado a conocer, como siempre apegada a la verdad, me permito informar:<br>Derivado de  mis responsabilidades como servidora p\u00fablica en la que estoy comprometida al cien por ciento y al rol como madre\u2026<\/p>&mdash; Mara Lezama (@MaraLezama) <a href=\"https:\/\/x.com\/MaraLezama\/status\/2092246622025507007?ref_src=twsrc%5Etfw\">August 25, 2026<\/a><\/blockquote><script async src=\"https:\/\/platform.x.com\/widgets.js\" charset=\"utf-8\"><\/script><\/div><\/div>\n<\/div><\/figure>\n","protected":false},"excerpt":{"rendered":"<p>(Redacci\u00f3n) La informaci\u00f3n que circula sobre si viaje con el senador con licencia, es totalmente falsa, apunto la Mandataria estatal a trav\u00e9s de cuenta de X Canc\u00fan Quintana Roo 26 de agosto 2026.-La gobernadora de Quintana Roo, Mara Lezama Espinosa, respondi\u00f3 a los se\u00f1alamientos sobre el uso de aeronaves privadas para realizar viajes nacionales e [&hellip;]<\/p>\n","protected":false},"author":6,"featured_media":264102,"comment_status":"open","ping_status":"open","sticky":false,"template":"","format":"standard","meta":{"footnotes":""},"categories":[3],"tags":[],"class_list":["post-264101","post","type-post","status-publish","format-standard","has-post-thumbnail","hentry","category-quintana-roo","entry","has-media"],"jetpack_featured_media_url":"http:\/\/vertienteglobal.com\/wp-content\/uploads\/2026\/08\/1001518593.jpg","_links":{"self":[{"href":"http:\/\/vertienteglobal.com\/index.php?rest_route=\/wp\/v2\/posts\/264101","targetHints":{"allow":["GET"]}}],"collection":[{"href":"http:\/\/vertienteglobal.com\/index.php?rest_route=\/wp\/v2\/posts"}],"about":[{"href":"http:\/\/vertienteglobal.com\/index.php?rest_route=\/wp\/v2\/types\/post"}],"author":[{"embeddable":true,"href":"http:\/\/vertienteglobal.com\/index.php?rest_route=\/wp\/v2\/users\/6"}],"replies":[{"embeddable":true,"href":"http:\/\/vertienteglobal.com\/index.php?rest_route=%2Fwp%2Fv2%2Fcomments&post=264101"}],"version-history":[{"count":1,"href":"http:\/\/vertienteglobal.com\/index.php?rest_route=\/wp\/v2\/posts\/264101\/revisions"}],"predecessor-version":[{"id":264103,"href":"http:\/\/vertienteglobal.com\/index.php?rest_route=\/wp\/v2\/posts\/264101\/revisions\/264103"}],"wp:featuredmedia":[{"embeddable":true,"href":"http:\/\/vertienteglobal.com\/index.php?rest_route=\/wp\/v2\/media\/264102"}],"wp:attachment":[{"href":"http:\/\/vertienteglobal.com\/index.php?rest_route=%2Fwp%2Fv2%2Fmedia&parent=264101"}],"wp:term":[{"taxonomy":"category","embeddable":true,"href":"http:\/\/vertienteglobal.com\/index.php?rest_route=%2Fwp%2Fv2%2Fcategories&post=264101"},{"taxonomy":"post_tag","embeddable":true,"href":"http:\/\/vertienteglobal.com\/index.php?rest_route=%2Fwp%2Fv2%2Ftags&post=264101"}],"curies":[{"name":"wp","href":"https:\/\/api.w.org\/{rel}","templated":true}]}}