{"id":264094,"date":"2026-08-25T08:42:00","date_gmt":"2026-08-25T13:42:00","guid":{"rendered":"http:\/\/vertienteglobal.com\/?p=264094"},"modified":"2026-08-25T12:45:41","modified_gmt":"2026-08-25T17:45:41","slug":"la-presidenta-claudia-sheinbaum-pardo-presenta-ampliacion-en-atencion-primaria-del-imss-bienestar","status":"publish","type":"post","link":"http:\/\/vertienteglobal.com\/?p=264094","title":{"rendered":"La Presidenta Claudia Sheinbaum Pardo, presenta ampliaci\u00f3n en atenci\u00f3n primaria del IMSS-Bienestar"},"content":{"rendered":"\n<div class=\"twitterbutton\" style=\"float: right; padding-left: 5px;\"><a href=\"http:\/\/twitter.com\/share\" class=\"twitter-share-button\" data-count=\"horizontal\" data-text=\"La Presidenta Claudia Sheinbaum Pardo, presenta ampliaci\u00f3n en atenci\u00f3n primari...\" data-via=\"https:\/\/twitter.com\/VertienteGloba1\" data-url=\"http:\/\/vertienteglobal.com\/?p=264094\" data-lang=\"es\" data-related=\"Informaci\u00f3n general:S\u00edguenos para que est\u00e9ss informado\"><\/a><\/div>\n<figure class=\"wp-block-image size-full\"><img loading=\"lazy\" decoding=\"async\" width=\"1024\" height=\"683\" src=\"http:\/\/vertienteglobal.com\/wp-content\/uploads\/2026\/08\/1001516730.webp\" alt=\"\" class=\"wp-image-264095\" srcset=\"http:\/\/vertienteglobal.com\/wp-content\/uploads\/2026\/08\/1001516730.webp 1024w, http:\/\/vertienteglobal.com\/wp-content\/uploads\/2026\/08\/1001516730-300x200.webp 300w, http:\/\/vertienteglobal.com\/wp-content\/uploads\/2026\/08\/1001516730-150x100.webp 150w, http:\/\/vertienteglobal.com\/wp-content\/uploads\/2026\/08\/1001516730-768x512.webp 768w\" sizes=\"auto, (max-width: 1024px) 100vw, 1024px\" \/><\/figure>\n\n\n\n<p>(Redacci\u00f3n)<\/p>\n\n\n\n<p>Sheinbaum Pardo, inform\u00f3 que 24 estados ya decidieron incorporarse al esquema del IMSS-Bienestar, por lo que el programa de atenci\u00f3n primaria comenzar\u00e1 a implementarse en las entidades que forman parte de esta federalizaci\u00f3n<\/p>\n\n\n\n<p>Ciudad de M\u00e9xico 25 de agosto de 2026.+La presidenta Claudia Sheinbaum Pardo present\u00f3 este martes una ampliaci\u00f3n de los servicios de atenci\u00f3n primaria a la salud, con la incorporaci\u00f3n de m\u00e1s de 12 mil consultorios del IMSS-Bienestar, como parte de la estrategia federal para garantizar el acceso a servicios m\u00e9dicos.<\/p>\n\n\n\n<p>Durante su conferencia matutina en Palacio Nacional, la mandataria destac\u00f3 tambi\u00e9n los avances de Salud Casa por Casa, las Farmacias del Bienestar y las m\u00e1quinas dispensadoras de medicamentos.<\/p>\n\n\n\n<p>Sheinbaum Pardo, inform\u00f3 que 24 estados ya decidieron incorporarse al esquema del IMSS-Bienestar, por lo que el programa de atenci\u00f3n primaria comenzar\u00e1 a implementarse en las entidades que forman parte de esta federalizaci\u00f3n.<\/p>\n\n\n\n<p>\u201cEste programa lo vamos a realizar primero en los estados que tienen IMSS-Bienestar\u201d, explic\u00f3 la presidenta, al se\u00f1alar que la estrategia comenz\u00f3 a trabajarse desde hace aproximadamente dos meses y medio.<\/p>\n\n\n\n<p>Salud Casa por Casa suma 25 millones de consultas<\/p>\n\n\n\n<p>Por su parte, la secretaria de Bienestar, Leticia Ram\u00edrez Amaya, inform\u00f3 que el programa Salud Casa por Casa acumula alrededor de 25 millones de consultas a personas beneficiarias.<\/p>\n\n\n\n<p>Adem\u00e1s, se han atendido mil 495 casos de urgencia y m\u00e1s de 900 mil personas han sido referidas a instituciones de salud para recibir atenci\u00f3n especializada.<\/p>\n\n\n\n<p>La funcionaria explic\u00f3 que el programa mantiene coordinaci\u00f3n con las instituciones del sector salud para detectar y canalizar a pacientes que presentan alguna condici\u00f3n fuera de control.<\/p>\n\n\n\n<p>En materia de prevenci\u00f3n, se\u00f1al\u00f3 que se han realizado m\u00e1s de 17.1 millones de pruebas de glucosa, colesterol y triglic\u00e9ridos, como parte de las acciones para detectar oportunamente enfermedades.<\/p>\n\n\n\n<p>Ram\u00edrez Amaya tambi\u00e9n hizo un llamado a m\u00e9dicas, m\u00e9dicos, enfermeras y enfermeros a incorporarse al programa y participar en las labores de atenci\u00f3n a la poblaci\u00f3n.<\/p>\n\n\n\n<p>De acuerdo con la funcionaria, Salud Casa por Casa busca consolidarse como una de las principales estrategias de prevenci\u00f3n y atenci\u00f3n m\u00e9dica directa a la poblaci\u00f3n.<\/p>\n","protected":false},"excerpt":{"rendered":"<p>(Redacci\u00f3n) Sheinbaum Pardo, inform\u00f3 que 24 estados ya decidieron incorporarse al esquema del IMSS-Bienestar, por lo que el programa de atenci\u00f3n primaria comenzar\u00e1 a implementarse en las entidades que forman parte de esta federalizaci\u00f3n Ciudad de M\u00e9xico 25 de agosto de 2026.+La presidenta Claudia Sheinbaum Pardo present\u00f3 este martes una ampliaci\u00f3n de los servicios de [&hellip;]<\/p>\n","protected":false},"author":6,"featured_media":264095,"comment_status":"open","ping_status":"open","sticky":false,"template":"","format":"standard","meta":{"footnotes":""},"categories":[8],"tags":[],"class_list":["post-264094","post","type-post","status-publish","format-standard","has-post-thumbnail","hentry","category-pais","entry","has-media"],"jetpack_featured_media_url":"http:\/\/vertienteglobal.com\/wp-content\/uploads\/2026\/08\/1001516730.webp","_links":{"self":[{"href":"http:\/\/vertienteglobal.com\/index.php?rest_route=\/wp\/v2\/posts\/264094","targetHints":{"allow":["GET"]}}],"collection":[{"href":"http:\/\/vertienteglobal.com\/index.php?rest_route=\/wp\/v2\/posts"}],"about":[{"href":"http:\/\/vertienteglobal.com\/index.php?rest_route=\/wp\/v2\/types\/post"}],"author":[{"embeddable":true,"href":"http:\/\/vertienteglobal.com\/index.php?rest_route=\/wp\/v2\/users\/6"}],"replies":[{"embeddable":true,"href":"http:\/\/vertienteglobal.com\/index.php?rest_route=%2Fwp%2Fv2%2Fcomments&post=264094"}],"version-history":[{"count":1,"href":"http:\/\/vertienteglobal.com\/index.php?rest_route=\/wp\/v2\/posts\/264094\/revisions"}],"predecessor-version":[{"id":264096,"href":"http:\/\/vertienteglobal.com\/index.php?rest_route=\/wp\/v2\/posts\/264094\/revisions\/264096"}],"wp:featuredmedia":[{"embeddable":true,"href":"http:\/\/vertienteglobal.com\/index.php?rest_route=\/wp\/v2\/media\/264095"}],"wp:attachment":[{"href":"http:\/\/vertienteglobal.com\/index.php?rest_route=%2Fwp%2Fv2%2Fmedia&parent=264094"}],"wp:term":[{"taxonomy":"category","embeddable":true,"href":"http:\/\/vertienteglobal.com\/index.php?rest_route=%2Fwp%2Fv2%2Fcategories&post=264094"},{"taxonomy":"post_tag","embeddable":true,"href":"http:\/\/vertienteglobal.com\/index.php?rest_route=%2Fwp%2Fv2%2Ftags&post=264094"}],"curies":[{"name":"wp","href":"https:\/\/api.w.org\/{rel}","templated":true}]}}