{"id":264091,"date":"2026-08-24T21:36:00","date_gmt":"2026-08-25T02:36:00","guid":{"rendered":"http:\/\/vertienteglobal.com\/?p=264091"},"modified":"2026-08-25T01:23:57","modified_gmt":"2026-08-25T06:23:57","slug":"los-oceanos-estan-mas-calientes-que-nunca-revelan-cientificos","status":"publish","type":"post","link":"http:\/\/vertienteglobal.com\/?p=264091","title":{"rendered":"Los oc\u00e9anos est\u00e1n m\u00e1s calientes que nunca; Revelan cient\u00edficos"},"content":{"rendered":"\n<div class=\"twitterbutton\" style=\"float: right; padding-left: 5px;\"><a href=\"http:\/\/twitter.com\/share\" class=\"twitter-share-button\" data-count=\"horizontal\" data-text=\"Los oc\u00e9anos est\u00e1n m\u00e1s calientes que nunca; Revelan cient\u00edficos\" data-via=\"https:\/\/twitter.com\/VertienteGloba1\" data-url=\"http:\/\/vertienteglobal.com\/?p=264091\" data-lang=\"es\" data-related=\"Informaci\u00f3n general:S\u00edguenos para que est\u00e9ss informado\"><\/a><\/div>\n<figure class=\"wp-block-image size-full\"><img loading=\"lazy\" decoding=\"async\" width=\"1024\" height=\"563\" src=\"http:\/\/vertienteglobal.com\/wp-content\/uploads\/2026\/08\/1001515683.webp\" alt=\"\" class=\"wp-image-264092\" srcset=\"http:\/\/vertienteglobal.com\/wp-content\/uploads\/2026\/08\/1001515683.webp 1024w, http:\/\/vertienteglobal.com\/wp-content\/uploads\/2026\/08\/1001515683-300x165.webp 300w, http:\/\/vertienteglobal.com\/wp-content\/uploads\/2026\/08\/1001515683-150x82.webp 150w, http:\/\/vertienteglobal.com\/wp-content\/uploads\/2026\/08\/1001515683-768x422.webp 768w\" sizes=\"auto, (max-width: 1024px) 100vw, 1024px\" \/><\/figure>\n\n\n\n<p>(Redacci\u00f3n)<\/p>\n\n\n\n<p>Samantha Burgess, responsable estrat\u00e9gica de clima del Centro Europeo de Previsiones Meteorol\u00f3gicas a Medio Plazo, consider\u00f3 que el nuevo r\u00e9cord representa una se\u00f1al del aumento de la presi\u00f3n sobre los oc\u00e9anos<\/p>\n\n\n\n<p>Ciudad de M\u00e9xico 24 de agosto 2026.-Los oc\u00e9anos del planeta alcanzaron una temperatura media r\u00e9cord de 21.10 grados Celsius el pasado 22 de agosto, de acuerdo con datos del Servicio de Cambio Clim\u00e1tico Copernicus de la Uni\u00f3n Europea.<\/p>\n\n\n\n<p>La medici\u00f3n representa la temperatura promedio m\u00e1s alta de la superficie oce\u00e1nica desde que este organismo comenz\u00f3 sus registros en 1979, y supera ligeramente el r\u00e9cord anterior de 21.09 \u00b0C, registrado en marzo de 2024.<\/p>\n\n\n\n<p>El nuevo m\u00e1ximo ocurre en un contexto de elevadas temperaturas globales y coincide con la presencia de un episodio de El Ni\u00f1o, fen\u00f3meno clim\u00e1tico caracterizado por un calentamiento an\u00f3malo de las aguas del oc\u00e9ano Pac\u00edfico y que puede influir en las condiciones meteorol\u00f3gicas de distintas regiones del mundo.<\/p>\n\n\n\n<p>\u00bfPor qu\u00e9 preocupa el aumento de la temperatura del oc\u00e9ano?<br>El calentamiento de los oc\u00e9anos tiene consecuencias que van m\u00e1s all\u00e1 de las zonas mar\u00edtimas. De acuerdo con especialistas citados por Scientific American, el incremento de la temperatura puede contribuir a:<\/p>\n\n\n\n<p>Elevar el nivel del mar.<br>Alterar patrones clim\u00e1ticos.<br>Afectar ecosistemas y especies marinas.<br>Generar impactos sobre los arrecifes de coral.<br>Incrementar riesgos para infraestructura ubicada en zonas costeras.<br>Generar efectos econ\u00f3micos y sociales relacionados con las condiciones del oc\u00e9ano.<br>Zachary Labe, cient\u00edfico clim\u00e1tico de Climate Central, se\u00f1al\u00f3 que el registro es consistente con investigaciones que muestran un calentamiento sostenido del planeta. El especialista advirti\u00f3 que, sin una reducci\u00f3n en la quema de combustibles f\u00f3siles, la tendencia podr\u00eda continuar.<\/p>\n\n\n\n<p>Por su parte, Samantha Burgess, responsable estrat\u00e9gica de clima del Centro Europeo de Previsiones Meteorol\u00f3gicas a Medio Plazo, consider\u00f3 que el nuevo r\u00e9cord representa una se\u00f1al del aumento de la presi\u00f3n sobre los oc\u00e9anos.<\/p>\n\n\n\n<p>El r\u00e9cord podr\u00eda volver a romperse<br>Los especialistas consideran que el nuevo m\u00e1ximo podr\u00eda no mantenerse durante mucho tiempo. Labe se\u00f1al\u00f3 que es posible que la temperatura de los oc\u00e9anos vuelva a establecer r\u00e9cords en los pr\u00f3ximos meses, dependiendo de la evoluci\u00f3n de las condiciones clim\u00e1ticas.<\/p>\n\n\n\n<p>El registro de 21.10 \u00b0C representa, de esta manera, otro indicador del calentamiento de los oc\u00e9anos y de los cambios que este fen\u00f3meno puede generar tanto en los ecosistemas marinos como en las actividades humanas relacionadas con las zonas costeras.(Fuente: Scientific American\/XEU)<\/p>\n","protected":false},"excerpt":{"rendered":"<p>(Redacci\u00f3n) Samantha Burgess, responsable estrat\u00e9gica de clima del Centro Europeo de Previsiones Meteorol\u00f3gicas a Medio Plazo, consider\u00f3 que el nuevo r\u00e9cord representa una se\u00f1al del aumento de la presi\u00f3n sobre los oc\u00e9anos Ciudad de M\u00e9xico 24 de agosto 2026.-Los oc\u00e9anos del planeta alcanzaron una temperatura media r\u00e9cord de 21.10 grados Celsius el pasado 22 de [&hellip;]<\/p>\n","protected":false},"author":6,"featured_media":264092,"comment_status":"open","ping_status":"open","sticky":false,"template":"","format":"standard","meta":{"footnotes":""},"categories":[8],"tags":[],"class_list":["post-264091","post","type-post","status-publish","format-standard","has-post-thumbnail","hentry","category-pais","entry","has-media"],"jetpack_featured_media_url":"http:\/\/vertienteglobal.com\/wp-content\/uploads\/2026\/08\/1001515683.webp","_links":{"self":[{"href":"http:\/\/vertienteglobal.com\/index.php?rest_route=\/wp\/v2\/posts\/264091","targetHints":{"allow":["GET"]}}],"collection":[{"href":"http:\/\/vertienteglobal.com\/index.php?rest_route=\/wp\/v2\/posts"}],"about":[{"href":"http:\/\/vertienteglobal.com\/index.php?rest_route=\/wp\/v2\/types\/post"}],"author":[{"embeddable":true,"href":"http:\/\/vertienteglobal.com\/index.php?rest_route=\/wp\/v2\/users\/6"}],"replies":[{"embeddable":true,"href":"http:\/\/vertienteglobal.com\/index.php?rest_route=%2Fwp%2Fv2%2Fcomments&post=264091"}],"version-history":[{"count":1,"href":"http:\/\/vertienteglobal.com\/index.php?rest_route=\/wp\/v2\/posts\/264091\/revisions"}],"predecessor-version":[{"id":264093,"href":"http:\/\/vertienteglobal.com\/index.php?rest_route=\/wp\/v2\/posts\/264091\/revisions\/264093"}],"wp:featuredmedia":[{"embeddable":true,"href":"http:\/\/vertienteglobal.com\/index.php?rest_route=\/wp\/v2\/media\/264092"}],"wp:attachment":[{"href":"http:\/\/vertienteglobal.com\/index.php?rest_route=%2Fwp%2Fv2%2Fmedia&parent=264091"}],"wp:term":[{"taxonomy":"category","embeddable":true,"href":"http:\/\/vertienteglobal.com\/index.php?rest_route=%2Fwp%2Fv2%2Fcategories&post=264091"},{"taxonomy":"post_tag","embeddable":true,"href":"http:\/\/vertienteglobal.com\/index.php?rest_route=%2Fwp%2Fv2%2Ftags&post=264091"}],"curies":[{"name":"wp","href":"https:\/\/api.w.org\/{rel}","templated":true}]}}