{"id":264081,"date":"2026-08-24T06:55:00","date_gmt":"2026-08-24T11:55:00","guid":{"rendered":"http:\/\/vertienteglobal.com\/?p=264081"},"modified":"2026-08-25T01:07:12","modified_gmt":"2026-08-25T06:07:12","slug":"inflacion-sube-y-se-ubica-en-3-26-anual-en-agosto-inegi","status":"publish","type":"post","link":"http:\/\/vertienteglobal.com\/?p=264081","title":{"rendered":"Inflaci\u00f3n sube y se ubica en 3.26% anual en agosto: INEGI"},"content":{"rendered":"\n<div class=\"twitterbutton\" style=\"float: right; padding-left: 5px;\"><a href=\"http:\/\/twitter.com\/share\" class=\"twitter-share-button\" data-count=\"horizontal\" data-text=\"Inflaci\u00f3n sube y se ubica en 3.26% anual en agosto: INEGI\" data-via=\"https:\/\/twitter.com\/VertienteGloba1\" data-url=\"http:\/\/vertienteglobal.com\/?p=264081\" data-lang=\"es\" data-related=\"Informaci\u00f3n general:S\u00edguenos para que est\u00e9ss informado\"><\/a><\/div>\n<figure class=\"wp-block-image size-full\"><img loading=\"lazy\" decoding=\"async\" width=\"1024\" height=\"671\" src=\"http:\/\/vertienteglobal.com\/wp-content\/uploads\/2026\/08\/1001515680.webp\" alt=\"\" class=\"wp-image-264082\" srcset=\"http:\/\/vertienteglobal.com\/wp-content\/uploads\/2026\/08\/1001515680.webp 1024w, http:\/\/vertienteglobal.com\/wp-content\/uploads\/2026\/08\/1001515680-300x197.webp 300w, http:\/\/vertienteglobal.com\/wp-content\/uploads\/2026\/08\/1001515680-150x98.webp 150w, http:\/\/vertienteglobal.com\/wp-content\/uploads\/2026\/08\/1001515680-768x503.webp 768w\" sizes=\"auto, (max-width: 1024px) 100vw, 1024px\" \/><\/figure>\n\n\n\n<p>(Redacci\u00f3n)<\/p>\n\n\n\n<p>En contraste, el gas dom\u00e9stico LP, la papa y otros tub\u00e9rculos, el jitomate y el pollo disminuyeron sus precios<\/p>\n\n\n\n<p>Ciudad de M\u00e9xico 24 de agosto 2026.-La inflaci\u00f3n en M\u00e9xico se ubic\u00f3 en 3.26 por ciento a tasa anual durante la primera quincena de agosto de 2026, inform\u00f3 el Instituto Nacional de Estad\u00edstica y Geograf\u00eda (INEGI).<\/p>\n\n\n\n<p>El dato representa una actualizaci\u00f3n del comportamiento de los precios al consumidor y refleja la variaci\u00f3n registrada durante los primeros 15 d\u00edas del mes, mostrando un repunte a consecuencia de la incidencia del precio del huevo.<\/p>\n\n\n\n<p>Y es que de acuerdo con el INEGI, el \u00cdndice Nacional de Precios al Consumidor (INPC), que es el indicador utilizado para medir la evoluci\u00f3n de los precios de una canasta representativa de bienes y servicios que consumen los hogares mexicanos, en la primera quincena de agosto 2026, el \u00cdndice Nacional de Precios al Consumidor present\u00f3 un nivel de 145.393 y represent\u00f3 un aumento de 0.10% respecto a la quincena previa. Con este resultado, la inflaci\u00f3n general anual fue de 3.26%.<\/p>\n\n\n\n<p>Por componente, la inflaci\u00f3n anual fue la siguiente:<\/p>\n\n\n\n<p>*3.93% subyacente<\/p>\n\n\n\n<p>*0.96% no subyacente<\/p>\n\n\n\n<p>Productos con mayor incidencia en la inflaci\u00f3n durante agosto:<\/p>\n\n\n\n<p>En la primera quincena de agosto de este a\u00f1o, los productos gen\u00e9ricos cuyas variaciones de precios, al alza y a la baja, destacaron por su incidencia sobre la inflaci\u00f3n general fueron los siguientes: el huevo, la cebolla, el taxi y la vivienda propia, con incrementos en sus precios.<\/p>\n\n\n\n<p>En contraste, el gas dom\u00e9stico LP, la papa y otros tub\u00e9rculos, el jitomate y el pollo disminuyeron sus precios.<\/p>\n\n\n\n<p>Canasta de consumo m\u00ednimo<br>En la primera quincena de agosto de 2026, el \u00cdndice de Precios al Consumidor de la Canasta de Consumo M\u00ednimo (IPCCCM)2 tuvo un crecimiento quincenal de 0.12 y de 2.96 % a tasa anual.<\/p>\n\n\n\n<p>En el mismo periodo de 2025, estas variaciones fueron de -0.04 y de 3.34 %, en ese orden.(XEU)<\/p>\n","protected":false},"excerpt":{"rendered":"<p>(Redacci\u00f3n) En contraste, el gas dom\u00e9stico LP, la papa y otros tub\u00e9rculos, el jitomate y el pollo disminuyeron sus precios Ciudad de M\u00e9xico 24 de agosto 2026.-La inflaci\u00f3n en M\u00e9xico se ubic\u00f3 en 3.26 por ciento a tasa anual durante la primera quincena de agosto de 2026, inform\u00f3 el Instituto Nacional de Estad\u00edstica y Geograf\u00eda [&hellip;]<\/p>\n","protected":false},"author":6,"featured_media":264082,"comment_status":"open","ping_status":"open","sticky":false,"template":"","format":"standard","meta":{"footnotes":""},"categories":[8],"tags":[],"class_list":["post-264081","post","type-post","status-publish","format-standard","has-post-thumbnail","hentry","category-pais","entry","has-media"],"jetpack_featured_media_url":"http:\/\/vertienteglobal.com\/wp-content\/uploads\/2026\/08\/1001515680.webp","_links":{"self":[{"href":"http:\/\/vertienteglobal.com\/index.php?rest_route=\/wp\/v2\/posts\/264081","targetHints":{"allow":["GET"]}}],"collection":[{"href":"http:\/\/vertienteglobal.com\/index.php?rest_route=\/wp\/v2\/posts"}],"about":[{"href":"http:\/\/vertienteglobal.com\/index.php?rest_route=\/wp\/v2\/types\/post"}],"author":[{"embeddable":true,"href":"http:\/\/vertienteglobal.com\/index.php?rest_route=\/wp\/v2\/users\/6"}],"replies":[{"embeddable":true,"href":"http:\/\/vertienteglobal.com\/index.php?rest_route=%2Fwp%2Fv2%2Fcomments&post=264081"}],"version-history":[{"count":1,"href":"http:\/\/vertienteglobal.com\/index.php?rest_route=\/wp\/v2\/posts\/264081\/revisions"}],"predecessor-version":[{"id":264083,"href":"http:\/\/vertienteglobal.com\/index.php?rest_route=\/wp\/v2\/posts\/264081\/revisions\/264083"}],"wp:featuredmedia":[{"embeddable":true,"href":"http:\/\/vertienteglobal.com\/index.php?rest_route=\/wp\/v2\/media\/264082"}],"wp:attachment":[{"href":"http:\/\/vertienteglobal.com\/index.php?rest_route=%2Fwp%2Fv2%2Fmedia&parent=264081"}],"wp:term":[{"taxonomy":"category","embeddable":true,"href":"http:\/\/vertienteglobal.com\/index.php?rest_route=%2Fwp%2Fv2%2Fcategories&post=264081"},{"taxonomy":"post_tag","embeddable":true,"href":"http:\/\/vertienteglobal.com\/index.php?rest_route=%2Fwp%2Fv2%2Ftags&post=264081"}],"curies":[{"name":"wp","href":"https:\/\/api.w.org\/{rel}","templated":true}]}}