{"id":264052,"date":"2026-08-24T17:24:00","date_gmt":"2026-08-24T22:24:00","guid":{"rendered":"http:\/\/vertienteglobal.com\/?p=264052"},"modified":"2026-08-25T00:17:47","modified_gmt":"2026-08-25T05:17:47","slug":"renacimiento-maya-acerca-servicios-apoyo-y-asesoria-a-la-comunidad-yucateca-en-canada","status":"publish","type":"post","link":"http:\/\/vertienteglobal.com\/?p=264052","title":{"rendered":"Renacimiento Maya acerca servicios, apoyo y asesor\u00eda a la comunidad yucateca en Canad\u00e1"},"content":{"rendered":"\n<div class=\"twitterbutton\" style=\"float: right; padding-left: 5px;\"><a href=\"http:\/\/twitter.com\/share\" class=\"twitter-share-button\" data-count=\"horizontal\" data-text=\"Renacimiento Maya acerca servicios, apoyo y asesor\u00eda a la comunidad yucateca en...\" data-via=\"https:\/\/twitter.com\/VertienteGloba1\" data-url=\"http:\/\/vertienteglobal.com\/?p=264052\" data-lang=\"es\" data-related=\"Informaci\u00f3n general:S\u00edguenos para que est\u00e9ss informado\"><\/a><\/div>\n<figure class=\"wp-block-image size-large\"><img loading=\"lazy\" decoding=\"async\" width=\"1024\" height=\"768\" src=\"http:\/\/vertienteglobal.com\/wp-content\/uploads\/2026\/08\/1001515630-1024x768.jpg\" alt=\"\" class=\"wp-image-264053\" srcset=\"http:\/\/vertienteglobal.com\/wp-content\/uploads\/2026\/08\/1001515630-1024x768.jpg 1024w, http:\/\/vertienteglobal.com\/wp-content\/uploads\/2026\/08\/1001515630-300x225.jpg 300w, http:\/\/vertienteglobal.com\/wp-content\/uploads\/2026\/08\/1001515630-150x113.jpg 150w, http:\/\/vertienteglobal.com\/wp-content\/uploads\/2026\/08\/1001515630-768x576.jpg 768w, http:\/\/vertienteglobal.com\/wp-content\/uploads\/2026\/08\/1001515630-1536x1152.jpg 1536w, http:\/\/vertienteglobal.com\/wp-content\/uploads\/2026\/08\/1001515630.jpg 1600w\" sizes=\"auto, (max-width: 1024px) 100vw, 1024px\" \/><\/figure>\n\n\n\n<p>(Redacci\u00f3n)<\/p>\n\n\n\n<p><em>Cerca de 800 personas participaron en esta celebraci\u00f3n de identidad yucateca en Toronto, como parte de las acciones del Gobierno del Renacimiento Maya para mantener el v\u00ednculo con las comunidades en el extranjero<\/em><\/p>\n\n\n\n<p>Toronto, Canad\u00e1, 24 de agosto 2026.-Con una alegre vaquer\u00eda yucateca que reuni\u00f3 a cerca de 800 paisanas, paisanos, connacionales y personas de otros pa\u00edses, el Instituto para el Desarrollo de la Cultura Maya del Estado de Yucat\u00e1n (Indemaya) culmin\u00f3 una intensa gira de trabajo por Estados Unidos y Canad\u00e1, durante la cual acerc\u00f3 servicios y atendi\u00f3 a las comunidades yucatecas que radican en el extranjero.<\/p>\n\n\n\n<p>En la celebraci\u00f3n participaron las y los asistentes del grupo K\u2019iin Balam, bajo la direcci\u00f3n del maestro Gibr\u00e1n Can, quienes hicieron vibrar a los asistentes al ritmo de la Orquesta Jaranera del Mayab, en una presentaci\u00f3n coordinada con la Secretar\u00eda de la Cultura y las Artes (Sedeculta).<\/p>\n\n\n\n<p>La comediante regional Do\u00f1a Clodo puso el toque c\u00f3mico al festejo y, con sus ocurrencias, din\u00e1micas y sentido del humor, provoc\u00f3 numerosas sonrisas entre los asistentes.<\/p>\n\n\n\n<p>Durante este encuentro, emprendedoras y emprendedores yucatecos radicados en Canad\u00e1 ofrecieron una muestra de la gastronom\u00eda y los productos tradicionales de Yucat\u00e1n, con una amplia variedad que incluy\u00f3 cochinita pibil, panuchos, salbutes, ceviches, xix, dulces t\u00edpicos y chicharrones.<\/p>\n\n\n\n<p>El director general del Indemaya, Jos\u00e9 Feliciano Moo y Can, afirm\u00f3 que este acercamiento con las comunidades yucatecas en el extranjero responde a una encomienda clara del Gobernador Joaqu\u00edn D\u00edaz Mena: que ninguna y ning\u00fan yucateco quede fuera del Renacimiento Maya, sin importar en qu\u00e9 lugar del mundo se encuentre.<\/p>\n\n\n\n<p>\u201cNuestra intenci\u00f3n es asegurar que quienes viven fuera de Yucat\u00e1n sepan que cuentan con el respeto, cari\u00f1o y apoyo del Gobierno de su Estado\u201d, afirm\u00f3.<\/p>\n\n\n\n<p>Como parte de esta gira, el Indemaya tambi\u00e9n llev\u00f3 sus servicios a comunidades yucatecas en Oreg\u00f3n y Nevada, Estados Unidos, donde se entregaron y recibieron documentos para los tr\u00e1mites de doble nacionalidad de hijas e hijos de yucatecos nacidos en el extranjero.<\/p>\n\n\n\n<p>Estos tr\u00e1mites se realizan de manera gratuita para las paisanas y los paisanos, como parte de las acciones para garantizar el derecho a la identidad y facilitar el v\u00ednculo jur\u00eddico y afectivo de las nuevas generaciones con Yucat\u00e1n.<\/p>\n\n\n\n<p>Asimismo, se recibieron documentos para la correcci\u00f3n de actas de nacimiento y CURP, adem\u00e1s de que se brind\u00f3 orientaci\u00f3n y acompa\u00f1amiento a las familias que requieren regularizar su documentaci\u00f3n.<\/p>\n\n\n\n<p>Durante la gira tambi\u00e9n se sostuvo una reuni\u00f3n de trabajo con la c\u00f3nsul de M\u00e9xico en Nevada, Patricia Cort\u00e9s Guadarrama, para establecer acciones coordinadas que permitan ampliar la atenci\u00f3n y los servicios en beneficio de las yucatecas y los yucatecos que viven en esa regi\u00f3n.<\/p>\n\n\n\n<figure class=\"wp-block-image size-large\"><img loading=\"lazy\" decoding=\"async\" width=\"1024\" height=\"1013\" src=\"http:\/\/vertienteglobal.com\/wp-content\/uploads\/2026\/08\/1001515631-1024x1013.jpg\" alt=\"\" class=\"wp-image-264054\" srcset=\"http:\/\/vertienteglobal.com\/wp-content\/uploads\/2026\/08\/1001515631-1024x1013.jpg 1024w, http:\/\/vertienteglobal.com\/wp-content\/uploads\/2026\/08\/1001515631-300x297.jpg 300w, http:\/\/vertienteglobal.com\/wp-content\/uploads\/2026\/08\/1001515631-150x148.jpg 150w, http:\/\/vertienteglobal.com\/wp-content\/uploads\/2026\/08\/1001515631-768x760.jpg 768w, http:\/\/vertienteglobal.com\/wp-content\/uploads\/2026\/08\/1001515631-1536x1520.jpg 1536w, http:\/\/vertienteglobal.com\/wp-content\/uploads\/2026\/08\/1001515631-2048x2026.jpg 2048w\" sizes=\"auto, (max-width: 1024px) 100vw, 1024px\" \/><\/figure>\n\n\n\n<figure class=\"wp-block-image size-large\"><img loading=\"lazy\" decoding=\"async\" width=\"1024\" height=\"576\" src=\"http:\/\/vertienteglobal.com\/wp-content\/uploads\/2026\/08\/1001515632-1024x576.jpg\" alt=\"\" class=\"wp-image-264055\" srcset=\"http:\/\/vertienteglobal.com\/wp-content\/uploads\/2026\/08\/1001515632-1024x576.jpg 1024w, http:\/\/vertienteglobal.com\/wp-content\/uploads\/2026\/08\/1001515632-300x169.jpg 300w, http:\/\/vertienteglobal.com\/wp-content\/uploads\/2026\/08\/1001515632-150x84.jpg 150w, http:\/\/vertienteglobal.com\/wp-content\/uploads\/2026\/08\/1001515632-768x432.jpg 768w, http:\/\/vertienteglobal.com\/wp-content\/uploads\/2026\/08\/1001515632-1536x864.jpg 1536w, http:\/\/vertienteglobal.com\/wp-content\/uploads\/2026\/08\/1001515632.jpg 1600w\" sizes=\"auto, (max-width: 1024px) 100vw, 1024px\" \/><\/figure>\n\n\n\n<figure class=\"wp-block-image size-large\"><img loading=\"lazy\" decoding=\"async\" width=\"1024\" height=\"641\" src=\"http:\/\/vertienteglobal.com\/wp-content\/uploads\/2026\/08\/1001515633-1024x641.jpg\" alt=\"\" class=\"wp-image-264056\" srcset=\"http:\/\/vertienteglobal.com\/wp-content\/uploads\/2026\/08\/1001515633-1024x641.jpg 1024w, http:\/\/vertienteglobal.com\/wp-content\/uploads\/2026\/08\/1001515633-300x188.jpg 300w, http:\/\/vertienteglobal.com\/wp-content\/uploads\/2026\/08\/1001515633-150x94.jpg 150w, http:\/\/vertienteglobal.com\/wp-content\/uploads\/2026\/08\/1001515633-768x480.jpg 768w, http:\/\/vertienteglobal.com\/wp-content\/uploads\/2026\/08\/1001515633.jpg 1426w\" sizes=\"auto, (max-width: 1024px) 100vw, 1024px\" \/><\/figure>\n","protected":false},"excerpt":{"rendered":"<p>(Redacci\u00f3n) Cerca de 800 personas participaron en esta celebraci\u00f3n de identidad yucateca en Toronto, como parte de las acciones del Gobierno del Renacimiento Maya para mantener el v\u00ednculo con las comunidades en el extranjero Toronto, Canad\u00e1, 24 de agosto 2026.-Con una alegre vaquer\u00eda yucateca que reuni\u00f3 a cerca de 800 paisanas, paisanos, connacionales y personas [&hellip;]<\/p>\n","protected":false},"author":6,"featured_media":264053,"comment_status":"open","ping_status":"open","sticky":false,"template":"","format":"standard","meta":{"footnotes":""},"categories":[2],"tags":[],"class_list":["post-264052","post","type-post","status-publish","format-standard","has-post-thumbnail","hentry","category-yucatan","entry","has-media"],"jetpack_featured_media_url":"http:\/\/vertienteglobal.com\/wp-content\/uploads\/2026\/08\/1001515630.jpg","_links":{"self":[{"href":"http:\/\/vertienteglobal.com\/index.php?rest_route=\/wp\/v2\/posts\/264052","targetHints":{"allow":["GET"]}}],"collection":[{"href":"http:\/\/vertienteglobal.com\/index.php?rest_route=\/wp\/v2\/posts"}],"about":[{"href":"http:\/\/vertienteglobal.com\/index.php?rest_route=\/wp\/v2\/types\/post"}],"author":[{"embeddable":true,"href":"http:\/\/vertienteglobal.com\/index.php?rest_route=\/wp\/v2\/users\/6"}],"replies":[{"embeddable":true,"href":"http:\/\/vertienteglobal.com\/index.php?rest_route=%2Fwp%2Fv2%2Fcomments&post=264052"}],"version-history":[{"count":1,"href":"http:\/\/vertienteglobal.com\/index.php?rest_route=\/wp\/v2\/posts\/264052\/revisions"}],"predecessor-version":[{"id":264057,"href":"http:\/\/vertienteglobal.com\/index.php?rest_route=\/wp\/v2\/posts\/264052\/revisions\/264057"}],"wp:featuredmedia":[{"embeddable":true,"href":"http:\/\/vertienteglobal.com\/index.php?rest_route=\/wp\/v2\/media\/264053"}],"wp:attachment":[{"href":"http:\/\/vertienteglobal.com\/index.php?rest_route=%2Fwp%2Fv2%2Fmedia&parent=264052"}],"wp:term":[{"taxonomy":"category","embeddable":true,"href":"http:\/\/vertienteglobal.com\/index.php?rest_route=%2Fwp%2Fv2%2Fcategories&post=264052"},{"taxonomy":"post_tag","embeddable":true,"href":"http:\/\/vertienteglobal.com\/index.php?rest_route=%2Fwp%2Fv2%2Ftags&post=264052"}],"curies":[{"name":"wp","href":"https:\/\/api.w.org\/{rel}","templated":true}]}}