{"id":264044,"date":"2026-08-24T09:51:00","date_gmt":"2026-08-24T14:51:00","guid":{"rendered":"http:\/\/vertienteglobal.com\/?p=264044"},"modified":"2026-08-24T22:56:13","modified_gmt":"2026-08-25T03:56:13","slug":"reinicia-exportacion-de-ganado-desde-sonora-presidenta-claudia-sheinbaum-pardo","status":"publish","type":"post","link":"http:\/\/vertienteglobal.com\/?p=264044","title":{"rendered":"Reinicia exportaci\u00f3n de ganado desde Sonora: Presidenta Claudia Sheinbaum Pardo"},"content":{"rendered":"\n<div class=\"twitterbutton\" style=\"float: right; padding-left: 5px;\"><a href=\"http:\/\/twitter.com\/share\" class=\"twitter-share-button\" data-count=\"horizontal\" data-text=\"Reinicia exportaci\u00f3n de ganado desde Sonora: Presidenta Claudia Sheinbaum Pardo\" data-via=\"https:\/\/twitter.com\/VertienteGloba1\" data-url=\"http:\/\/vertienteglobal.com\/?p=264044\" data-lang=\"es\" data-related=\"Informaci\u00f3n general:S\u00edguenos para que est\u00e9ss informado\"><\/a><\/div>\n<figure class=\"wp-block-image size-large\"><img loading=\"lazy\" decoding=\"async\" width=\"1024\" height=\"609\" src=\"http:\/\/vertienteglobal.com\/wp-content\/uploads\/2026\/08\/1001515471-1024x609.jpg\" alt=\"\" class=\"wp-image-264045\" srcset=\"http:\/\/vertienteglobal.com\/wp-content\/uploads\/2026\/08\/1001515471-1024x609.jpg 1024w, http:\/\/vertienteglobal.com\/wp-content\/uploads\/2026\/08\/1001515471-300x178.jpg 300w, http:\/\/vertienteglobal.com\/wp-content\/uploads\/2026\/08\/1001515471-150x89.jpg 150w, http:\/\/vertienteglobal.com\/wp-content\/uploads\/2026\/08\/1001515471-768x457.jpg 768w, http:\/\/vertienteglobal.com\/wp-content\/uploads\/2026\/08\/1001515471-1536x913.jpg 1536w, http:\/\/vertienteglobal.com\/wp-content\/uploads\/2026\/08\/1001515471-2048x1218.jpg 2048w\" sizes=\"auto, (max-width: 1024px) 100vw, 1024px\" \/><\/figure>\n\n\n\n<p>(Redacci\u00f3n)<\/p>\n\n\n\n<p>Anunci\u00f3 que M\u00e9xico prepara la producci\u00f3n de una nueva especie de mosca, lo que aumentar\u00e1 la confianza en la exportaci\u00f3n de ganado<\/p>\n\n\n\n<p>Ciudad de M\u00e9xico 24 de agosto 2026.-Al anunciar que hoy reabre la frontera norte al ganado mexicano desde Agua Prieta, en Sonora, la presidenta Claudia Sheinbaum Pardo destac\u00f3 la reciente inauguraci\u00f3n de la f\u00e1brica de moscas est\u00e9riles, que evitan la reproducci\u00f3n de gusano barrenador.<\/p>\n\n\n\n<p>Luego de se\u00f1alar que el cierre de la frontera tambi\u00e9n afect\u00f3 a Estados Unidos, la primera mandataria record\u00f3 que la planta de moscas est\u00e9riles fue construida por el gobierno federal con recursos del pa\u00eds vecino, en coordinaci\u00f3n con Panam\u00e1.<\/p>\n\n\n\n<p>Anunci\u00f3 que M\u00e9xico prepara la producci\u00f3n de una nueva especie de mosca, lo que aumentar\u00e1 la confianza en la exportaci\u00f3n de ganado.<\/p>\n\n\n\n<p>\u201cPor lo pronto es en Agua Prieta y esperamos que poco a poco se vaya dando en otros lugares de la frontera.\u201d<\/p>\n\n\n\n<p>En enlace remoto, la secretaria de Agricultura y Desarrollo Rural, Columba Jazm\u00edn L\u00f3pez Guti\u00e9rrez, destac\u00f3 que el gobierno mexicano mantiene el sistema de trazabilidad para la exportaci\u00f3n del ganado.<\/p>\n\n\n\n<p>Adem\u00e1s, refuerza la dispersi\u00f3n de moscas y diversos controles de seguridad sanitaria en Sonora y Chihuahua para mantener limpia la zona en un radio de 200 kil\u00f3metros.<\/p>\n\n\n\n<p>El gobernador de Sonora, Alfonso Durazo Monta\u00f1o, inform\u00f3 que se ha duplicado la capacidad de la Estaci\u00f3n Cuarentenaria de Agua Prieta para asegurar un procedimiento riguroso de inspecci\u00f3n a lo largo del proceso de exportaci\u00f3n.<\/p>\n\n\n\n<p>Record\u00f3 que es hist\u00f3rico el reconocimiento nacional e internacional a los est\u00e1ndares sanitarios de Sonora y hoy las exportaciones regresan con capacidad reforzada.<\/p>\n\n\n\n<p>El presidente de la Uni\u00f3n Regional Ganadera de Sonora, Juan Ochoa Valenzuela, expres\u00f3 que avanzan las obras del nuevo Centro Integral Ganadero, que ser\u00e1 un orgullo para el estado.<\/p>\n","protected":false},"excerpt":{"rendered":"<p>(Redacci\u00f3n) Anunci\u00f3 que M\u00e9xico prepara la producci\u00f3n de una nueva especie de mosca, lo que aumentar\u00e1 la confianza en la exportaci\u00f3n de ganado Ciudad de M\u00e9xico 24 de agosto 2026.-Al anunciar que hoy reabre la frontera norte al ganado mexicano desde Agua Prieta, en Sonora, la presidenta Claudia Sheinbaum Pardo destac\u00f3 la reciente inauguraci\u00f3n de [&hellip;]<\/p>\n","protected":false},"author":6,"featured_media":264045,"comment_status":"open","ping_status":"open","sticky":false,"template":"","format":"standard","meta":{"footnotes":""},"categories":[8],"tags":[],"class_list":["post-264044","post","type-post","status-publish","format-standard","has-post-thumbnail","hentry","category-pais","entry","has-media"],"jetpack_featured_media_url":"http:\/\/vertienteglobal.com\/wp-content\/uploads\/2026\/08\/1001515471.jpg","_links":{"self":[{"href":"http:\/\/vertienteglobal.com\/index.php?rest_route=\/wp\/v2\/posts\/264044","targetHints":{"allow":["GET"]}}],"collection":[{"href":"http:\/\/vertienteglobal.com\/index.php?rest_route=\/wp\/v2\/posts"}],"about":[{"href":"http:\/\/vertienteglobal.com\/index.php?rest_route=\/wp\/v2\/types\/post"}],"author":[{"embeddable":true,"href":"http:\/\/vertienteglobal.com\/index.php?rest_route=\/wp\/v2\/users\/6"}],"replies":[{"embeddable":true,"href":"http:\/\/vertienteglobal.com\/index.php?rest_route=%2Fwp%2Fv2%2Fcomments&post=264044"}],"version-history":[{"count":1,"href":"http:\/\/vertienteglobal.com\/index.php?rest_route=\/wp\/v2\/posts\/264044\/revisions"}],"predecessor-version":[{"id":264046,"href":"http:\/\/vertienteglobal.com\/index.php?rest_route=\/wp\/v2\/posts\/264044\/revisions\/264046"}],"wp:featuredmedia":[{"embeddable":true,"href":"http:\/\/vertienteglobal.com\/index.php?rest_route=\/wp\/v2\/media\/264045"}],"wp:attachment":[{"href":"http:\/\/vertienteglobal.com\/index.php?rest_route=%2Fwp%2Fv2%2Fmedia&parent=264044"}],"wp:term":[{"taxonomy":"category","embeddable":true,"href":"http:\/\/vertienteglobal.com\/index.php?rest_route=%2Fwp%2Fv2%2Fcategories&post=264044"},{"taxonomy":"post_tag","embeddable":true,"href":"http:\/\/vertienteglobal.com\/index.php?rest_route=%2Fwp%2Fv2%2Ftags&post=264044"}],"curies":[{"name":"wp","href":"https:\/\/api.w.org\/{rel}","templated":true}]}}