{"id":264025,"date":"2026-08-24T07:54:00","date_gmt":"2026-08-24T12:54:00","guid":{"rendered":"http:\/\/vertienteglobal.com\/?p=264025"},"modified":"2026-08-24T14:31:09","modified_gmt":"2026-08-24T19:31:09","slug":"confirma-sep-el-primer-puente-del-ciclo-escolar-2026-2027-cuando","status":"publish","type":"post","link":"http:\/\/vertienteglobal.com\/?p=264025","title":{"rendered":"Confirma SEP el primer puente del ciclo escolar 2026-2027: \u00bfCu\u00e1ndo?"},"content":{"rendered":"\n<div class=\"twitterbutton\" style=\"float: right; padding-left: 5px;\"><a href=\"http:\/\/twitter.com\/share\" class=\"twitter-share-button\" data-count=\"horizontal\" data-text=\"Confirma SEP el primer puente del ciclo escolar 2026-2027: \u00bfCu\u00e1ndo?\" data-via=\"https:\/\/twitter.com\/VertienteGloba1\" data-url=\"http:\/\/vertienteglobal.com\/?p=264025\" data-lang=\"es\" data-related=\"Informaci\u00f3n general:S\u00edguenos para que est\u00e9ss informado\"><\/a><\/div>\n<figure class=\"wp-block-image size-full\"><img loading=\"lazy\" decoding=\"async\" width=\"1024\" height=\"683\" src=\"http:\/\/vertienteglobal.com\/wp-content\/uploads\/2026\/08\/1001514103.webp\" alt=\"\" class=\"wp-image-264027\" srcset=\"http:\/\/vertienteglobal.com\/wp-content\/uploads\/2026\/08\/1001514103.webp 1024w, http:\/\/vertienteglobal.com\/wp-content\/uploads\/2026\/08\/1001514103-300x200.webp 300w, http:\/\/vertienteglobal.com\/wp-content\/uploads\/2026\/08\/1001514103-150x100.webp 150w, http:\/\/vertienteglobal.com\/wp-content\/uploads\/2026\/08\/1001514103-768x512.webp 768w\" sizes=\"auto, (max-width: 1024px) 100vw, 1024px\" \/><\/figure>\n\n\n\n<p>(Redacci\u00f3n)<\/p>\n\n\n\n<p><\/p>\n\n\n\n<p>Ciudad de M\u00e9xico 24 de agosto de 2026.-Si ya est\u00e1s haciendo cuentas para saber cu\u00e1ndo habr\u00e1 descanso despu\u00e9s del regreso a clases, hay buenas noticias: la Secretar\u00eda de Educaci\u00f3n P\u00fablica (SEP) ya hizo oficial el calendario escolar 2026-2027 para educaci\u00f3n b\u00e1sica, con 185 d\u00edas efectivos de clases.<\/p>\n\n\n\n<p>El nuevo ciclo escolar arrancar\u00e1 el lunes 31 de agosto de 2026 y terminar\u00e1 el viernes 9 de julio de 2027, de acuerdo con el calendario oficial de la SEP. La medida aplica para escuelas p\u00fablicas y particulares incorporadas al Sistema Educativo Nacional en todo M\u00e9xico, incluido Veracruz.<\/p>\n\n\n\n<p>As\u00ed que madres, padres de familia y estudiantes ya pueden ir sacando el calendario, porque los primeros descansos llegar\u00e1n pr\u00e1cticamente en las primeras semanas del ciclo.<\/p>\n\n\n\n<p>\u00bfCu\u00e1ndo ser\u00e1 el primer d\u00eda sin clases?<\/p>\n\n\n\n<p>El primer descanso para estudiantes ser\u00e1 el mi\u00e9rcoles 16 de septiembre, con motivo de la conmemoraci\u00f3n de la Independencia de M\u00e9xico.<\/p>\n\n\n\n<p>Despu\u00e9s llegar\u00e1 el primer viernes sin clases por Consejo T\u00e9cnico Escolar (CTE): ser\u00e1 el 25 de septiembre. Esto significa que los estudiantes tendr\u00e1n un fin de semana largo de tres d\u00edas, ya que tampoco hay clases s\u00e1bado y domingo.<\/p>\n\n\n\n<p>Ojo: los d\u00edas de CTE son jornadas de trabajo para el personal docente, por lo que los alumnos no acuden a clases, aunque no se trata propiamente de un d\u00eda festivo para los trabajadores de la educaci\u00f3n.<\/p>\n\n\n\n<p>Los descansos que vienen en el primer trimestre<\/p>\n\n\n\n<p>Durante los primeros meses del ciclo escolar 2026-2027 est\u00e1n contempladas las siguientes fechas:<\/p>\n\n\n\n<p>16 de septiembre: suspensi\u00f3n de labores docentes por la Independencia de M\u00e9xico.<br>25 de septiembre: Consejo T\u00e9cnico Escolar; no hay clases para estudiantes.<br>30 de octubre: Consejo T\u00e9cnico Escolar; no hay clases para estudiantes.<br>2 de noviembre: suspensi\u00f3n de labores por el D\u00eda de Muertos.<br>16 de noviembre: suspensi\u00f3n de labores docentes por la conmemoraci\u00f3n de la Revoluci\u00f3n Mexicana.<br>La SEP contempla ocho sesiones ordinarias del Consejo T\u00e9cnico Escolar durante el ciclo. Despu\u00e9s de septiembre y octubre, habr\u00e1 sesiones el 27 de noviembre de 2026 y el 29 de enero, 26 de febrero, 30 de abril, 28 de mayo y 25 de junio de 2027.<\/p>\n\n\n\n<p>Tambi\u00e9n habr\u00e1 vacaciones en diciembre<br>Para quienes ya est\u00e1n pensando en Navidad, el calendario marca un receso escolar del 21 de diciembre de 2026 al 5 de enero de 2027. Las clases se retomar\u00e1n el 7 de enero.<\/p>\n\n\n\n<p>M\u00e1s adelante llegar\u00e1 otro periodo de descanso: el calendario establece el receso de clases del 22 de marzo al 3 de abril de 2027.<\/p>\n\n\n\n<p>\u00bfY qu\u00e9 pasa en Veracruz?<\/p>\n\n\n\n<p>En el caso de Veracruz, la Secretar\u00eda de Educaci\u00f3n de Veracruz (SEV) confirm\u00f3 que el calendario federal ser\u00e1 aplicado para educaci\u00f3n b\u00e1sica, con inicio de clases el 31 de agosto y conclusi\u00f3n el 9 de julio.<\/p>\n\n\n\n<p>La dependencia estatal tambi\u00e9n confirm\u00f3 las ocho sesiones ordinarias del CTE y las suspensiones de labores docentes establecidas por la SEP.<\/p>\n\n\n\n<p>Adem\u00e1s, antes de que regresen los estudiantes, del 24 al 28 de agosto se realizar\u00e1 la fase intensiva del Consejo T\u00e9cnico Escolar, periodo destinado al trabajo y planeaci\u00f3n de los docentes.<\/p>\n\n\n\n<p>Hay que tener ojo con una diferencia<br>No todos los d\u00edas marcados en el calendario significan necesariamente que maestros y alumnos tengan descanso al mismo tiempo.<\/p>\n\n\n\n<p>Por ejemplo, las fechas de Consejo T\u00e9cnico Escolar representan suspensi\u00f3n de clases para los estudiantes, pero el personal docente participa en las actividades correspondientes.<\/p>\n\n\n\n<p>Tambi\u00e9n hay que recordar que este calendario corresponde a preescolar, primaria y secundaria. Para las escuelas normales y otras instituciones dedicadas a la formaci\u00f3n de maestras y maestros, la SEP estableci\u00f3 un calendario distinto de 190 d\u00edas, con conclusi\u00f3n de actividades el 13 de julio de 2027.<\/p>\n\n\n\n<p>Fechas que conviene tener a la mano<br>Para no andar revisando el calendario a \u00faltima hora, estas son algunas de las fechas importantes del ciclo 2026-2027:<\/p>\n\n\n\n<p>31 de agosto de 2026: inicio de clases.<br>16 de septiembre: suspensi\u00f3n de labores.<br>25 de septiembre: Consejo T\u00e9cnico Escolar.<br>30 de octubre: Consejo T\u00e9cnico Escolar.<br>2 de noviembre: D\u00eda de Muertos.<br>16 de noviembre: suspensi\u00f3n de labores.<br>21 de diciembre al 5 de enero: vacaciones de invierno.<br>9 de julio de 2027: \u00faltimo d\u00eda de clases.<\/p>\n\n\n\n<p>La SEP mantiene disponible el calendario escolar oficial 2026-2027, por lo que se recomienda consultarlo ante cualquier cambio o ajuste autorizado por las autoridades educativas.(Fuente:XEU)<\/p>\n\n\n\n<figure class=\"wp-block-image size-large\"><img loading=\"lazy\" decoding=\"async\" width=\"1024\" height=\"1024\" src=\"http:\/\/vertienteglobal.com\/wp-content\/uploads\/2026\/08\/1001514161-1024x1024.jpg\" alt=\"\" class=\"wp-image-264028\" srcset=\"http:\/\/vertienteglobal.com\/wp-content\/uploads\/2026\/08\/1001514161-1024x1024.jpg 1024w, http:\/\/vertienteglobal.com\/wp-content\/uploads\/2026\/08\/1001514161-300x300.jpg 300w, http:\/\/vertienteglobal.com\/wp-content\/uploads\/2026\/08\/1001514161-150x150.jpg 150w, http:\/\/vertienteglobal.com\/wp-content\/uploads\/2026\/08\/1001514161-768x768.jpg 768w, http:\/\/vertienteglobal.com\/wp-content\/uploads\/2026\/08\/1001514161-1536x1536.jpg 1536w, http:\/\/vertienteglobal.com\/wp-content\/uploads\/2026\/08\/1001514161.jpg 2048w\" sizes=\"auto, (max-width: 1024px) 100vw, 1024px\" \/><\/figure>\n","protected":false},"excerpt":{"rendered":"<p>(Redacci\u00f3n) Ciudad de M\u00e9xico 24 de agosto de 2026.-Si ya est\u00e1s haciendo cuentas para saber cu\u00e1ndo habr\u00e1 descanso despu\u00e9s del regreso a clases, hay buenas noticias: la Secretar\u00eda de Educaci\u00f3n P\u00fablica (SEP) ya hizo oficial el calendario escolar 2026-2027 para educaci\u00f3n b\u00e1sica, con 185 d\u00edas efectivos de clases. El nuevo ciclo escolar arrancar\u00e1 el lunes [&hellip;]<\/p>\n","protected":false},"author":6,"featured_media":264027,"comment_status":"open","ping_status":"open","sticky":false,"template":"","format":"standard","meta":{"footnotes":""},"categories":[9,8],"tags":[],"class_list":["post-264025","post","type-post","status-publish","format-standard","has-post-thumbnail","hentry","category-educacion","category-pais","entry","has-media"],"jetpack_featured_media_url":"http:\/\/vertienteglobal.com\/wp-content\/uploads\/2026\/08\/1001514103.webp","_links":{"self":[{"href":"http:\/\/vertienteglobal.com\/index.php?rest_route=\/wp\/v2\/posts\/264025","targetHints":{"allow":["GET"]}}],"collection":[{"href":"http:\/\/vertienteglobal.com\/index.php?rest_route=\/wp\/v2\/posts"}],"about":[{"href":"http:\/\/vertienteglobal.com\/index.php?rest_route=\/wp\/v2\/types\/post"}],"author":[{"embeddable":true,"href":"http:\/\/vertienteglobal.com\/index.php?rest_route=\/wp\/v2\/users\/6"}],"replies":[{"embeddable":true,"href":"http:\/\/vertienteglobal.com\/index.php?rest_route=%2Fwp%2Fv2%2Fcomments&post=264025"}],"version-history":[{"count":2,"href":"http:\/\/vertienteglobal.com\/index.php?rest_route=\/wp\/v2\/posts\/264025\/revisions"}],"predecessor-version":[{"id":264029,"href":"http:\/\/vertienteglobal.com\/index.php?rest_route=\/wp\/v2\/posts\/264025\/revisions\/264029"}],"wp:featuredmedia":[{"embeddable":true,"href":"http:\/\/vertienteglobal.com\/index.php?rest_route=\/wp\/v2\/media\/264027"}],"wp:attachment":[{"href":"http:\/\/vertienteglobal.com\/index.php?rest_route=%2Fwp%2Fv2%2Fmedia&parent=264025"}],"wp:term":[{"taxonomy":"category","embeddable":true,"href":"http:\/\/vertienteglobal.com\/index.php?rest_route=%2Fwp%2Fv2%2Fcategories&post=264025"},{"taxonomy":"post_tag","embeddable":true,"href":"http:\/\/vertienteglobal.com\/index.php?rest_route=%2Fwp%2Fv2%2Ftags&post=264025"}],"curies":[{"name":"wp","href":"https:\/\/api.w.org\/{rel}","templated":true}]}}