{"id":264021,"date":"2026-08-23T14:10:00","date_gmt":"2026-08-23T19:10:00","guid":{"rendered":"http:\/\/vertienteglobal.com\/?p=264021"},"modified":"2026-08-24T08:01:10","modified_gmt":"2026-08-24T13:01:10","slug":"padre-e-hija-se-reencuentran-en-yucatan-tras-acompanamiento-del-gobierno-del-renacimiento-maya","status":"publish","type":"post","link":"http:\/\/vertienteglobal.com\/?p=264021","title":{"rendered":"Padre e hija se reencuentran en Yucat\u00e1n tras acompa\u00f1amiento del Gobierno del Renacimiento Maya"},"content":{"rendered":"\n<div class=\"twitterbutton\" style=\"float: right; padding-left: 5px;\"><a href=\"http:\/\/twitter.com\/share\" class=\"twitter-share-button\" data-count=\"horizontal\" data-text=\"Padre e hija se reencuentran en Yucat\u00e1n tras acompa\u00f1amiento del Gobierno del R...\" data-via=\"https:\/\/twitter.com\/VertienteGloba1\" data-url=\"http:\/\/vertienteglobal.com\/?p=264021\" data-lang=\"es\" data-related=\"Informaci\u00f3n general:S\u00edguenos para que est\u00e9ss informado\"><\/a><\/div>\n<figure class=\"wp-block-image size-full\"><img loading=\"lazy\" decoding=\"async\" width=\"960\" height=\"709\" src=\"http:\/\/vertienteglobal.com\/wp-content\/uploads\/2026\/08\/1001513179.jpg\" alt=\"\" class=\"wp-image-264022\" srcset=\"http:\/\/vertienteglobal.com\/wp-content\/uploads\/2026\/08\/1001513179.jpg 960w, http:\/\/vertienteglobal.com\/wp-content\/uploads\/2026\/08\/1001513179-300x222.jpg 300w, http:\/\/vertienteglobal.com\/wp-content\/uploads\/2026\/08\/1001513179-150x111.jpg 150w, http:\/\/vertienteglobal.com\/wp-content\/uploads\/2026\/08\/1001513179-768x567.jpg 768w\" sizes=\"auto, (max-width: 960px) 100vw, 960px\" \/><\/figure>\n\n\n\n<p>(Redacci\u00f3n)<\/p>\n\n\n\n<p><em>Con apoyo jur\u00eddico y social del Indemaya, en coordinaci\u00f3n con la Secretar\u00eda de Relaciones Exteriores y el Consulado de M\u00e9xico en Oklahoma City, una familia yucateca logr\u00f3 reunirse despu\u00e9s de cuatro meses<\/em><\/p>\n\n\n\n<p>M\u00e9rida, Yucat\u00e1n, 23 de agosto 2026.-Despu\u00e9s de cuatro meses de gestiones, seguimiento personalizado y acompa\u00f1amiento jur\u00eddico y social, No\u00e9 Villanueva, originario de Buctzotz, logr\u00f3 reencontrarse en Yucat\u00e1n con su hija menor de edad, quien permanec\u00eda en Oklahoma City, Estados Unidos.<\/p>\n\n\n\n<p>El caso recibi\u00f3 atenci\u00f3n del Gobierno del Estado, a trav\u00e9s del Instituto para el Desarrollo de la Cultura Maya del Estado de Yucat\u00e1n (Indemaya), en coordinaci\u00f3n con la Secretar\u00eda de Relaciones Exteriores en M\u00e9rida y el Consulado de M\u00e9xico en Oklahoma City, instancias que dieron seguimiento a los procedimientos necesarios para hacer posible el regreso de la menor.<\/p>\n\n\n\n<p>La historia comenz\u00f3 cuando Villanueva fue deportado a M\u00e9xico y su hija permaneci\u00f3 en territorio estadounidense, situaci\u00f3n que llev\u00f3 a la familia a solicitar apoyo para avanzar en el proceso de reunificaci\u00f3n.<\/p>\n\n\n\n<p>Durante este periodo, un equipo interdisciplinario integrado por profesionales del trabajo social y del \u00e1rea jur\u00eddica brind\u00f3 orientaci\u00f3n, acompa\u00f1amiento y seguimiento a la familia, con atenci\u00f3n personalizada y enfoque humano.<\/p>\n\n\n\n<p>Con la llegada de la menor a Yucat\u00e1n, padre e hija cerraron una etapa de incertidumbre y comenzaron una nueva etapa juntos, con el respaldo institucional necesario para continuar su proceso familiar.<\/p>\n\n\n\n<p>Este caso refleja el compromiso del Gobierno del Renacimiento Maya de brindar atenci\u00f3n cercana, humana y digna a las yucatecas y los yucatecos que viven fuera del estado, as\u00ed como a sus familias en Yucat\u00e1n.<\/p>\n\n\n\n<p>A trav\u00e9s del Indemaya, la administraci\u00f3n estatal mantiene acciones de orientaci\u00f3n y acompa\u00f1amiento para atender situaciones relacionadas con tr\u00e1mites migratorios, identidad, documentaci\u00f3n y reunificaci\u00f3n familiar, reconociendo que detr\u00e1s de cada gesti\u00f3n hay historias de vida, v\u00ednculos familiares y un sentido de pertenencia con Yucat\u00e1n.<\/p>\n\n\n\n<figure class=\"wp-block-image size-full\"><img loading=\"lazy\" decoding=\"async\" width=\"853\" height=\"839\" src=\"http:\/\/vertienteglobal.com\/wp-content\/uploads\/2026\/08\/1001513180.jpg\" alt=\"\" class=\"wp-image-264023\" srcset=\"http:\/\/vertienteglobal.com\/wp-content\/uploads\/2026\/08\/1001513180.jpg 853w, http:\/\/vertienteglobal.com\/wp-content\/uploads\/2026\/08\/1001513180-300x295.jpg 300w, http:\/\/vertienteglobal.com\/wp-content\/uploads\/2026\/08\/1001513180-150x148.jpg 150w, http:\/\/vertienteglobal.com\/wp-content\/uploads\/2026\/08\/1001513180-768x755.jpg 768w\" sizes=\"auto, (max-width: 853px) 100vw, 853px\" \/><\/figure>\n","protected":false},"excerpt":{"rendered":"<p>(Redacci\u00f3n) Con apoyo jur\u00eddico y social del Indemaya, en coordinaci\u00f3n con la Secretar\u00eda de Relaciones Exteriores y el Consulado de M\u00e9xico en Oklahoma City, una familia yucateca logr\u00f3 reunirse despu\u00e9s de cuatro meses M\u00e9rida, Yucat\u00e1n, 23 de agosto 2026.-Despu\u00e9s de cuatro meses de gestiones, seguimiento personalizado y acompa\u00f1amiento jur\u00eddico y social, No\u00e9 Villanueva, originario de [&hellip;]<\/p>\n","protected":false},"author":6,"featured_media":264022,"comment_status":"open","ping_status":"open","sticky":false,"template":"","format":"standard","meta":{"footnotes":""},"categories":[2],"tags":[],"class_list":["post-264021","post","type-post","status-publish","format-standard","has-post-thumbnail","hentry","category-yucatan","entry","has-media"],"jetpack_featured_media_url":"http:\/\/vertienteglobal.com\/wp-content\/uploads\/2026\/08\/1001513179.jpg","_links":{"self":[{"href":"http:\/\/vertienteglobal.com\/index.php?rest_route=\/wp\/v2\/posts\/264021","targetHints":{"allow":["GET"]}}],"collection":[{"href":"http:\/\/vertienteglobal.com\/index.php?rest_route=\/wp\/v2\/posts"}],"about":[{"href":"http:\/\/vertienteglobal.com\/index.php?rest_route=\/wp\/v2\/types\/post"}],"author":[{"embeddable":true,"href":"http:\/\/vertienteglobal.com\/index.php?rest_route=\/wp\/v2\/users\/6"}],"replies":[{"embeddable":true,"href":"http:\/\/vertienteglobal.com\/index.php?rest_route=%2Fwp%2Fv2%2Fcomments&post=264021"}],"version-history":[{"count":1,"href":"http:\/\/vertienteglobal.com\/index.php?rest_route=\/wp\/v2\/posts\/264021\/revisions"}],"predecessor-version":[{"id":264024,"href":"http:\/\/vertienteglobal.com\/index.php?rest_route=\/wp\/v2\/posts\/264021\/revisions\/264024"}],"wp:featuredmedia":[{"embeddable":true,"href":"http:\/\/vertienteglobal.com\/index.php?rest_route=\/wp\/v2\/media\/264022"}],"wp:attachment":[{"href":"http:\/\/vertienteglobal.com\/index.php?rest_route=%2Fwp%2Fv2%2Fmedia&parent=264021"}],"wp:term":[{"taxonomy":"category","embeddable":true,"href":"http:\/\/vertienteglobal.com\/index.php?rest_route=%2Fwp%2Fv2%2Fcategories&post=264021"},{"taxonomy":"post_tag","embeddable":true,"href":"http:\/\/vertienteglobal.com\/index.php?rest_route=%2Fwp%2Fv2%2Ftags&post=264021"}],"curies":[{"name":"wp","href":"https:\/\/api.w.org\/{rel}","templated":true}]}}