{"id":264016,"date":"2026-08-23T17:09:00","date_gmt":"2026-08-23T22:09:00","guid":{"rendered":"http:\/\/vertienteglobal.com\/?p=264016"},"modified":"2026-08-24T07:57:14","modified_gmt":"2026-08-24T12:57:14","slug":"historias-de-talento-y-superacion-inspiran-a-las-juventudes-de-yucatan-video","status":"publish","type":"post","link":"http:\/\/vertienteglobal.com\/?p=264016","title":{"rendered":"Historias de talento y superaci\u00f3n inspiran a las juventudes de Yucat\u00e1n (+V\u00eddeo)"},"content":{"rendered":"\n<div class=\"twitterbutton\" style=\"float: right; padding-left: 5px;\"><a href=\"http:\/\/twitter.com\/share\" class=\"twitter-share-button\" data-count=\"horizontal\" data-text=\"Historias de talento y superaci\u00f3n inspiran a las juventudes de Yucat\u00e1n (+V\u00edde...\" data-via=\"https:\/\/twitter.com\/VertienteGloba1\" data-url=\"http:\/\/vertienteglobal.com\/?p=264016\" data-lang=\"es\" data-related=\"Informaci\u00f3n general:S\u00edguenos para que est\u00e9ss informado\"><\/a><\/div>\n<figure class=\"wp-block-image size-large\"><img loading=\"lazy\" decoding=\"async\" width=\"1024\" height=\"683\" src=\"http:\/\/vertienteglobal.com\/wp-content\/uploads\/2026\/08\/1001513119-1024x683.jpg\" alt=\"\" class=\"wp-image-264017\" srcset=\"http:\/\/vertienteglobal.com\/wp-content\/uploads\/2026\/08\/1001513119-1024x683.jpg 1024w, http:\/\/vertienteglobal.com\/wp-content\/uploads\/2026\/08\/1001513119-300x200.jpg 300w, http:\/\/vertienteglobal.com\/wp-content\/uploads\/2026\/08\/1001513119-150x100.jpg 150w, http:\/\/vertienteglobal.com\/wp-content\/uploads\/2026\/08\/1001513119-768x512.jpg 768w, http:\/\/vertienteglobal.com\/wp-content\/uploads\/2026\/08\/1001513119-1536x1024.jpg 1536w, http:\/\/vertienteglobal.com\/wp-content\/uploads\/2026\/08\/1001513119-2048x1366.jpg 2048w\" sizes=\"auto, (max-width: 1024px) 100vw, 1024px\" \/><\/figure>\n\n\n\n<p>(Redacci\u00f3n)<\/p>\n\n\n\n<p><em>El Gobernador Joaqu\u00edn D\u00edaz Mena entreg\u00f3 el Premio Estatal de las Juventudes 2026 a 13 j\u00f3venes y dos colectivos que contribuyen al bienestar y desarrollo del estado<\/em><br>\u00a0<br><em>Las personas galardonadas compartieron testimonios de perseverancia, inclusi\u00f3n, investigaci\u00f3n y divulgaci\u00f3n cient\u00edfica<\/em><\/p>\n\n\n\n<p>M\u00e9rida, Yucat\u00e1n, a 23 de agosto de 2026.-El talento, la perseverancia y el compromiso social de las nuevas generaciones fueron reconocidos por el Gobierno del Renacimiento Maya con la entrega del Premio Estatal de las Juventudes 2026 a 13 j\u00f3venes y dos colectivos, cuyas historias demuestran que, con oportunidades, es posible superar adversidades y contribuir al desarrollo de Yucat\u00e1n.<br>\u00a0<br>Durante el fin de semana, el Gobernador Joaqu\u00edn D\u00edaz Mena otorg\u00f3 una de las m\u00e1ximas distinciones del Gobierno del Estado a j\u00f3venes que se han destacado en los \u00e1mbitos acad\u00e9mico, cultural, deportivo, cient\u00edfico, social, productivo, ambiental y tecnol\u00f3gico.<br>\u00a0<br>Entre las historias reconocidas se encuentra la de Pedro Antonio Escalante Mart\u00edn, de 24 a\u00f1os, ganador en la categor\u00eda Desarrollo Deportivo, quien comparti\u00f3 un mensaje de perseverancia dirigido a quienes atraviesan momentos dif\u00edciles.<br>\u00a0<br>Licenciado en Derecho y atleta de impulso de bala, Escalante Mart\u00edn ocupa el primer lugar de Am\u00e9rica y el n\u00famero 11 del mundo en su categor\u00eda. Relat\u00f3 que lleg\u00f3 al deporte despu\u00e9s de sufrir discriminaci\u00f3n a los 19 a\u00f1os y que necesit\u00f3 tres a\u00f1os de preparaci\u00f3n para alcanzar la marca que lo llev\u00f3 al primer lugar en una competencia realizada en Tlaxcala.<br>\u00a0<br>\u201cNo les cuento esto para hablar de un ranking, sino para decirles, especialmente a quienes hoy piensan que ya no pueden, que no permitan que un momento dif\u00edcil decida el final de su historia\u201d, expres\u00f3.<br>\u00a0<br>El joven deportista tambi\u00e9n destac\u00f3 la importancia de generar condiciones que permitan a todas las personas desarrollar plenamente sus capacidades.<br>\u00a0<br>\u201cPara nosotros, las oportunidades importan, y para quienes vivimos con alguna discapacidad, importan todav\u00eda m\u00e1s. La inclusi\u00f3n no es tratarnos diferente, sino darnos la oportunidad de llegar tan lejos como nuestro talento y esfuerzo nos lo permitan\u201d, afirm\u00f3.<br>\u00a0<br>Por su parte, Emilio Pi\u00f1a Betancourt, originario de M\u00e9rida y egresado del Instituto Tecnol\u00f3gico de M\u00e9rida, se\u00f1al\u00f3 que este reconocimiento representa un impulso para continuar realizando investigaci\u00f3n en ciencias de los alimentos con identidad y sentido regional.<br>\u00a0<br>El joven ha participado en diversos concursos y ha obtenido premios nacionales e internacionales mediante trabajos enfocados en las necesidades y riqueza de la pen\u00ednsula de Yucat\u00e1n.<br>\u00a0<br>\u201cGanar este premio significa demostrar que podemos apostar por las juventudes para hacer cosas extraordinarias, aun cuando los recursos sean limitados. Con el respaldo de las organizaciones y el trabajo constante, podemos alcanzar grandes resultados\u201d, sostuvo.<br>\u00a0<br>Jessica Guadalupe Yam Chan, galardonada en la categor\u00eda Divulgaci\u00f3n de Saberes, comparti\u00f3 que se dedica a acercar el conocimiento cient\u00edfico a ni\u00f1as, ni\u00f1os, j\u00f3venes y personas adultas. Para ella, la distinci\u00f3n tiene un significado especial, pues es la primera mujer de su familia en acceder a la educaci\u00f3n superior.<br>\u00a0<br>\u201cGanar este premio significa mucho para m\u00ed y representa una gran motivaci\u00f3n para continuar haciendo lo que me apasiona: divulgar la ciencia y acercarla a m\u00e1s personas\u201d, manifest\u00f3 la joven meridana.<br>\u00a0<br>En la categor\u00eda Desempe\u00f1o Acad\u00e9mico e Investigaci\u00f3n Comunitaria fue reconocido Emilio Pi\u00f1a Betancourt; en Divulgaci\u00f3n de Saberes, Jessica Guadalupe Yam Chan; en Esp\u00edritu de Emprendimiento, Mariana Sof\u00eda Quintal Arg\u00e1ez; en Impulso a la Producci\u00f3n Rural, Feniel Juli\u00e1n Zapata Herrera, y en Desarrollo Art\u00edstico y Cultural, Jazm\u00edn Guadalupe Tzuc Pech.<br>\u00a0<br>En Desarrollo Deportivo fue galardonado Pedro Antonio Escalante Mart\u00edn; en Derechos Humanos y Cultura de Paz, Inquietas Colectiva, representada por Genny Alejandra Echeverr\u00eda Blanco; en Activismo en favor de la Diversidad Sexual, Daniel Iv\u00e1n Ehuan \u00c1vila; en Salud Integral, Jos\u00e9 Alonso Huchim Noh, y en Activismo en favor de los Derechos de las Mujeres, Alejandra Koyoc Gonz\u00e1lez.<br>\u00a0<br>Tambi\u00e9n recibieron esta distinci\u00f3n Manuel \u00c1ngel Pech L\u00f3pez, en la categor\u00eda Puente Intergeneracional; \u00c1ak Kuxtal Protecci\u00f3n de Vida Silvestre, A.C., representada por Jeshua Antonio Jim\u00e9nez Baas, en Protecci\u00f3n al Medio Ambiente; Yesenia Berenice Mart\u00edn Mex, en Defensa del Bienestar Animal; Enrique Mauricio Carrillo Romero, en Innovaci\u00f3n Tecnol\u00f3gica, y Jes\u00fas Roberto Chay Cano, en Identidad Maya.<\/p>\n\n\n\n<figure class=\"wp-block-image size-large\"><img loading=\"lazy\" decoding=\"async\" width=\"1024\" height=\"683\" src=\"http:\/\/vertienteglobal.com\/wp-content\/uploads\/2026\/08\/1001513120-1024x683.jpg\" alt=\"\" class=\"wp-image-264018\" srcset=\"http:\/\/vertienteglobal.com\/wp-content\/uploads\/2026\/08\/1001513120-1024x683.jpg 1024w, http:\/\/vertienteglobal.com\/wp-content\/uploads\/2026\/08\/1001513120-300x200.jpg 300w, http:\/\/vertienteglobal.com\/wp-content\/uploads\/2026\/08\/1001513120-150x100.jpg 150w, http:\/\/vertienteglobal.com\/wp-content\/uploads\/2026\/08\/1001513120-768x512.jpg 768w, http:\/\/vertienteglobal.com\/wp-content\/uploads\/2026\/08\/1001513120-1536x1024.jpg 1536w, http:\/\/vertienteglobal.com\/wp-content\/uploads\/2026\/08\/1001513120-2048x1366.jpg 2048w\" sizes=\"auto, (max-width: 1024px) 100vw, 1024px\" \/><\/figure>\n\n\n\n<figure class=\"wp-block-image size-large\"><img loading=\"lazy\" decoding=\"async\" width=\"1024\" height=\"638\" src=\"http:\/\/vertienteglobal.com\/wp-content\/uploads\/2026\/08\/1001513121-1024x638.jpg\" alt=\"\" class=\"wp-image-264019\" srcset=\"http:\/\/vertienteglobal.com\/wp-content\/uploads\/2026\/08\/1001513121-1024x638.jpg 1024w, http:\/\/vertienteglobal.com\/wp-content\/uploads\/2026\/08\/1001513121-300x187.jpg 300w, http:\/\/vertienteglobal.com\/wp-content\/uploads\/2026\/08\/1001513121-150x93.jpg 150w, http:\/\/vertienteglobal.com\/wp-content\/uploads\/2026\/08\/1001513121-768x478.jpg 768w, http:\/\/vertienteglobal.com\/wp-content\/uploads\/2026\/08\/1001513121-1536x957.jpg 1536w, http:\/\/vertienteglobal.com\/wp-content\/uploads\/2026\/08\/1001513121-2048x1276.jpg 2048w\" sizes=\"auto, (max-width: 1024px) 100vw, 1024px\" \/><\/figure>\n\n\n\n<figure class=\"wp-block-embed is-type-rich is-provider-x wp-block-embed-x\"><div class=\"wp-block-embed__wrapper\">\n<div class=\"oceanwp-oembed-wrap clr\"><div class=\"embed-x\"><blockquote class=\"twitter-tweet\" data-width=\"550\" data-dnt=\"true\"><p lang=\"es\" dir=\"ltr\">Historias de talento y superaci\u00f3n inspiran a las juventudes de Yucat\u00e1n*<br>\u00a0<br>El Gobernador Joaqu\u00edn D\u00edaz Mena (<a href=\"https:\/\/x.com\/huachodiazmena?ref_src=twsrc%5Etfw\">@huachodiazmena<\/a>) entreg\u00f3 el Premio Estatal de las Juventudes 2026 a 13 j\u00f3venes y dos colectivos que contribuyen al bienestar y desarrollo del estado<br>\u00a0<br>Las personas\u2026 <a href=\"https:\/\/t.co\/NuftmOwJIh\">pic.twitter.com\/NuftmOwJIh<\/a><\/p>&mdash; vertienteglobal.com (@VertienteGloba1) <a href=\"https:\/\/x.com\/VertienteGloba1\/status\/2091689562703847573?ref_src=twsrc%5Etfw\">August 24, 2026<\/a><\/blockquote><script async src=\"https:\/\/platform.x.com\/widgets.js\" charset=\"utf-8\"><\/script><\/div><\/div>\n<\/div><\/figure>\n","protected":false},"excerpt":{"rendered":"<p>(Redacci\u00f3n) El Gobernador Joaqu\u00edn D\u00edaz Mena entreg\u00f3 el Premio Estatal de las Juventudes 2026 a 13 j\u00f3venes y dos colectivos que contribuyen al bienestar y desarrollo del estado\u00a0Las personas galardonadas compartieron testimonios de perseverancia, inclusi\u00f3n, investigaci\u00f3n y divulgaci\u00f3n cient\u00edfica M\u00e9rida, Yucat\u00e1n, a 23 de agosto de 2026.-El talento, la perseverancia y el compromiso social de [&hellip;]<\/p>\n","protected":false},"author":6,"featured_media":264017,"comment_status":"open","ping_status":"open","sticky":false,"template":"","format":"standard","meta":{"footnotes":""},"categories":[2],"tags":[],"class_list":["post-264016","post","type-post","status-publish","format-standard","has-post-thumbnail","hentry","category-yucatan","entry","has-media"],"jetpack_featured_media_url":"http:\/\/vertienteglobal.com\/wp-content\/uploads\/2026\/08\/1001513119-scaled.jpg","_links":{"self":[{"href":"http:\/\/vertienteglobal.com\/index.php?rest_route=\/wp\/v2\/posts\/264016","targetHints":{"allow":["GET"]}}],"collection":[{"href":"http:\/\/vertienteglobal.com\/index.php?rest_route=\/wp\/v2\/posts"}],"about":[{"href":"http:\/\/vertienteglobal.com\/index.php?rest_route=\/wp\/v2\/types\/post"}],"author":[{"embeddable":true,"href":"http:\/\/vertienteglobal.com\/index.php?rest_route=\/wp\/v2\/users\/6"}],"replies":[{"embeddable":true,"href":"http:\/\/vertienteglobal.com\/index.php?rest_route=%2Fwp%2Fv2%2Fcomments&post=264016"}],"version-history":[{"count":1,"href":"http:\/\/vertienteglobal.com\/index.php?rest_route=\/wp\/v2\/posts\/264016\/revisions"}],"predecessor-version":[{"id":264020,"href":"http:\/\/vertienteglobal.com\/index.php?rest_route=\/wp\/v2\/posts\/264016\/revisions\/264020"}],"wp:featuredmedia":[{"embeddable":true,"href":"http:\/\/vertienteglobal.com\/index.php?rest_route=\/wp\/v2\/media\/264017"}],"wp:attachment":[{"href":"http:\/\/vertienteglobal.com\/index.php?rest_route=%2Fwp%2Fv2%2Fmedia&parent=264016"}],"wp:term":[{"taxonomy":"category","embeddable":true,"href":"http:\/\/vertienteglobal.com\/index.php?rest_route=%2Fwp%2Fv2%2Fcategories&post=264016"},{"taxonomy":"post_tag","embeddable":true,"href":"http:\/\/vertienteglobal.com\/index.php?rest_route=%2Fwp%2Fv2%2Ftags&post=264016"}],"curies":[{"name":"wp","href":"https:\/\/api.w.org\/{rel}","templated":true}]}}