{"id":264013,"date":"2026-08-23T19:50:00","date_gmt":"2026-08-24T00:50:00","guid":{"rendered":"http:\/\/vertienteglobal.com\/?p=264013"},"modified":"2026-08-24T07:32:37","modified_gmt":"2026-08-24T12:32:37","slug":"yucatan-e-imss-bienestar-avanzan-en-la-contratacion-de-personal-para-fortalecer-la-atencion-medica","status":"publish","type":"post","link":"http:\/\/vertienteglobal.com\/?p=264013","title":{"rendered":"Yucat\u00e1n e IMSS-Bienestar avanzan en la contrataci\u00f3n de personal para fortalecer la atenci\u00f3n m\u00e9dica\u00a0"},"content":{"rendered":"\n<div class=\"twitterbutton\" style=\"float: right; padding-left: 5px;\"><a href=\"http:\/\/twitter.com\/share\" class=\"twitter-share-button\" data-count=\"horizontal\" data-text=\"Yucat\u00e1n e IMSS-Bienestar avanzan en la contrataci\u00f3n de personal para fortalece...\" data-via=\"https:\/\/twitter.com\/VertienteGloba1\" data-url=\"http:\/\/vertienteglobal.com\/?p=264013\" data-lang=\"es\" data-related=\"Informaci\u00f3n general:S\u00edguenos para que est\u00e9ss informado\"><\/a><\/div>\n<figure class=\"wp-block-image size-large\"><img loading=\"lazy\" decoding=\"async\" width=\"1024\" height=\"683\" src=\"http:\/\/vertienteglobal.com\/wp-content\/uploads\/2026\/08\/1001513118-1024x683.jpg\" alt=\"\" class=\"wp-image-264014\" srcset=\"http:\/\/vertienteglobal.com\/wp-content\/uploads\/2026\/08\/1001513118-1024x683.jpg 1024w, http:\/\/vertienteglobal.com\/wp-content\/uploads\/2026\/08\/1001513118-300x200.jpg 300w, http:\/\/vertienteglobal.com\/wp-content\/uploads\/2026\/08\/1001513118-150x100.jpg 150w, http:\/\/vertienteglobal.com\/wp-content\/uploads\/2026\/08\/1001513118-768x512.jpg 768w, http:\/\/vertienteglobal.com\/wp-content\/uploads\/2026\/08\/1001513118-1536x1024.jpg 1536w, http:\/\/vertienteglobal.com\/wp-content\/uploads\/2026\/08\/1001513118-2048x1365.jpg 2048w\" sizes=\"auto, (max-width: 1024px) 100vw, 1024px\" \/><\/figure>\n\n\n\n<p>(Redacci\u00f3n)<\/p>\n\n\n\n<p><em>El Gobernador Joaqu\u00edn D\u00edaz Mena instruy\u00f3 fortalecer la coordinaci\u00f3n con IMSS-Bienestar para avanzar en la contrataci\u00f3n del personal necesario en centros de salud y hospitales de Yucat\u00e1n<\/em><\/p>\n\n\n\n<p>M\u00e9rida, Yucat\u00e1n, 23 de agosto de 2026.-Para fortalecer la atenci\u00f3n m\u00e9dica en Yucat\u00e1n, el Gobernador Joaqu\u00edn D\u00edaz Mena sostuvo una reuni\u00f3n de trabajo con el coordinador estatal de Enfermer\u00eda de la Secretar\u00eda de Salud de Yucat\u00e1n (SSY), Joel N\u00fa\u00f1ez Marrufo, a quien instruy\u00f3 mantener una estrecha coordinaci\u00f3n con IMSS-Bienestar para avanzar en la contrataci\u00f3n del personal que requieren las unidades m\u00e9dicas de la entidad.<br>\u00a0<br>Estas acciones consolidan el trabajo conjunto entre el Gobierno del Renacimiento Maya y la Federaci\u00f3n, al sumar capacidades y esfuerzos para atender una de las prioridades del sistema de salud: contar con los recursos humanos suficientes para brindar atenci\u00f3n oportuna y de calidad en centros de salud y hospitales.<br>\u00a0<br>Durante la reuni\u00f3n, D\u00edaz Mena se\u00f1al\u00f3 que reforzar las plantillas de personal forma parte del compromiso de su administraci\u00f3n de avanzar hacia un sistema de salud con mayor capacidad de respuesta y cobertura para las familias yucatecas.<br>\u00a0<br>\u201cEstamos fortaleciendo el trabajo conjunto entre el Estado y la Federaci\u00f3n para contar con el personal necesario en nuestros centros de salud y hospitales. La salud de las y los yucatecos es una prioridad y vamos a seguir sumando esfuerzos para mejorar la atenci\u00f3n\u201d, afirm\u00f3.<br>\u00a0<br>El Gobernador destac\u00f3 particularmente la importancia del personal de enfermer\u00eda, al se\u00f1alar que constituye una pieza fundamental en la atenci\u00f3n cotidiana de las y los pacientes y en el funcionamiento de las unidades m\u00e9dicas.<br>\u00a0<br>\u201cLa enfermer\u00eda es una pieza fundamental de la atenci\u00f3n m\u00e9dica. Por ello, seguiremos trabajando para mejorar sus condiciones y garantizar servicios de salud con calidad, calidez y mayor cobertura en todo Yucat\u00e1n\u201d, sostuvo.<br>\u00a0<br>D\u00edaz Mena reiter\u00f3 que el Gobierno del Renacimiento Maya continuar\u00e1 trabajando de manera coordinada con IMSS-Bienestar y el Gobierno de M\u00e9xico para ampliar las capacidades del sistema p\u00fablico de salud y avanzar en la incorporaci\u00f3n del personal m\u00e9dico, de enfermer\u00eda y de otras \u00e1reas que permita responder a las necesidades de la poblaci\u00f3n.<br>\u00a0<br>Con estas acciones, el Gobierno del Estado refrenda su compromiso de colocar la salud como una prioridad y garantizar que la infraestructura hospitalaria cuente con el personal necesario para brindar una atenci\u00f3n digna, cercana y eficiente a las y los yucatecos.<br>\u00a0<br>\u00a0<br><\/p>\n","protected":false},"excerpt":{"rendered":"<p>(Redacci\u00f3n) El Gobernador Joaqu\u00edn D\u00edaz Mena instruy\u00f3 fortalecer la coordinaci\u00f3n con IMSS-Bienestar para avanzar en la contrataci\u00f3n del personal necesario en centros de salud y hospitales de Yucat\u00e1n M\u00e9rida, Yucat\u00e1n, 23 de agosto de 2026.-Para fortalecer la atenci\u00f3n m\u00e9dica en Yucat\u00e1n, el Gobernador Joaqu\u00edn D\u00edaz Mena sostuvo una reuni\u00f3n de trabajo con el coordinador estatal [&hellip;]<\/p>\n","protected":false},"author":6,"featured_media":264014,"comment_status":"open","ping_status":"open","sticky":false,"template":"","format":"standard","meta":{"footnotes":""},"categories":[2],"tags":[],"class_list":["post-264013","post","type-post","status-publish","format-standard","has-post-thumbnail","hentry","category-yucatan","entry","has-media"],"jetpack_featured_media_url":"http:\/\/vertienteglobal.com\/wp-content\/uploads\/2026\/08\/1001513118-scaled.jpg","_links":{"self":[{"href":"http:\/\/vertienteglobal.com\/index.php?rest_route=\/wp\/v2\/posts\/264013","targetHints":{"allow":["GET"]}}],"collection":[{"href":"http:\/\/vertienteglobal.com\/index.php?rest_route=\/wp\/v2\/posts"}],"about":[{"href":"http:\/\/vertienteglobal.com\/index.php?rest_route=\/wp\/v2\/types\/post"}],"author":[{"embeddable":true,"href":"http:\/\/vertienteglobal.com\/index.php?rest_route=\/wp\/v2\/users\/6"}],"replies":[{"embeddable":true,"href":"http:\/\/vertienteglobal.com\/index.php?rest_route=%2Fwp%2Fv2%2Fcomments&post=264013"}],"version-history":[{"count":1,"href":"http:\/\/vertienteglobal.com\/index.php?rest_route=\/wp\/v2\/posts\/264013\/revisions"}],"predecessor-version":[{"id":264015,"href":"http:\/\/vertienteglobal.com\/index.php?rest_route=\/wp\/v2\/posts\/264013\/revisions\/264015"}],"wp:featuredmedia":[{"embeddable":true,"href":"http:\/\/vertienteglobal.com\/index.php?rest_route=\/wp\/v2\/media\/264014"}],"wp:attachment":[{"href":"http:\/\/vertienteglobal.com\/index.php?rest_route=%2Fwp%2Fv2%2Fmedia&parent=264013"}],"wp:term":[{"taxonomy":"category","embeddable":true,"href":"http:\/\/vertienteglobal.com\/index.php?rest_route=%2Fwp%2Fv2%2Fcategories&post=264013"},{"taxonomy":"post_tag","embeddable":true,"href":"http:\/\/vertienteglobal.com\/index.php?rest_route=%2Fwp%2Fv2%2Ftags&post=264013"}],"curies":[{"name":"wp","href":"https:\/\/api.w.org\/{rel}","templated":true}]}}