{"id":264003,"date":"2026-08-23T23:50:00","date_gmt":"2026-08-24T04:50:00","guid":{"rendered":"http:\/\/vertienteglobal.com\/?p=264003"},"modified":"2026-08-24T07:15:31","modified_gmt":"2026-08-24T12:15:31","slug":"la-cara-oculta-de-la-luna-podria-revelar-que-ocurrio-antes-de-que-nacieran-las-primeras-estrellas","status":"publish","type":"post","link":"http:\/\/vertienteglobal.com\/?p=264003","title":{"rendered":"La cara oculta de la Luna podr\u00eda revelar qu\u00e9 ocurri\u00f3 antes de que nacieran las primeras estrellas"},"content":{"rendered":"\n<div class=\"twitterbutton\" style=\"float: right; padding-left: 5px;\"><a href=\"http:\/\/twitter.com\/share\" class=\"twitter-share-button\" data-count=\"horizontal\" data-text=\"La cara oculta de la Luna podr\u00eda revelar qu\u00e9 ocurri\u00f3 antes de que nacieran la...\" data-via=\"https:\/\/twitter.com\/VertienteGloba1\" data-url=\"http:\/\/vertienteglobal.com\/?p=264003\" data-lang=\"es\" data-related=\"Informaci\u00f3n general:S\u00edguenos para que est\u00e9ss informado\"><\/a><\/div>\n<figure class=\"wp-block-image size-full\"><img loading=\"lazy\" decoding=\"async\" width=\"1024\" height=\"683\" src=\"http:\/\/vertienteglobal.com\/wp-content\/uploads\/2026\/08\/1001513060.webp\" alt=\"\" class=\"wp-image-264004\" srcset=\"http:\/\/vertienteglobal.com\/wp-content\/uploads\/2026\/08\/1001513060.webp 1024w, http:\/\/vertienteglobal.com\/wp-content\/uploads\/2026\/08\/1001513060-300x200.webp 300w, http:\/\/vertienteglobal.com\/wp-content\/uploads\/2026\/08\/1001513060-150x100.webp 150w, http:\/\/vertienteglobal.com\/wp-content\/uploads\/2026\/08\/1001513060-768x512.webp 768w\" sizes=\"auto, (max-width: 1024px) 100vw, 1024px\" \/><\/figure>\n\n\n\n<p>(Redacci\u00f3n)<\/p>\n\n\n\n<p><\/p>\n\n\n\n<p>Ciudad de M\u00e9xico 23 de agosto de 2026.-El CosmoCube, un sat\u00e9lite no m\u00e1s grande que una peque\u00f1a maleta de mano, utilizar\u00e1 la cara oculta de la Luna para intentar detectar una de las se\u00f1ales m\u00e1s antiguas del universo y estudiar qu\u00e9 ocurri\u00f3 durante la llamada edad oscura c\u00f3smica, una etapa que tuvo lugar antes de la formaci\u00f3n de las primeras estrellas.<\/p>\n\n\n\n<p>El proyecto, desarrollado por un equipo internacional de cient\u00edficos liderado por la Universidad de Cambridge, contempla enviar un peque\u00f1o sat\u00e9lite a la \u00f3rbita lunar para aprovechar el lado oculto de la Luna como un escudo natural contra las interferencias de radio provenientes de la Tierra.<\/p>\n\n\n\n<p>\u00bfQu\u00e9 busca detectar CosmoCube?<\/p>\n\n\n\n<p>La misi\u00f3n pretende estudiar la denominada se\u00f1al de 21 cent\u00edmetros, una emisi\u00f3n producida por \u00e1tomos de hidr\u00f3geno que podr\u00eda proporcionar informaci\u00f3n sobre el universo primitivo.<\/p>\n\n\n\n<p>Los cient\u00edficos buscan conocer qu\u00e9 ocurri\u00f3 durante aproximadamente 150 millones de a\u00f1os, entre el resplandor posterior al \u00abBig Bang\u00bb y el momento en que comenzaron a formarse las primeras estrellas.<\/p>\n\n\n\n<p>Esta etapa, conocida como edad oscura del universo, todav\u00eda no ha sido observada directamente debido a la enorme dificultad para detectar las d\u00e9biles se\u00f1ales de radio procedentes de aquella \u00e9poca.<\/p>\n\n\n\n<p>La Luna, clave para evitar interferencias<\/p>\n\n\n\n<p>Uno de los principales obst\u00e1culos para este tipo de investigaciones es el ruido radioel\u00e9ctrico generado en la Tierra. Las telecomunicaciones, las transmisiones de radio y otros sistemas pueden ocultar la se\u00f1al que los investigadores buscan detectar.<\/p>\n\n\n\n<p>La cara oculta de la Luna podr\u00eda solucionar parte del problema, ya que funciona como una barrera natural frente a las se\u00f1ales provenientes de nuestro planeta.<\/p>\n\n\n\n<p>CosmoCube tendr\u00eda una \u00f3rbita de aproximadamente dos horas y pasar\u00eda cerca de 40 minutos detr\u00e1s de la Luna en cada recorrido. Durante una misi\u00f3n prevista de dos a\u00f1os, los investigadores esperan reunir alrededor de mil horas de observaciones.<\/p>\n\n\n\n<p>El sat\u00e9lite estudiar\u00eda frecuencias extremadamente bajas, de entre 10 y 50 megahercios, un rango dif\u00edcil de analizar desde la Tierra.<\/p>\n\n\n\n<p>Tambi\u00e9n estudiar\u00e1 la materia oscura<\/p>\n\n\n\n<p>Adem\u00e1s de investigar las primeras etapas del universo, CosmoCube podr\u00eda aportar informaci\u00f3n sobre la materia oscura, una sustancia que no puede observarse directamente, pero cuya gravedad influye en la formaci\u00f3n y evoluci\u00f3n de galaxias.<\/p>\n\n\n\n<p>De acuerdo con los investigadores, analizar la distribuci\u00f3n del hidr\u00f3geno antes del nacimiento de las primeras estrellas podr\u00eda ayudar a comprender el papel que tuvo la materia oscura en la formaci\u00f3n de las primeras estructuras c\u00f3smicas.<\/p>\n\n\n\n<p>El proyecto cuenta con financiaci\u00f3n de la Agencia Espacial del Reino Unido y sus responsables esperan que el lanzamiento pueda realizarse dentro de los pr\u00f3ximos cinco a\u00f1os. (Fuente: ScyTech Daily\/XEU)<\/p>\n","protected":false},"excerpt":{"rendered":"<p>(Redacci\u00f3n) Ciudad de M\u00e9xico 23 de agosto de 2026.-El CosmoCube, un sat\u00e9lite no m\u00e1s grande que una peque\u00f1a maleta de mano, utilizar\u00e1 la cara oculta de la Luna para intentar detectar una de las se\u00f1ales m\u00e1s antiguas del universo y estudiar qu\u00e9 ocurri\u00f3 durante la llamada edad oscura c\u00f3smica, una etapa que tuvo lugar antes [&hellip;]<\/p>\n","protected":false},"author":6,"featured_media":264004,"comment_status":"open","ping_status":"open","sticky":false,"template":"","format":"standard","meta":{"footnotes":""},"categories":[8],"tags":[],"class_list":["post-264003","post","type-post","status-publish","format-standard","has-post-thumbnail","hentry","category-pais","entry","has-media"],"jetpack_featured_media_url":"http:\/\/vertienteglobal.com\/wp-content\/uploads\/2026\/08\/1001513060.webp","_links":{"self":[{"href":"http:\/\/vertienteglobal.com\/index.php?rest_route=\/wp\/v2\/posts\/264003","targetHints":{"allow":["GET"]}}],"collection":[{"href":"http:\/\/vertienteglobal.com\/index.php?rest_route=\/wp\/v2\/posts"}],"about":[{"href":"http:\/\/vertienteglobal.com\/index.php?rest_route=\/wp\/v2\/types\/post"}],"author":[{"embeddable":true,"href":"http:\/\/vertienteglobal.com\/index.php?rest_route=\/wp\/v2\/users\/6"}],"replies":[{"embeddable":true,"href":"http:\/\/vertienteglobal.com\/index.php?rest_route=%2Fwp%2Fv2%2Fcomments&post=264003"}],"version-history":[{"count":1,"href":"http:\/\/vertienteglobal.com\/index.php?rest_route=\/wp\/v2\/posts\/264003\/revisions"}],"predecessor-version":[{"id":264005,"href":"http:\/\/vertienteglobal.com\/index.php?rest_route=\/wp\/v2\/posts\/264003\/revisions\/264005"}],"wp:featuredmedia":[{"embeddable":true,"href":"http:\/\/vertienteglobal.com\/index.php?rest_route=\/wp\/v2\/media\/264004"}],"wp:attachment":[{"href":"http:\/\/vertienteglobal.com\/index.php?rest_route=%2Fwp%2Fv2%2Fmedia&parent=264003"}],"wp:term":[{"taxonomy":"category","embeddable":true,"href":"http:\/\/vertienteglobal.com\/index.php?rest_route=%2Fwp%2Fv2%2Fcategories&post=264003"},{"taxonomy":"post_tag","embeddable":true,"href":"http:\/\/vertienteglobal.com\/index.php?rest_route=%2Fwp%2Fv2%2Ftags&post=264003"}],"curies":[{"name":"wp","href":"https:\/\/api.w.org\/{rel}","templated":true}]}}