{"id":263985,"date":"2026-08-23T20:39:00","date_gmt":"2026-08-24T01:39:00","guid":{"rendered":"http:\/\/vertienteglobal.com\/?p=263985"},"modified":"2026-08-24T07:00:15","modified_gmt":"2026-08-24T12:00:15","slug":"fortalece-quintana-roo-su-proyeccion-internacional-como-sede-del-cancun-country-open-atp-challenger-tour-2026","status":"publish","type":"post","link":"http:\/\/vertienteglobal.com\/?p=263985","title":{"rendered":"Fortalece Quintana Roo su proyecci\u00f3n internacional como sede del Canc\u00fan Country Open ATP Challenger Tour 2026"},"content":{"rendered":"\n<div class=\"twitterbutton\" style=\"float: right; padding-left: 5px;\"><a href=\"http:\/\/twitter.com\/share\" class=\"twitter-share-button\" data-count=\"horizontal\" data-text=\"Fortalece Quintana Roo su proyecci\u00f3n internacional como sede del Canc\u00fan Countr...\" data-via=\"https:\/\/twitter.com\/VertienteGloba1\" data-url=\"http:\/\/vertienteglobal.com\/?p=263985\" data-lang=\"es\" data-related=\"Informaci\u00f3n general:S\u00edguenos para que est\u00e9ss informado\"><\/a><\/div>\n<figure class=\"wp-block-image size-large\"><img loading=\"lazy\" decoding=\"async\" width=\"1024\" height=\"683\" src=\"http:\/\/vertienteglobal.com\/wp-content\/uploads\/2026\/08\/1001512997-1024x683.jpg\" alt=\"\" class=\"wp-image-263986\" srcset=\"http:\/\/vertienteglobal.com\/wp-content\/uploads\/2026\/08\/1001512997-1024x683.jpg 1024w, http:\/\/vertienteglobal.com\/wp-content\/uploads\/2026\/08\/1001512997-300x200.jpg 300w, http:\/\/vertienteglobal.com\/wp-content\/uploads\/2026\/08\/1001512997-150x100.jpg 150w, http:\/\/vertienteglobal.com\/wp-content\/uploads\/2026\/08\/1001512997-768x512.jpg 768w, http:\/\/vertienteglobal.com\/wp-content\/uploads\/2026\/08\/1001512997.jpg 1280w\" sizes=\"auto, (max-width: 1024px) 100vw, 1024px\" \/><\/figure>\n\n\n\n<p>(Redacci\u00f3n)<\/p>\n\n\n\n<p>Hubert Hurkacz se corona campe\u00f3n del Canc\u00fan Country Open ATP Challenger Tour 2026 y es premiado por la Gobernadora Mara Lezama<\/p>\n\n\n\n<p>El tenista polaco venci\u00f3 al argentino Sebasti\u00e1n B\u00e1ez en la final de singles, en un torneo internacional que reuni\u00f3 a m\u00e1s de 70 jugadores de 29 pa\u00edses y consolid\u00f3 a Canc\u00fan como sede del tenis profesional<\/p>\n\n\n\n<p>Canc\u00fan, Quintana Roo 23 de agosto 2026.- En un ambiente festivo, tras un emotivo partido, la gobernadora Mara Lezama Espinosa y directivos del Canc\u00fan Country Open ATP Challenger Tour 2026 premiaron al polaco Hubert Hurkacz, quien se coron\u00f3 campe\u00f3n del torneo al imponerse en la final al argentino Sebasti\u00e1n B\u00e1ez, en singles.<\/p>\n\n\n\n<p>La ceremonia de premiaci\u00f3n estuvo encabezada por la gobernadora Mara Lezama, el promotor Francisco Tarazona; el director del Canc\u00fan Country Open ATP Challenger Tour 2026, Daniel Langre; el representante oficial de la ATP para el Canc\u00fan Country, Dee Houle; y el supervisor del ATP para el evento, Rogerio Santos.<\/p>\n\n\n\n<p>Por segundo a\u00f1o consecutivo, Canc\u00fan es sede de este torneo internacional de tenis profesional masculino, que re\u00fane a destacados jugadores del circuito ATP y que, en esta edici\u00f3n, ha demostrado el creciente inter\u00e9s que existe por este tipo de competencias en el destino.<\/p>\n\n\n\n<p>En esta edici\u00f3n participaron m\u00e1s de 70 jugadores de 29 pa\u00edses. La cancha principal de la sede, el Canc\u00fan Country Club, increment\u00f3 su capacidad para 2 mil aficionados.<\/p>\n\n\n\n<p>El Canc\u00fan Country Open, que confirma que el turismo deportivo es clave para la diversificaci\u00f3n, se ha convertido en la antesala del prestigiado torneo de Cincinnati y el del legendario US OPEN, calificados entre los torneos m\u00e1s importantes del tenis mundial.<\/p>\n\n\n\n<p>Inicialmente, la Gobernadora particip\u00f3 en la entrega de reconocimientos en la competencia de dobles varonil. Los tenistas de India Sriram Balaji y Anirudh Chandrasekar se proclamaron campeones, mientras que el mexicano Miguel Reyes Varela y el bielorruso Iv\u00e1n Liutarevich obtuvieron el subcampeonato.<\/p>\n\n\n\n<p>En el evento de premiaci\u00f3n tambi\u00e9n particip\u00f3 el secretario estatal de Turismo, Bernardo Cueto Riestra y el secretario de turismo de Benito Ju\u00e1rez, Juan Pablo de Zulueta.<\/p>\n\n\n\n<figure class=\"wp-block-image size-large\"><img loading=\"lazy\" decoding=\"async\" width=\"1024\" height=\"758\" src=\"http:\/\/vertienteglobal.com\/wp-content\/uploads\/2026\/08\/1001512998-1024x758.jpg\" alt=\"\" class=\"wp-image-263987\" srcset=\"http:\/\/vertienteglobal.com\/wp-content\/uploads\/2026\/08\/1001512998-1024x758.jpg 1024w, http:\/\/vertienteglobal.com\/wp-content\/uploads\/2026\/08\/1001512998-300x222.jpg 300w, http:\/\/vertienteglobal.com\/wp-content\/uploads\/2026\/08\/1001512998-150x111.jpg 150w, http:\/\/vertienteglobal.com\/wp-content\/uploads\/2026\/08\/1001512998-768x569.jpg 768w, http:\/\/vertienteglobal.com\/wp-content\/uploads\/2026\/08\/1001512998.jpg 1280w\" sizes=\"auto, (max-width: 1024px) 100vw, 1024px\" \/><\/figure>\n\n\n\n<figure class=\"wp-block-image size-large\"><img loading=\"lazy\" decoding=\"async\" width=\"1024\" height=\"683\" src=\"http:\/\/vertienteglobal.com\/wp-content\/uploads\/2026\/08\/1001512999-1024x683.jpg\" alt=\"\" class=\"wp-image-263988\" srcset=\"http:\/\/vertienteglobal.com\/wp-content\/uploads\/2026\/08\/1001512999-1024x683.jpg 1024w, http:\/\/vertienteglobal.com\/wp-content\/uploads\/2026\/08\/1001512999-300x200.jpg 300w, http:\/\/vertienteglobal.com\/wp-content\/uploads\/2026\/08\/1001512999-150x100.jpg 150w, http:\/\/vertienteglobal.com\/wp-content\/uploads\/2026\/08\/1001512999-768x512.jpg 768w, http:\/\/vertienteglobal.com\/wp-content\/uploads\/2026\/08\/1001512999.jpg 1280w\" sizes=\"auto, (max-width: 1024px) 100vw, 1024px\" \/><\/figure>\n\n\n\n<figure class=\"wp-block-image size-large\"><img loading=\"lazy\" decoding=\"async\" width=\"1024\" height=\"683\" src=\"http:\/\/vertienteglobal.com\/wp-content\/uploads\/2026\/08\/1001513000-1024x683.jpg\" alt=\"\" class=\"wp-image-263989\" srcset=\"http:\/\/vertienteglobal.com\/wp-content\/uploads\/2026\/08\/1001513000-1024x683.jpg 1024w, http:\/\/vertienteglobal.com\/wp-content\/uploads\/2026\/08\/1001513000-300x200.jpg 300w, http:\/\/vertienteglobal.com\/wp-content\/uploads\/2026\/08\/1001513000-150x100.jpg 150w, http:\/\/vertienteglobal.com\/wp-content\/uploads\/2026\/08\/1001513000-768x512.jpg 768w, http:\/\/vertienteglobal.com\/wp-content\/uploads\/2026\/08\/1001513000.jpg 1280w\" sizes=\"auto, (max-width: 1024px) 100vw, 1024px\" \/><\/figure>\n\n\n\n<figure class=\"wp-block-image size-large\"><img loading=\"lazy\" decoding=\"async\" width=\"1024\" height=\"683\" src=\"http:\/\/vertienteglobal.com\/wp-content\/uploads\/2026\/08\/1001513001-1024x683.jpg\" alt=\"\" class=\"wp-image-263990\" srcset=\"http:\/\/vertienteglobal.com\/wp-content\/uploads\/2026\/08\/1001513001-1024x683.jpg 1024w, http:\/\/vertienteglobal.com\/wp-content\/uploads\/2026\/08\/1001513001-300x200.jpg 300w, http:\/\/vertienteglobal.com\/wp-content\/uploads\/2026\/08\/1001513001-150x100.jpg 150w, http:\/\/vertienteglobal.com\/wp-content\/uploads\/2026\/08\/1001513001-768x512.jpg 768w, http:\/\/vertienteglobal.com\/wp-content\/uploads\/2026\/08\/1001513001.jpg 1280w\" sizes=\"auto, (max-width: 1024px) 100vw, 1024px\" \/><\/figure>\n\n\n\n<figure class=\"wp-block-image size-large\"><img loading=\"lazy\" decoding=\"async\" width=\"1024\" height=\"683\" src=\"http:\/\/vertienteglobal.com\/wp-content\/uploads\/2026\/08\/1001513002-1024x683.jpg\" alt=\"\" class=\"wp-image-263991\" srcset=\"http:\/\/vertienteglobal.com\/wp-content\/uploads\/2026\/08\/1001513002-1024x683.jpg 1024w, http:\/\/vertienteglobal.com\/wp-content\/uploads\/2026\/08\/1001513002-300x200.jpg 300w, http:\/\/vertienteglobal.com\/wp-content\/uploads\/2026\/08\/1001513002-150x100.jpg 150w, http:\/\/vertienteglobal.com\/wp-content\/uploads\/2026\/08\/1001513002-768x512.jpg 768w, http:\/\/vertienteglobal.com\/wp-content\/uploads\/2026\/08\/1001513002.jpg 1280w\" sizes=\"auto, (max-width: 1024px) 100vw, 1024px\" \/><\/figure>\n","protected":false},"excerpt":{"rendered":"<p>(Redacci\u00f3n) Hubert Hurkacz se corona campe\u00f3n del Canc\u00fan Country Open ATP Challenger Tour 2026 y es premiado por la Gobernadora Mara Lezama El tenista polaco venci\u00f3 al argentino Sebasti\u00e1n B\u00e1ez en la final de singles, en un torneo internacional que reuni\u00f3 a m\u00e1s de 70 jugadores de 29 pa\u00edses y consolid\u00f3 a Canc\u00fan como sede [&hellip;]<\/p>\n","protected":false},"author":6,"featured_media":263986,"comment_status":"open","ping_status":"open","sticky":false,"template":"","format":"standard","meta":{"footnotes":""},"categories":[11,3],"tags":[],"class_list":["post-263985","post","type-post","status-publish","format-standard","has-post-thumbnail","hentry","category-deportes","category-quintana-roo","entry","has-media"],"jetpack_featured_media_url":"http:\/\/vertienteglobal.com\/wp-content\/uploads\/2026\/08\/1001512997.jpg","_links":{"self":[{"href":"http:\/\/vertienteglobal.com\/index.php?rest_route=\/wp\/v2\/posts\/263985","targetHints":{"allow":["GET"]}}],"collection":[{"href":"http:\/\/vertienteglobal.com\/index.php?rest_route=\/wp\/v2\/posts"}],"about":[{"href":"http:\/\/vertienteglobal.com\/index.php?rest_route=\/wp\/v2\/types\/post"}],"author":[{"embeddable":true,"href":"http:\/\/vertienteglobal.com\/index.php?rest_route=\/wp\/v2\/users\/6"}],"replies":[{"embeddable":true,"href":"http:\/\/vertienteglobal.com\/index.php?rest_route=%2Fwp%2Fv2%2Fcomments&post=263985"}],"version-history":[{"count":1,"href":"http:\/\/vertienteglobal.com\/index.php?rest_route=\/wp\/v2\/posts\/263985\/revisions"}],"predecessor-version":[{"id":263992,"href":"http:\/\/vertienteglobal.com\/index.php?rest_route=\/wp\/v2\/posts\/263985\/revisions\/263992"}],"wp:featuredmedia":[{"embeddable":true,"href":"http:\/\/vertienteglobal.com\/index.php?rest_route=\/wp\/v2\/media\/263986"}],"wp:attachment":[{"href":"http:\/\/vertienteglobal.com\/index.php?rest_route=%2Fwp%2Fv2%2Fmedia&parent=263985"}],"wp:term":[{"taxonomy":"category","embeddable":true,"href":"http:\/\/vertienteglobal.com\/index.php?rest_route=%2Fwp%2Fv2%2Fcategories&post=263985"},{"taxonomy":"post_tag","embeddable":true,"href":"http:\/\/vertienteglobal.com\/index.php?rest_route=%2Fwp%2Fv2%2Ftags&post=263985"}],"curies":[{"name":"wp","href":"https:\/\/api.w.org\/{rel}","templated":true}]}}