{"id":260973,"date":"2026-07-16T17:03:00","date_gmt":"2026-07-16T22:03:00","guid":{"rendered":"http:\/\/vertienteglobal.com\/?p=260973"},"modified":"2026-07-16T23:24:25","modified_gmt":"2026-07-17T04:24:25","slug":"campesinas-mayas-reivindican-la-milpa-como-patrimonio-vivo-y-defensa-de-las-tradiciones","status":"publish","type":"post","link":"http:\/\/vertienteglobal.com\/?p=260973","title":{"rendered":"Campesinas mayas reivindican la milpa como patrimonio vivo y defensa de las tradiciones"},"content":{"rendered":"\n<div class=\"twitterbutton\" style=\"float: right; padding-left: 5px;\"><a href=\"http:\/\/twitter.com\/share\" class=\"twitter-share-button\" data-count=\"horizontal\" data-text=\"Campesinas mayas reivindican la milpa como patrimonio vivo y defensa de las trad...\" data-via=\"https:\/\/twitter.com\/VertienteGloba1\" data-url=\"http:\/\/vertienteglobal.com\/?p=260973\" data-lang=\"es\" data-related=\"Informaci\u00f3n general:S\u00edguenos para que est\u00e9ss informado\"><\/a><\/div>\n<figure class=\"wp-block-image size-large\"><img loading=\"lazy\" decoding=\"async\" width=\"1024\" height=\"682\" src=\"http:\/\/vertienteglobal.com\/wp-content\/uploads\/2026\/07\/1001414402-1024x682.jpg\" alt=\"\" class=\"wp-image-260974\" srcset=\"http:\/\/vertienteglobal.com\/wp-content\/uploads\/2026\/07\/1001414402-1024x682.jpg 1024w, http:\/\/vertienteglobal.com\/wp-content\/uploads\/2026\/07\/1001414402-300x200.jpg 300w, http:\/\/vertienteglobal.com\/wp-content\/uploads\/2026\/07\/1001414402-150x100.jpg 150w, http:\/\/vertienteglobal.com\/wp-content\/uploads\/2026\/07\/1001414402-768x512.jpg 768w, http:\/\/vertienteglobal.com\/wp-content\/uploads\/2026\/07\/1001414402-1536x1023.jpg 1536w, http:\/\/vertienteglobal.com\/wp-content\/uploads\/2026\/07\/1001414402.jpg 1600w\" sizes=\"auto, (max-width: 1024px) 100vw, 1024px\" \/><\/figure>\n\n\n\n<p>(Redacci\u00f3n)<\/p>\n\n\n\n<p>Secretar\u00eda de la Cultura y las Artes reuni\u00f3 en la Cineteca del Teatro Armando Manzanero a cinco colectivos que compartieron experiencias sobre soberan\u00eda alimentaria, agroecolog\u00eda y preservaci\u00f3n del territorio, mediante un conversatorio y una serie de audiovisuales<\/p>\n\n\n\n<p>M\u00e9rida, Yucat\u00e1n, a 16 de julio de 2026.-La milpa, el solar y la cocina son mucho m\u00e1s que espacios de producci\u00f3n de alimentos: son lugares donde se preserva la memoria, se transmiten saberes ancestrales y se fortalece la autonom\u00eda de las comunidades mayas.<\/p>\n\n\n\n<p>Bajo esta premisa, se realiz\u00f3 el conversatorio \u201cMujeres, milpa y memoria desde el fog\u00f3n\u201d, organizado por la Secretar\u00eda de la Cultura y las Artes (Sedeculta), en colaboraci\u00f3n con representantes de colectivos de campesinas mayas de distintas regiones de Yucat\u00e1n, en la Cineteca del Teatro Armando Manzanero.<\/p>\n\n\n\n<p>La convocatoria reuni\u00f3 a mujeres guardianas de la milpa, la cocina y los conocimientos ancestrales, quienes desde sus comunidades mantienen viva la relaci\u00f3n entre alimento, identidad, memoria, territorio y familia.<\/p>\n\n\n\n<p>Son mujeres que trabajan la tierra todos los d\u00edas y que, desde sus pr\u00e1cticas comunitarias, defienden semillas, recetas, formas de cultivo y saberes vinculados al ma\u00edz, la pepita, la miel, la calabaza y otros alimentos tradicionales.<\/p>\n\n\n\n<p>Asistieron Matilde Hoil, del colectivo M\u00f3ots: Ra\u00edces Vivas, de Chechmil; F\u00e1tima Castillo, de Solar Maya Pachpakal, de Man\u00ed; Mine Xiu, de Solar Maya Ya\u2019ax Che\u2019, de Mama; Gelsy Garc\u00eda Ceh, del colectivo Ma\u00edz Criollo, de Kantunil; y Valiana Aguilar, de Suumil M\u00f3okt\u2019aan, de Sinanch\u00e9.<\/p>\n\n\n\n<p>Las participantes se\u00f1alaron que la cocina y la milpa son inseparables, ya que los alimentos tradicionales dependen directamente de la conservaci\u00f3n de los cultivos, las semillas y los saberes transmitidos por madres y abuelas.<\/p>\n\n\n\n<p>Tambi\u00e9n afirmaron que mantener viva esta relaci\u00f3n es indispensable para que las nuevas generaciones contin\u00faen disfrutando de una alimentaci\u00f3n sana y de un patrimonio cultural que permanece vigente gracias al trabajo cotidiano de las comunidades.<\/p>\n\n\n\n<p>En el conversatorio, moderado por Katia Rej\u00f3n, se proyectaron audiovisuales surgidos a partir del Primer Encuentro de Mujeres Campesinas Mayas, realizado hace un a\u00f1o en Zinacant\u00e1n.<\/p>\n\n\n\n<p>Desde ese espacio, habitantes de distintas comunidades comenzaron a tejer una red de colaboraci\u00f3n para compartir conocimientos, semillas, recetas ancestrales \u2014como el toksel y el iswaaj\u2014, experiencias y estrategias frente a los desaf\u00edos que enfrentan los sistemas alimentarios locales.<\/p>\n\n\n\n<p>La titular de Sedeculta, Patricia Mart\u00edn Brice\u00f1o, destac\u00f3 que la cultura maya es uno de los patrimonios vivos m\u00e1s importantes del pa\u00eds y que la milpa representa uno de sus mayores legados, al concentrar conocimientos, pr\u00e1cticas comunitarias y formas de vida que contin\u00faan vigentes.<\/p>\n\n\n\n<p>Asimismo, se\u00f1al\u00f3 que el encuentro permiti\u00f3 reconocer la milpa, el solar, la cocina y la organizaci\u00f3n comunitaria como espacios desde los cuales las mujeres campesinas cuidan la vida, el territorio y la justicia alimentaria.<\/p>\n\n\n\n<p>Adem\u00e1s de la titular de Sedeculta, estuvieron presentes el director de Museos y Patrimonio de Sedeculta, Fidencio Brice\u00f1o Chel, y el director del Gran Museo del Mundo Maya, Juli\u00e1n Dzul Nah.<\/p>\n\n\n\n<p>Este encuentro abri\u00f3 un espacio de di\u00e1logo entre comunidades y sociedad para reconocer los saberes, pr\u00e1cticas y formas de organizaci\u00f3n que sostienen la cultura maya, as\u00ed como el papel de las mujeres campesinas en la preservaci\u00f3n del patrimonio cultural vivo de Yucat\u00e1n. <\/p>\n\n\n\n<figure class=\"wp-block-image size-large\"><img loading=\"lazy\" decoding=\"async\" width=\"1024\" height=\"682\" src=\"http:\/\/vertienteglobal.com\/wp-content\/uploads\/2026\/07\/1001414403-1024x682.jpg\" alt=\"\" class=\"wp-image-260975\" srcset=\"http:\/\/vertienteglobal.com\/wp-content\/uploads\/2026\/07\/1001414403-1024x682.jpg 1024w, http:\/\/vertienteglobal.com\/wp-content\/uploads\/2026\/07\/1001414403-300x200.jpg 300w, http:\/\/vertienteglobal.com\/wp-content\/uploads\/2026\/07\/1001414403-150x100.jpg 150w, http:\/\/vertienteglobal.com\/wp-content\/uploads\/2026\/07\/1001414403-768x512.jpg 768w, http:\/\/vertienteglobal.com\/wp-content\/uploads\/2026\/07\/1001414403-1536x1023.jpg 1536w, http:\/\/vertienteglobal.com\/wp-content\/uploads\/2026\/07\/1001414403.jpg 1600w\" sizes=\"auto, (max-width: 1024px) 100vw, 1024px\" \/><\/figure>\n\n\n\n<figure class=\"wp-block-image size-large\"><img loading=\"lazy\" decoding=\"async\" width=\"1024\" height=\"692\" src=\"http:\/\/vertienteglobal.com\/wp-content\/uploads\/2026\/07\/1001414404-1024x692.jpg\" alt=\"\" class=\"wp-image-260976\" srcset=\"http:\/\/vertienteglobal.com\/wp-content\/uploads\/2026\/07\/1001414404-1024x692.jpg 1024w, http:\/\/vertienteglobal.com\/wp-content\/uploads\/2026\/07\/1001414404-300x203.jpg 300w, http:\/\/vertienteglobal.com\/wp-content\/uploads\/2026\/07\/1001414404-150x101.jpg 150w, http:\/\/vertienteglobal.com\/wp-content\/uploads\/2026\/07\/1001414404-768x519.jpg 768w, http:\/\/vertienteglobal.com\/wp-content\/uploads\/2026\/07\/1001414404.jpg 1417w\" sizes=\"auto, (max-width: 1024px) 100vw, 1024px\" \/><\/figure>\n\n\n\n<figure class=\"wp-block-image size-large\"><img loading=\"lazy\" decoding=\"async\" width=\"1024\" height=\"669\" src=\"http:\/\/vertienteglobal.com\/wp-content\/uploads\/2026\/07\/1001414405-1024x669.jpg\" alt=\"\" class=\"wp-image-260977\" srcset=\"http:\/\/vertienteglobal.com\/wp-content\/uploads\/2026\/07\/1001414405-1024x669.jpg 1024w, http:\/\/vertienteglobal.com\/wp-content\/uploads\/2026\/07\/1001414405-300x196.jpg 300w, http:\/\/vertienteglobal.com\/wp-content\/uploads\/2026\/07\/1001414405-150x98.jpg 150w, http:\/\/vertienteglobal.com\/wp-content\/uploads\/2026\/07\/1001414405-768x502.jpg 768w, http:\/\/vertienteglobal.com\/wp-content\/uploads\/2026\/07\/1001414405.jpg 1525w\" sizes=\"auto, (max-width: 1024px) 100vw, 1024px\" \/><\/figure>\n","protected":false},"excerpt":{"rendered":"<p>(Redacci\u00f3n) Secretar\u00eda de la Cultura y las Artes reuni\u00f3 en la Cineteca del Teatro Armando Manzanero a cinco colectivos que compartieron experiencias sobre soberan\u00eda alimentaria, agroecolog\u00eda y preservaci\u00f3n del territorio, mediante un conversatorio y una serie de audiovisuales M\u00e9rida, Yucat\u00e1n, a 16 de julio de 2026.-La milpa, el solar y la cocina son mucho m\u00e1s [&hellip;]<\/p>\n","protected":false},"author":6,"featured_media":260974,"comment_status":"open","ping_status":"open","sticky":false,"template":"","format":"standard","meta":{"footnotes":""},"categories":[2],"tags":[],"class_list":["post-260973","post","type-post","status-publish","format-standard","has-post-thumbnail","hentry","category-yucatan","entry","has-media"],"jetpack_featured_media_url":"http:\/\/vertienteglobal.com\/wp-content\/uploads\/2026\/07\/1001414402.jpg","_links":{"self":[{"href":"http:\/\/vertienteglobal.com\/index.php?rest_route=\/wp\/v2\/posts\/260973","targetHints":{"allow":["GET"]}}],"collection":[{"href":"http:\/\/vertienteglobal.com\/index.php?rest_route=\/wp\/v2\/posts"}],"about":[{"href":"http:\/\/vertienteglobal.com\/index.php?rest_route=\/wp\/v2\/types\/post"}],"author":[{"embeddable":true,"href":"http:\/\/vertienteglobal.com\/index.php?rest_route=\/wp\/v2\/users\/6"}],"replies":[{"embeddable":true,"href":"http:\/\/vertienteglobal.com\/index.php?rest_route=%2Fwp%2Fv2%2Fcomments&post=260973"}],"version-history":[{"count":1,"href":"http:\/\/vertienteglobal.com\/index.php?rest_route=\/wp\/v2\/posts\/260973\/revisions"}],"predecessor-version":[{"id":260978,"href":"http:\/\/vertienteglobal.com\/index.php?rest_route=\/wp\/v2\/posts\/260973\/revisions\/260978"}],"wp:featuredmedia":[{"embeddable":true,"href":"http:\/\/vertienteglobal.com\/index.php?rest_route=\/wp\/v2\/media\/260974"}],"wp:attachment":[{"href":"http:\/\/vertienteglobal.com\/index.php?rest_route=%2Fwp%2Fv2%2Fmedia&parent=260973"}],"wp:term":[{"taxonomy":"category","embeddable":true,"href":"http:\/\/vertienteglobal.com\/index.php?rest_route=%2Fwp%2Fv2%2Fcategories&post=260973"},{"taxonomy":"post_tag","embeddable":true,"href":"http:\/\/vertienteglobal.com\/index.php?rest_route=%2Fwp%2Fv2%2Ftags&post=260973"}],"curies":[{"name":"wp","href":"https:\/\/api.w.org\/{rel}","templated":true}]}}