{"id":260935,"date":"2026-07-16T09:02:00","date_gmt":"2026-07-16T14:02:00","guid":{"rendered":"http:\/\/vertienteglobal.com\/?p=260935"},"modified":"2026-07-16T13:51:19","modified_gmt":"2026-07-16T18:51:19","slug":"la-presidenta-claudia-sheinbaum-rechaza-descarrilamiento-del-tren-interoceanico-fue-un-incidente","status":"publish","type":"post","link":"http:\/\/vertienteglobal.com\/?p=260935","title":{"rendered":"La Presidenta Claudia Sheinbaum rechaza descarrilamiento del Tren Interoce\u00e1nico: \u201cfue un incidente\u201d"},"content":{"rendered":"\n<div class=\"twitterbutton\" style=\"float: right; padding-left: 5px;\"><a href=\"http:\/\/twitter.com\/share\" class=\"twitter-share-button\" data-count=\"horizontal\" data-text=\"La Presidenta Claudia Sheinbaum rechaza descarrilamiento del Tren Interoce\u00e1nico...\" data-via=\"https:\/\/twitter.com\/VertienteGloba1\" data-url=\"http:\/\/vertienteglobal.com\/?p=260935\" data-lang=\"es\" data-related=\"Informaci\u00f3n general:S\u00edguenos para que est\u00e9ss informado\"><\/a><\/div>\n<figure class=\"wp-block-image size-full\"><img loading=\"lazy\" decoding=\"async\" width=\"1024\" height=\"683\" src=\"http:\/\/vertienteglobal.com\/wp-content\/uploads\/2026\/07\/1001413061.webp\" alt=\"\" class=\"wp-image-260936\" srcset=\"http:\/\/vertienteglobal.com\/wp-content\/uploads\/2026\/07\/1001413061.webp 1024w, http:\/\/vertienteglobal.com\/wp-content\/uploads\/2026\/07\/1001413061-300x200.webp 300w, http:\/\/vertienteglobal.com\/wp-content\/uploads\/2026\/07\/1001413061-150x100.webp 150w, http:\/\/vertienteglobal.com\/wp-content\/uploads\/2026\/07\/1001413061-768x512.webp 768w\" sizes=\"auto, (max-width: 1024px) 100vw, 1024px\" \/><\/figure>\n\n\n\n<p>(Redacci\u00f3n)<\/p>\n\n\n\n<p>Sheinbaum Pardo dijo que \u201cm\u00e1s que descarrilamiento, digamos, no cayeron completamente los vagones, pero s\u00ed fue un incidente; ayer se report\u00f3 por parte de la Marina y se est\u00e1n haciendo las revisiones\u201d<\/p>\n\n\n\n<p>Cuidad de M\u00e9xico 16 de julio 2026.-La presidenta Claudia Sheinbaum rechaz\u00f3 que el Tren Interoce\u00e1nico haya sufrido un descarrilamiento en la l\u00ednea Z que se report\u00f3 en Oaxaca, y lo calific\u00f3 como un \u201cincidente\u201d.<\/p>\n\n\n\n<p>Y es que la noche del pasado martes, ocurri\u00f3 el percance que involucr\u00f3 dos unidades articuladas de un tren de carga, a la altura del punto kilom\u00e9trico PK-230+800 el cual corresponde a la zona de Nizanda.<\/p>\n\n\n\n<p>Sheinbaum Pardo dijo que \u201cm\u00e1s que descarrilamiento, digamos, no cayeron completamente los vagones, pero s\u00ed fue un incidente; ayer se report\u00f3 por parte de la Marina y se est\u00e1n haciendo las revisiones\u201d.<\/p>\n\n\n\n<p>Agreg\u00f3 que se atender\u00e1n las recomendaciones de la consultora externa respecto a este tramo, luego del descarrilamiento de diciembre de 2025, en la misma zona, que dej\u00f3 14 personas fallecidas y 98 personas lesionados.<\/p>\n\n\n\n<p>la Secretar\u00eda de Marina indic\u00f3, en un comunicado, que en el accidente no se reportaron personas lesionados, ni afectaciones y agreg\u00f3 de inmediato se activaron los protocolos de seguridad para el retirar la locomotora y los vagones de carga da\u00f1ados y la liberar la v\u00eda.<\/p>\n\n\n\n<p>Debido al accidente de diciembre pasado, el servicio de pasajeros del Corredor est\u00e1 suspendido. El pasado 22 de abril una jueza cerr\u00f3 el caso penal por el descarrilamiento y orden\u00f3 la liberaci\u00f3n inmediata de dos de los tres trabajadores procesados.(Fuente: EFE\/XEVA)<\/p>\n\n\n\n<figure class=\"wp-block-image size-full\"><img loading=\"lazy\" decoding=\"async\" width=\"1024\" height=\"683\" src=\"http:\/\/vertienteglobal.com\/wp-content\/uploads\/2026\/07\/1001413062.webp\" alt=\"\" class=\"wp-image-260937\" srcset=\"http:\/\/vertienteglobal.com\/wp-content\/uploads\/2026\/07\/1001413062.webp 1024w, http:\/\/vertienteglobal.com\/wp-content\/uploads\/2026\/07\/1001413062-300x200.webp 300w, http:\/\/vertienteglobal.com\/wp-content\/uploads\/2026\/07\/1001413062-150x100.webp 150w, http:\/\/vertienteglobal.com\/wp-content\/uploads\/2026\/07\/1001413062-768x512.webp 768w\" sizes=\"auto, (max-width: 1024px) 100vw, 1024px\" \/><\/figure>\n","protected":false},"excerpt":{"rendered":"<p>(Redacci\u00f3n) Sheinbaum Pardo dijo que \u201cm\u00e1s que descarrilamiento, digamos, no cayeron completamente los vagones, pero s\u00ed fue un incidente; ayer se report\u00f3 por parte de la Marina y se est\u00e1n haciendo las revisiones\u201d Cuidad de M\u00e9xico 16 de julio 2026.-La presidenta Claudia Sheinbaum rechaz\u00f3 que el Tren Interoce\u00e1nico haya sufrido un descarrilamiento en la l\u00ednea [&hellip;]<\/p>\n","protected":false},"author":6,"featured_media":260936,"comment_status":"open","ping_status":"open","sticky":false,"template":"","format":"standard","meta":{"footnotes":""},"categories":[8],"tags":[],"class_list":["post-260935","post","type-post","status-publish","format-standard","has-post-thumbnail","hentry","category-pais","entry","has-media"],"jetpack_featured_media_url":"http:\/\/vertienteglobal.com\/wp-content\/uploads\/2026\/07\/1001413061.webp","_links":{"self":[{"href":"http:\/\/vertienteglobal.com\/index.php?rest_route=\/wp\/v2\/posts\/260935","targetHints":{"allow":["GET"]}}],"collection":[{"href":"http:\/\/vertienteglobal.com\/index.php?rest_route=\/wp\/v2\/posts"}],"about":[{"href":"http:\/\/vertienteglobal.com\/index.php?rest_route=\/wp\/v2\/types\/post"}],"author":[{"embeddable":true,"href":"http:\/\/vertienteglobal.com\/index.php?rest_route=\/wp\/v2\/users\/6"}],"replies":[{"embeddable":true,"href":"http:\/\/vertienteglobal.com\/index.php?rest_route=%2Fwp%2Fv2%2Fcomments&post=260935"}],"version-history":[{"count":1,"href":"http:\/\/vertienteglobal.com\/index.php?rest_route=\/wp\/v2\/posts\/260935\/revisions"}],"predecessor-version":[{"id":260938,"href":"http:\/\/vertienteglobal.com\/index.php?rest_route=\/wp\/v2\/posts\/260935\/revisions\/260938"}],"wp:featuredmedia":[{"embeddable":true,"href":"http:\/\/vertienteglobal.com\/index.php?rest_route=\/wp\/v2\/media\/260936"}],"wp:attachment":[{"href":"http:\/\/vertienteglobal.com\/index.php?rest_route=%2Fwp%2Fv2%2Fmedia&parent=260935"}],"wp:term":[{"taxonomy":"category","embeddable":true,"href":"http:\/\/vertienteglobal.com\/index.php?rest_route=%2Fwp%2Fv2%2Fcategories&post=260935"},{"taxonomy":"post_tag","embeddable":true,"href":"http:\/\/vertienteglobal.com\/index.php?rest_route=%2Fwp%2Fv2%2Ftags&post=260935"}],"curies":[{"name":"wp","href":"https:\/\/api.w.org\/{rel}","templated":true}]}}