{"id":260931,"date":"2026-07-16T10:40:00","date_gmt":"2026-07-16T15:40:00","guid":{"rendered":"http:\/\/vertienteglobal.com\/?p=260931"},"modified":"2026-07-16T13:46:08","modified_gmt":"2026-07-16T18:46:08","slug":"claudia-sheinbaum-pardo-condena-muerte-de-mexicano-durante-operativo-del-ice-reitera-que-la-migracion-no-debe-criminalizarse","status":"publish","type":"post","link":"http:\/\/vertienteglobal.com\/?p=260931","title":{"rendered":"Claudia Sheinbaum Pardo pide a EEUU no \u00abcriminalizar\u00bb migraci\u00f3n tras otro mexicano fallecido"},"content":{"rendered":"\n<div class=\"twitterbutton\" style=\"float: right; padding-left: 5px;\"><a href=\"http:\/\/twitter.com\/share\" class=\"twitter-share-button\" data-count=\"horizontal\" data-text=\"Claudia Sheinbaum Pardo pide a EEUU no \u00abcriminalizar\u00bb migraci\u00f3n tras otro mex...\" data-via=\"https:\/\/twitter.com\/VertienteGloba1\" data-url=\"http:\/\/vertienteglobal.com\/?p=260931\" data-lang=\"es\" data-related=\"Informaci\u00f3n general:S\u00edguenos para que est\u00e9ss informado\"><\/a><\/div>\n<figure class=\"wp-block-image size-full\"><img loading=\"lazy\" decoding=\"async\" width=\"1024\" height=\"683\" src=\"http:\/\/vertienteglobal.com\/wp-content\/uploads\/2026\/07\/1001413046.webp\" alt=\"\" class=\"wp-image-260932\" srcset=\"http:\/\/vertienteglobal.com\/wp-content\/uploads\/2026\/07\/1001413046.webp 1024w, http:\/\/vertienteglobal.com\/wp-content\/uploads\/2026\/07\/1001413046-300x200.webp 300w, http:\/\/vertienteglobal.com\/wp-content\/uploads\/2026\/07\/1001413046-150x100.webp 150w, http:\/\/vertienteglobal.com\/wp-content\/uploads\/2026\/07\/1001413046-768x512.webp 768w\" sizes=\"auto, (max-width: 1024px) 100vw, 1024px\" \/><\/figure>\n\n\n\n<p>(Redacci\u00f3n)<\/p>\n\n\n\n<p>Sheinbaum Pardo ,dijo que fue informada por el canciller de M\u00e9xico, Roberto Velasco, y que est\u00e1n tratando de \u00abver si tenemos el nombre de este mexicano\u00bb, quien \u00aben un operativo del ICE \u00e9l corre y al cruzar una calle es atropellado\u00bb<\/p>\n\n\n\n<p>Ciudad de M\u00e9xico 16 julio 2026.-La presidenta de M\u00e9xico, Claudia Sheinbaum, reclam\u00f3 este jueves a EEUU no \u00abcriminalizar\u00bb la migraci\u00f3n y actuar en el marco del respeto a los derechos humanos, despu\u00e9s de que se confirmara la muerte de otro mexicano el martes atropellado tras un operativo migratorio en Florida.<\/p>\n\n\n\n<p>\u00abSi hay alguna persona que haya cometido alg\u00fan delito, pues debe de perseguirse. Pero la migraci\u00f3n no debe criminalizarse per se. Si hay una persona que por razones migratorias, de acuerdo con las leyes de Estados Unidos, debe ser deportada, pues que se haga en el marco del respeto a los derechos humanos\u00bb, declar\u00f3 la mandataria en su conferencia de prensa diaria.<\/p>\n\n\n\n<p>La muerte de este mexicano, cuya identidad no ha trascendido, se suma a la de Lorenzo Salgado, quien falleci\u00f3 la semana pasada tras recibir un disparo de un agente del Servicio de Inmigraci\u00f3n y Aduanas (ICE) en Houston.<\/p>\n\n\n\n<p>Sobre este \u00faltimo caso, Sheinbaum Pardo ,dijo que fue informada por el canciller de M\u00e9xico, Roberto Velasco, y que est\u00e1n tratando de \u00abver si tenemos el nombre de este mexicano\u00bb, quien \u00aben un operativo del ICE \u00e9l corre y al cruzar una calle es atropellado\u00bb.<\/p>\n\n\n\n<p>\u00abSe incorpora tambi\u00e9n como parte del trabajo que estamos haciendo tanto de la forma diplom\u00e1tica como las denuncias directas\u00bb, anunci\u00f3.<\/p>\n\n\n\n<p>La presidenta insisti\u00f3 en pedir a las autoridades estadounidenses \u00abrespeto\u00bb a los derechos humanos y \u00abcolaboraci\u00f3n\u00bb con los pa\u00edses de origen, al tiempo que subray\u00f3 que su Gobierno no est\u00e1 \u00abde acuerdo\u00bb con la pol\u00edtica migratoria de la Casa Blanca, como la reciente reactivaci\u00f3n de las detenciones en tr\u00e1nsito.<\/p>\n\n\n\n<p>Asimismo, afirm\u00f3 que \u00abdirectamente\u00bb no ha hablado con el presidente de EE.UU., Donald Trump, sobre este tema de forma reciente, pero record\u00f3 que es un asunto que ha abordado con \u00e9l \u00abvarias veces\u00bb en anteriores conversaciones telef\u00f3nicas.<\/p>\n\n\n\n<p>Este \u00faltimo fallecimiento en un operativo migratorio ocurre en medio del creciente escrutinio sobre las t\u00e1cticas del ICE, pues en la \u00faltima semana dos hombres murieron por disparos de agentes cuando conduc\u00edan: el mexicano Lorenzo Salgado Araujo, padre de tres hijos, el 7 de julio en Texas, y el colombiano Joan Sebasti\u00e1n Guerrero, de 26, este lunes en Maine.<\/p>\n\n\n\n<p>M\u00e9xico ha presentado demandas ante el Departamento de Justicia estadounidense por las muertes de mexicanos en operativos migratorios o bajo custodia del ICE, al tiempo que pidi\u00f3 al alto comisionado de Naciones Unidas para los derechos humanos, Volker T\u00fcrk, que recabe informaci\u00f3n sobre estos hechos.<\/p>\n","protected":false},"excerpt":{"rendered":"<p>(Redacci\u00f3n) Sheinbaum Pardo ,dijo que fue informada por el canciller de M\u00e9xico, Roberto Velasco, y que est\u00e1n tratando de \u00abver si tenemos el nombre de este mexicano\u00bb, quien \u00aben un operativo del ICE \u00e9l corre y al cruzar una calle es atropellado\u00bb Ciudad de M\u00e9xico 16 julio 2026.-La presidenta de M\u00e9xico, Claudia Sheinbaum, reclam\u00f3 este [&hellip;]<\/p>\n","protected":false},"author":6,"featured_media":260932,"comment_status":"open","ping_status":"open","sticky":false,"template":"","format":"standard","meta":{"footnotes":""},"categories":[8],"tags":[],"class_list":["post-260931","post","type-post","status-publish","format-standard","has-post-thumbnail","hentry","category-pais","entry","has-media"],"jetpack_featured_media_url":"http:\/\/vertienteglobal.com\/wp-content\/uploads\/2026\/07\/1001413046.webp","_links":{"self":[{"href":"http:\/\/vertienteglobal.com\/index.php?rest_route=\/wp\/v2\/posts\/260931","targetHints":{"allow":["GET"]}}],"collection":[{"href":"http:\/\/vertienteglobal.com\/index.php?rest_route=\/wp\/v2\/posts"}],"about":[{"href":"http:\/\/vertienteglobal.com\/index.php?rest_route=\/wp\/v2\/types\/post"}],"author":[{"embeddable":true,"href":"http:\/\/vertienteglobal.com\/index.php?rest_route=\/wp\/v2\/users\/6"}],"replies":[{"embeddable":true,"href":"http:\/\/vertienteglobal.com\/index.php?rest_route=%2Fwp%2Fv2%2Fcomments&post=260931"}],"version-history":[{"count":2,"href":"http:\/\/vertienteglobal.com\/index.php?rest_route=\/wp\/v2\/posts\/260931\/revisions"}],"predecessor-version":[{"id":260934,"href":"http:\/\/vertienteglobal.com\/index.php?rest_route=\/wp\/v2\/posts\/260931\/revisions\/260934"}],"wp:featuredmedia":[{"embeddable":true,"href":"http:\/\/vertienteglobal.com\/index.php?rest_route=\/wp\/v2\/media\/260932"}],"wp:attachment":[{"href":"http:\/\/vertienteglobal.com\/index.php?rest_route=%2Fwp%2Fv2%2Fmedia&parent=260931"}],"wp:term":[{"taxonomy":"category","embeddable":true,"href":"http:\/\/vertienteglobal.com\/index.php?rest_route=%2Fwp%2Fv2%2Fcategories&post=260931"},{"taxonomy":"post_tag","embeddable":true,"href":"http:\/\/vertienteglobal.com\/index.php?rest_route=%2Fwp%2Fv2%2Ftags&post=260931"}],"curies":[{"name":"wp","href":"https:\/\/api.w.org\/{rel}","templated":true}]}}