{"id":260834,"date":"2026-07-14T13:10:00","date_gmt":"2026-07-14T18:10:00","guid":{"rendered":"http:\/\/vertienteglobal.com\/?p=260834"},"modified":"2026-07-15T15:27:47","modified_gmt":"2026-07-15T20:27:47","slug":"dif-yucatan-fortalece-la-profesionalizacion-del-servicio-publico-con-certificacion-en-competencias-laborales","status":"publish","type":"post","link":"http:\/\/vertienteglobal.com\/?p=260834","title":{"rendered":"DIF Yucat\u00e1n fortalece la profesionalizaci\u00f3n del servicio p\u00fablico con certificaci\u00f3n en competencias laborales"},"content":{"rendered":"\n<div class=\"twitterbutton\" style=\"float: right; padding-left: 5px;\"><a href=\"http:\/\/twitter.com\/share\" class=\"twitter-share-button\" data-count=\"horizontal\" data-text=\"DIF Yucat\u00e1n fortalece la profesionalizaci\u00f3n del servicio p\u00fablico con certific...\" data-via=\"https:\/\/twitter.com\/VertienteGloba1\" data-url=\"http:\/\/vertienteglobal.com\/?p=260834\" data-lang=\"es\" data-related=\"Informaci\u00f3n general:S\u00edguenos para que est\u00e9ss informado\"><\/a><\/div>\n<figure class=\"wp-block-image size-large\"><img loading=\"lazy\" decoding=\"async\" width=\"1024\" height=\"683\" src=\"http:\/\/vertienteglobal.com\/wp-content\/uploads\/2026\/07\/1001410359-1024x683.jpg\" alt=\"\" class=\"wp-image-260835\" srcset=\"http:\/\/vertienteglobal.com\/wp-content\/uploads\/2026\/07\/1001410359-1024x683.jpg 1024w, http:\/\/vertienteglobal.com\/wp-content\/uploads\/2026\/07\/1001410359-300x200.jpg 300w, http:\/\/vertienteglobal.com\/wp-content\/uploads\/2026\/07\/1001410359-150x100.jpg 150w, http:\/\/vertienteglobal.com\/wp-content\/uploads\/2026\/07\/1001410359-768x512.jpg 768w, http:\/\/vertienteglobal.com\/wp-content\/uploads\/2026\/07\/1001410359-1536x1024.jpg 1536w, http:\/\/vertienteglobal.com\/wp-content\/uploads\/2026\/07\/1001410359-2048x1366.jpg 2048w\" sizes=\"auto, (max-width: 1024px) 100vw, 1024px\" \/><\/figure>\n\n\n\n<p>(Redacci\u00f3n)<\/p>\n\n\n\n<p>M\u00e9rida, Yucat\u00e1n, a 14 de julio de 2026<br>N\u00famero de comunicado: 26-1155<\/p>\n\n\n\n<p><\/p>\n\n\n\n<p><em>La acreditaci\u00f3n reconoce conocimientos, habilidades y actitudes del personal que brinda atenci\u00f3n ciudadana y servicios de asistencia social a familias yucatecas.<\/em><\/p>\n\n\n\n<p>Veintinueve personas servidoras p\u00fablicas recibieron certificados en est\u00e1ndares de competencia laboral, tras acreditar satisfactoriamente su proceso de evaluaci\u00f3n, con lo que fortalecen sus capacidades para brindar atenci\u00f3n en materia de asistencia social, gracias al impulso del Sistema para el Desarrollo Integral de la Familia (DIF) Yucat\u00e1n.<\/p>\n\n\n\n<p>Las personas servidoras p\u00fablicas fueron evaluadas en los est\u00e1ndares de competencia EC0105, Atenci\u00f3n al ciudadano en el sector p\u00fablico, y EC0334, Preparaci\u00f3n de alimentos para la poblaci\u00f3n sujeta de asistencia social, los cuales establecen criterios nacionales para garantizar un desempe\u00f1o eficiente y de calidad en funciones esenciales de la asistencia social.<\/p>\n\n\n\n<p>El DIF Yucat\u00e1n, como Centro de Evaluaci\u00f3n designado por el DIF Nacional y sede de certificaci\u00f3n de competencias laborales en asistencia social, impulsa procesos de alineaci\u00f3n y evaluaci\u00f3n con fines de certificaci\u00f3n, mediante los cuales se reconocen formalmente los conocimientos, habilidades, destrezas, actitudes y valores de las personas servidoras p\u00fablicas, conforme a los lineamientos del Consejo Nacional de Normalizaci\u00f3n y Certificaci\u00f3n de Competencias Laborales (Conocer).<\/p>\n\n\n\n<p>Esta acci\u00f3n responde a la visi\u00f3n del Gobernador Joaqu\u00edn D\u00edaz Mena y de la Presidenta Honoraria del DIF Yucat\u00e1n, Mtra. Wendy M\u00e9ndez Naal, de promover la capacitaci\u00f3n permanente del personal y elevar la calidad, calidez y profesionalismo de los servicios que se brindan a las familias yucatecas.<\/p>\n\n\n\n<p>Durante la ceremonia, la Presidenta Honoraria del DIF Yucat\u00e1n, Mtra. Wendy M\u00e9ndez Naal, reconoci\u00f3 el esfuerzo y compromiso de las 29 personas servidoras p\u00fablicas que concluyeron exitosamente su proceso de certificaci\u00f3n.<\/p>\n\n\n\n<p>\u201cCada certificaci\u00f3n representa el compromiso de seguir prepar\u00e1ndose para brindar una atenci\u00f3n m\u00e1s profesional y de mayor calidad. En el DIF Yucat\u00e1n no solo entregamos apoyos o prestamos servicios; acompa\u00f1amos a personas y familias que atraviesan momentos dif\u00edciles, por lo que la forma en que las recibimos y atendemos hace la diferencia. Servir con sensibilidad y amor es lo que distingue a esta gran familia DIF\u201d, expres\u00f3.<\/p>\n\n\n\n<p>Los procesos de alineaci\u00f3n y evaluaci\u00f3n permiten que las personas demuestren sus competencias con base en est\u00e1ndares nacionales, independientemente de la forma en que hayan adquirido sus conocimientos, ya sea mediante la experiencia laboral, la capacitaci\u00f3n o la formaci\u00f3n acad\u00e9mica.<\/p>\n\n\n\n<p>Al acreditar la evaluaci\u00f3n, las personas servidoras p\u00fablicas obtienen un certificado oficial con validez nacional, emitido a trav\u00e9s del Sistema Nacional de Competencias.<\/p>\n\n\n\n<p>La certificaci\u00f3n contribuye a la profesionalizaci\u00f3n del personal, la estandarizaci\u00f3n de procesos institucionales y la mejora continua de los servicios, adem\u00e1s de favorecer una atenci\u00f3n m\u00e1s segura, eficiente y centrada en las necesidades de la poblaci\u00f3n.<\/p>\n\n\n\n<figure class=\"wp-block-image size-large\"><img loading=\"lazy\" decoding=\"async\" width=\"1024\" height=\"683\" src=\"http:\/\/vertienteglobal.com\/wp-content\/uploads\/2026\/07\/1001410366-1024x683.jpg\" alt=\"\" class=\"wp-image-260840\" srcset=\"http:\/\/vertienteglobal.com\/wp-content\/uploads\/2026\/07\/1001410366-1024x683.jpg 1024w, http:\/\/vertienteglobal.com\/wp-content\/uploads\/2026\/07\/1001410366-300x200.jpg 300w, http:\/\/vertienteglobal.com\/wp-content\/uploads\/2026\/07\/1001410366-150x100.jpg 150w, http:\/\/vertienteglobal.com\/wp-content\/uploads\/2026\/07\/1001410366-768x512.jpg 768w, http:\/\/vertienteglobal.com\/wp-content\/uploads\/2026\/07\/1001410366-1536x1024.jpg 1536w, http:\/\/vertienteglobal.com\/wp-content\/uploads\/2026\/07\/1001410366-2048x1366.jpg 2048w\" sizes=\"auto, (max-width: 1024px) 100vw, 1024px\" \/><\/figure>\n\n\n\n<figure class=\"wp-block-image size-large\"><img loading=\"lazy\" decoding=\"async\" width=\"1024\" height=\"683\" src=\"http:\/\/vertienteglobal.com\/wp-content\/uploads\/2026\/07\/1001410361-1024x683.jpg\" alt=\"\" class=\"wp-image-260837\" srcset=\"http:\/\/vertienteglobal.com\/wp-content\/uploads\/2026\/07\/1001410361-1024x683.jpg 1024w, http:\/\/vertienteglobal.com\/wp-content\/uploads\/2026\/07\/1001410361-300x200.jpg 300w, http:\/\/vertienteglobal.com\/wp-content\/uploads\/2026\/07\/1001410361-150x100.jpg 150w\" sizes=\"auto, (max-width: 1024px) 100vw, 1024px\" \/><\/figure>\n\n\n\n<figure class=\"wp-block-image size-large\"><img loading=\"lazy\" decoding=\"async\" width=\"1024\" height=\"683\" src=\"http:\/\/vertienteglobal.com\/wp-content\/uploads\/2026\/07\/1001410360-1024x683.jpg\" alt=\"\" class=\"wp-image-260836\" srcset=\"http:\/\/vertienteglobal.com\/wp-content\/uploads\/2026\/07\/1001410360-1024x683.jpg 1024w, http:\/\/vertienteglobal.com\/wp-content\/uploads\/2026\/07\/1001410360-300x200.jpg 300w, http:\/\/vertienteglobal.com\/wp-content\/uploads\/2026\/07\/1001410360-150x100.jpg 150w\" sizes=\"auto, (max-width: 1024px) 100vw, 1024px\" \/><\/figure>\n\n\n\n<figure class=\"wp-block-image size-large\"><img loading=\"lazy\" decoding=\"async\" width=\"1024\" height=\"683\" src=\"http:\/\/vertienteglobal.com\/wp-content\/uploads\/2026\/07\/1001410363-1024x683.jpg\" alt=\"\" class=\"wp-image-260839\" srcset=\"http:\/\/vertienteglobal.com\/wp-content\/uploads\/2026\/07\/1001410363-1024x683.jpg 1024w, http:\/\/vertienteglobal.com\/wp-content\/uploads\/2026\/07\/1001410363-300x200.jpg 300w, http:\/\/vertienteglobal.com\/wp-content\/uploads\/2026\/07\/1001410363-150x100.jpg 150w, http:\/\/vertienteglobal.com\/wp-content\/uploads\/2026\/07\/1001410363-768x512.jpg 768w, http:\/\/vertienteglobal.com\/wp-content\/uploads\/2026\/07\/1001410363-1536x1024.jpg 1536w, http:\/\/vertienteglobal.com\/wp-content\/uploads\/2026\/07\/1001410363-2048x1366.jpg 2048w\" sizes=\"auto, (max-width: 1024px) 100vw, 1024px\" \/><\/figure>\n\n\n\n<figure class=\"wp-block-image size-large\"><img loading=\"lazy\" decoding=\"async\" width=\"1024\" height=\"683\" src=\"http:\/\/vertienteglobal.com\/wp-content\/uploads\/2026\/07\/1001410362-1024x683.jpg\" alt=\"\" class=\"wp-image-260838\" srcset=\"http:\/\/vertienteglobal.com\/wp-content\/uploads\/2026\/07\/1001410362-1024x683.jpg 1024w, http:\/\/vertienteglobal.com\/wp-content\/uploads\/2026\/07\/1001410362-300x200.jpg 300w, http:\/\/vertienteglobal.com\/wp-content\/uploads\/2026\/07\/1001410362-150x100.jpg 150w, http:\/\/vertienteglobal.com\/wp-content\/uploads\/2026\/07\/1001410362-768x512.jpg 768w, http:\/\/vertienteglobal.com\/wp-content\/uploads\/2026\/07\/1001410362-1536x1024.jpg 1536w\" sizes=\"auto, (max-width: 1024px) 100vw, 1024px\" \/><\/figure>\n","protected":false},"excerpt":{"rendered":"<p>(Redacci\u00f3n) M\u00e9rida, Yucat\u00e1n, a 14 de julio de 2026N\u00famero de comunicado: 26-1155 La acreditaci\u00f3n reconoce conocimientos, habilidades y actitudes del personal que brinda atenci\u00f3n ciudadana y servicios de asistencia social a familias yucatecas. Veintinueve personas servidoras p\u00fablicas recibieron certificados en est\u00e1ndares de competencia laboral, tras acreditar satisfactoriamente su proceso de evaluaci\u00f3n, con lo que fortalecen [&hellip;]<\/p>\n","protected":false},"author":6,"featured_media":260835,"comment_status":"open","ping_status":"open","sticky":false,"template":"","format":"standard","meta":{"footnotes":""},"categories":[2],"tags":[],"class_list":["post-260834","post","type-post","status-publish","format-standard","has-post-thumbnail","hentry","category-yucatan","entry","has-media"],"jetpack_featured_media_url":"http:\/\/vertienteglobal.com\/wp-content\/uploads\/2026\/07\/1001410359.jpg","_links":{"self":[{"href":"http:\/\/vertienteglobal.com\/index.php?rest_route=\/wp\/v2\/posts\/260834","targetHints":{"allow":["GET"]}}],"collection":[{"href":"http:\/\/vertienteglobal.com\/index.php?rest_route=\/wp\/v2\/posts"}],"about":[{"href":"http:\/\/vertienteglobal.com\/index.php?rest_route=\/wp\/v2\/types\/post"}],"author":[{"embeddable":true,"href":"http:\/\/vertienteglobal.com\/index.php?rest_route=\/wp\/v2\/users\/6"}],"replies":[{"embeddable":true,"href":"http:\/\/vertienteglobal.com\/index.php?rest_route=%2Fwp%2Fv2%2Fcomments&post=260834"}],"version-history":[{"count":1,"href":"http:\/\/vertienteglobal.com\/index.php?rest_route=\/wp\/v2\/posts\/260834\/revisions"}],"predecessor-version":[{"id":260841,"href":"http:\/\/vertienteglobal.com\/index.php?rest_route=\/wp\/v2\/posts\/260834\/revisions\/260841"}],"wp:featuredmedia":[{"embeddable":true,"href":"http:\/\/vertienteglobal.com\/index.php?rest_route=\/wp\/v2\/media\/260835"}],"wp:attachment":[{"href":"http:\/\/vertienteglobal.com\/index.php?rest_route=%2Fwp%2Fv2%2Fmedia&parent=260834"}],"wp:term":[{"taxonomy":"category","embeddable":true,"href":"http:\/\/vertienteglobal.com\/index.php?rest_route=%2Fwp%2Fv2%2Fcategories&post=260834"},{"taxonomy":"post_tag","embeddable":true,"href":"http:\/\/vertienteglobal.com\/index.php?rest_route=%2Fwp%2Fv2%2Ftags&post=260834"}],"curies":[{"name":"wp","href":"https:\/\/api.w.org\/{rel}","templated":true}]}}