{"id":260810,"date":"2026-07-14T09:53:00","date_gmt":"2026-07-14T14:53:00","guid":{"rendered":"http:\/\/vertienteglobal.com\/?p=260810"},"modified":"2026-07-15T14:01:30","modified_gmt":"2026-07-15T19:01:30","slug":"la-presidenta-claudia-sheinbaum-pardo-ordena-revisar-informe-de-la-cndh-que-deslinda-al-ejercito-en-caso-ayotzinapa","status":"publish","type":"post","link":"http:\/\/vertienteglobal.com\/?p=260810","title":{"rendered":"La Presidenta Claudia Sheinbaum Pardo, ordena revisar informe de la CNDH que deslinda al Ej\u00e9rcito en caso Ayotzinapa"},"content":{"rendered":"\n<div class=\"twitterbutton\" style=\"float: right; padding-left: 5px;\"><a href=\"http:\/\/twitter.com\/share\" class=\"twitter-share-button\" data-count=\"horizontal\" data-text=\"La Presidenta Claudia Sheinbaum Pardo, ordena revisar informe de la CNDH que des...\" data-via=\"https:\/\/twitter.com\/VertienteGloba1\" data-url=\"http:\/\/vertienteglobal.com\/?p=260810\" data-lang=\"es\" data-related=\"Informaci\u00f3n general:S\u00edguenos para que est\u00e9ss informado\"><\/a><\/div>\n<figure class=\"wp-block-image size-full\"><img loading=\"lazy\" decoding=\"async\" width=\"1024\" height=\"590\" src=\"http:\/\/vertienteglobal.com\/wp-content\/uploads\/2026\/07\/1001410269.webp\" alt=\"\" class=\"wp-image-260811\" srcset=\"http:\/\/vertienteglobal.com\/wp-content\/uploads\/2026\/07\/1001410269.webp 1024w, http:\/\/vertienteglobal.com\/wp-content\/uploads\/2026\/07\/1001410269-300x173.webp 300w, http:\/\/vertienteglobal.com\/wp-content\/uploads\/2026\/07\/1001410269-150x86.webp 150w, http:\/\/vertienteglobal.com\/wp-content\/uploads\/2026\/07\/1001410269-768x443.webp 768w\" sizes=\"auto, (max-width: 1024px) 100vw, 1024px\" \/><\/figure>\n\n\n\n<p>(Redacci\u00f3n)<\/p>\n\n\n\n<p>Sheinbaum Pardo, explic\u00f3 que ser\u00e1 la Secretar\u00eda de Gobernaci\u00f3n la encargada de analizar el contenido de la recomendaci\u00f3n y, una vez concluida esa revisi\u00f3n, su gobierno fijar\u00e1 una postura oficial<\/p>\n\n\n\n<p>Ciudad de M\u00e9xico 14 de julio 2026.- La Presidenta Claudia Sheinbaum Pardo, aclar\u00f3 que su administraci\u00f3n no intervino en la elaboraci\u00f3n de la recomendaci\u00f3n y asegur\u00f3 que desconoc\u00eda su contenido antes de que fuera dada a conocer.<\/p>\n\n\n\n<p>Y es que durante su conferencia ma\u00f1anera del pueblo, la mandataria federal afirm\u00f3: \u00abNo participamos de ninguna manera en el informe\u00bb, al ser cuestionada sobre el documento emitido por el organismo nacional.<\/p>\n\n\n\n<p>Sheinbaum Pardo, explic\u00f3 que ser\u00e1 la Secretar\u00eda de Gobernaci\u00f3n la encargada de analizar el contenido de la recomendaci\u00f3n y, una vez concluida esa revisi\u00f3n, su gobierno fijar\u00e1 una postura oficial.<\/p>\n\n\n\n<p>La titular del Ejecutivo tambi\u00e9n consider\u00f3 que no puede hablarse de una exoneraci\u00f3n total de las Fuerzas Armadas, al recordar que existen militares detenidos o sujetos a proceso por su presunta participaci\u00f3n en el caso, por lo que se\u00f1al\u00f3 que es necesario distinguir entre responsabilidades individuales y una responsabilidad institucional.<\/p>\n\n\n\n<p>Asimismo, adelant\u00f3 que en los pr\u00f3ximos d\u00edas se presentar\u00e1 un informe sobre los avances en las investigaciones del caso Ayotzinapa, como parte del seguimiento que mantiene su administraci\u00f3n. <\/p>\n\n\n\n<p>La presidenta reiter\u00f3 que el compromiso de su gobierno es continuar con el esclarecimiento de los hechos y mantener el acompa\u00f1amiento a las madres y padres de los 43 normalistas desaparecidos, al se\u00f1alar que el caso contin\u00faa siendo una de las principales deudas del Estado mexicano.<\/p>\n\n\n\n<p>Cabe destacar que las declaraciones de Sheinbaum Pardo, se producen despu\u00e9s de que la CNDH emitiera una recomendaci\u00f3n en la que concluy\u00f3 que no encontr\u00f3 elementos para atribuir responsabilidad institucional al Ej\u00e9rcito por la desaparici\u00f3n de los estudiantes ocurrida en septiembre de 2014, postura que ha generado un nuevo debate entre autoridades y actores involucrados en la investigaci\u00f3n.<\/p>\n","protected":false},"excerpt":{"rendered":"<p>(Redacci\u00f3n) Sheinbaum Pardo, explic\u00f3 que ser\u00e1 la Secretar\u00eda de Gobernaci\u00f3n la encargada de analizar el contenido de la recomendaci\u00f3n y, una vez concluida esa revisi\u00f3n, su gobierno fijar\u00e1 una postura oficial Ciudad de M\u00e9xico 14 de julio 2026.- La Presidenta Claudia Sheinbaum Pardo, aclar\u00f3 que su administraci\u00f3n no intervino en la elaboraci\u00f3n de la recomendaci\u00f3n [&hellip;]<\/p>\n","protected":false},"author":6,"featured_media":260811,"comment_status":"open","ping_status":"open","sticky":false,"template":"","format":"standard","meta":{"footnotes":""},"categories":[8],"tags":[],"class_list":["post-260810","post","type-post","status-publish","format-standard","has-post-thumbnail","hentry","category-pais","entry","has-media"],"jetpack_featured_media_url":"http:\/\/vertienteglobal.com\/wp-content\/uploads\/2026\/07\/1001410269.webp","_links":{"self":[{"href":"http:\/\/vertienteglobal.com\/index.php?rest_route=\/wp\/v2\/posts\/260810","targetHints":{"allow":["GET"]}}],"collection":[{"href":"http:\/\/vertienteglobal.com\/index.php?rest_route=\/wp\/v2\/posts"}],"about":[{"href":"http:\/\/vertienteglobal.com\/index.php?rest_route=\/wp\/v2\/types\/post"}],"author":[{"embeddable":true,"href":"http:\/\/vertienteglobal.com\/index.php?rest_route=\/wp\/v2\/users\/6"}],"replies":[{"embeddable":true,"href":"http:\/\/vertienteglobal.com\/index.php?rest_route=%2Fwp%2Fv2%2Fcomments&post=260810"}],"version-history":[{"count":3,"href":"http:\/\/vertienteglobal.com\/index.php?rest_route=\/wp\/v2\/posts\/260810\/revisions"}],"predecessor-version":[{"id":260814,"href":"http:\/\/vertienteglobal.com\/index.php?rest_route=\/wp\/v2\/posts\/260810\/revisions\/260814"}],"wp:featuredmedia":[{"embeddable":true,"href":"http:\/\/vertienteglobal.com\/index.php?rest_route=\/wp\/v2\/media\/260811"}],"wp:attachment":[{"href":"http:\/\/vertienteglobal.com\/index.php?rest_route=%2Fwp%2Fv2%2Fmedia&parent=260810"}],"wp:term":[{"taxonomy":"category","embeddable":true,"href":"http:\/\/vertienteglobal.com\/index.php?rest_route=%2Fwp%2Fv2%2Fcategories&post=260810"},{"taxonomy":"post_tag","embeddable":true,"href":"http:\/\/vertienteglobal.com\/index.php?rest_route=%2Fwp%2Fv2%2Ftags&post=260810"}],"curies":[{"name":"wp","href":"https:\/\/api.w.org\/{rel}","templated":true}]}}