{"id":260681,"date":"2026-07-12T21:05:33","date_gmt":"2026-07-13T02:05:33","guid":{"rendered":"http:\/\/vertienteglobal.com\/?p=260681"},"modified":"2026-07-12T21:29:11","modified_gmt":"2026-07-13T02:29:11","slug":"renacimiento-maya-amplia-red-territorial-de-espacios-deportivos-para-infancias-y-juventudes","status":"publish","type":"post","link":"http:\/\/vertienteglobal.com\/?p=260681","title":{"rendered":"Renacimiento Maya ampl\u00eda red territorial de espacios deportivos para infancias y juventudes\u00a0"},"content":{"rendered":"\n<div class=\"twitterbutton\" style=\"float: right; padding-left: 5px;\"><a href=\"http:\/\/twitter.com\/share\" class=\"twitter-share-button\" data-count=\"horizontal\" data-text=\"Renacimiento Maya ampl\u00eda red territorial de espacios deportivos para infancias ...\" data-via=\"https:\/\/twitter.com\/VertienteGloba1\" data-url=\"http:\/\/vertienteglobal.com\/?p=260681\" data-lang=\"es\" data-related=\"Informaci\u00f3n general:S\u00edguenos para que est\u00e9ss informado\"><\/a><\/div>\n<figure class=\"wp-block-image size-large\"><img loading=\"lazy\" decoding=\"async\" width=\"1024\" height=\"683\" src=\"http:\/\/vertienteglobal.com\/wp-content\/uploads\/2026\/07\/1001403189-1024x683.jpg\" alt=\"\" class=\"wp-image-260682\" srcset=\"http:\/\/vertienteglobal.com\/wp-content\/uploads\/2026\/07\/1001403189-1024x683.jpg 1024w, http:\/\/vertienteglobal.com\/wp-content\/uploads\/2026\/07\/1001403189-300x200.jpg 300w, http:\/\/vertienteglobal.com\/wp-content\/uploads\/2026\/07\/1001403189-150x100.jpg 150w, http:\/\/vertienteglobal.com\/wp-content\/uploads\/2026\/07\/1001403189-768x512.jpg 768w, http:\/\/vertienteglobal.com\/wp-content\/uploads\/2026\/07\/1001403189-1536x1024.jpg 1536w\" sizes=\"auto, (max-width: 1024px) 100vw, 1024px\" \/><\/figure>\n\n\n\n<p>(Redacci\u00f3n)<\/p>\n\n\n\n<p><em>Con una inversi\u00f3n superior a 10 millones de pesos, nuevos espacios deportivos en San Francisco Porvenir y Juan Pablo II promueven vidas saludables y convivencia en entornos comunitarios seguros<\/em><\/p>\n\n\n\n<p>M\u00e9rida, Yucat\u00e1n,12 de julio 2026.-Infancias y juventudes del poniente de M\u00e9rida cuentan ahora con nuevos espacios de deporte y esparcimiento, tras la entrega de una cancha de f\u00fatbol 5 en la colonia San Francisco Porvenir y tres canchas de f\u00fatbol 7 en la colonia Juan Pablo II, con las cuales se promueven actividades saludables y de convivencia en entornos dignos y seguros.<br>&nbsp;<br>Estos espacios deportivos representan una inversi\u00f3n superior a 10 millones de pesos y forman parte de la estrategia del Gobierno del Renacimiento Maya para recuperar espacios p\u00fablicos en beneficio de las familias yucatecas.<br>&nbsp;<br>Las canchas son parte del Programa Nacional de Intervenci\u00f3n y Modernizaci\u00f3n de Infraestructura Deportiva del Mundial Social 2026, con el que Yucat\u00e1n recibe 46 canchas en 24 municipios, a las que se suman otras 37 construidas por el Gobierno del Renacimiento Maya, para hacer un total de 83 espacios deportivos en beneficio de la poblaci\u00f3n.<br>&nbsp;<br>En la colonia conocida como \u201cEl Porvenir\u201d, al poniente de M\u00e9rida, el Gobernador Joaqu\u00edn D\u00edaz Mena, en compa\u00f1\u00eda del director general de la Comisi\u00f3n Nacional de Cultura F\u00edsica y Deporte (Conade), Rommel Pacheco Marrufo, explic\u00f3 que el Instituto de Movilidad Urbana y Territorial (Imdut) vigilar\u00e1 el buen uso de este espacio deportivo p\u00fablico, el cual, recalc\u00f3, no puede privatizarse, ya que es para uso y beneficio de todas y todos.<br>&nbsp;<br>\u201cEn el Gobierno del Renacimiento Maya vamos a seguir trabajando para que en todos los rincones de las colonias de M\u00e9rida y de todo Yucat\u00e1n tengamos m\u00e1s espacios como este para el bienestar de ni\u00f1as, ni\u00f1os y j\u00f3venes\u201d, expres\u00f3. Por ello, D\u00edaz Mena agradeci\u00f3 a la Presidenta Claudia Sheinbaum Pardo por el respaldo otorgado a Yucat\u00e1n y su gente.<br>&nbsp;<br>Posteriormente, el Gobernador se traslad\u00f3 al Paseo Verde, en la colonia Juan Pablo II, para entregar tres canchas de f\u00fatbol 7, donde ni\u00f1as, ni\u00f1os y j\u00f3venes de esa zona podr\u00e1n entrenar y contar con un punto de encuentro para el sano esparcimiento, lo que tambi\u00e9n contribuye a fortalecer la prevenci\u00f3n y alejarlos del consumo de sustancias nocivas.<br>&nbsp;<br>\u201cPor eso, la estrategia Aliados por la Vida, que impulsamos desde el Gobierno del Estado, busca alejar a ni\u00f1as, ni\u00f1os y j\u00f3venes del consumo de sustancias y acercarlos a espacios seguros. Queremos que las familias de Juan Pablo II vivan con bienestar y tranquilidad, y que sus hijas e hijos hagan deporte en estos espacios\u201d, afirm\u00f3.<br>&nbsp;<br>\u201cDe eso se trata el Renacimiento Maya: que, colonia por colonia en M\u00e9rida y en todo Yucat\u00e1n, las familias cuenten con mejores condiciones para vivir bien\u201d, sostuvo.<br>&nbsp;<br>Cabe resaltar que todas las canchas, tanto la ubicada en la calle 41-A por 136 de la colonia San Francisco Porvenir como las del Paseo Verde, cuentan ahora con pasto sint\u00e9tico, drenaje, reja perimetral, porter\u00edas e iluminaci\u00f3n, para que las personas deportistas puedan utilizarlas durante el d\u00eda y la noche de forma segura.<br>&nbsp;<br>En su turno, el director general de la Conade, Rommel Pacheco Marrufo, reiter\u00f3 que estos espacios deportivos son resultado del trabajo coordinado entre la Comisi\u00f3n que dirige, la Secretar\u00eda de Desarrollo Agrario, Territorial y Urbano (Sedatu) y el Gobierno del Estado. A\u00f1adi\u00f3 que las obras responden a las peticiones de las vecinas y los vecinos.<br>&nbsp;<br>Asimismo, explic\u00f3 que estas acciones se realizaron con una inversi\u00f3n aproximada de 10 millones de pesos y reconoci\u00f3 el impulso al deporte que encabeza el Gobernador Joaqu\u00edn D\u00edaz Mena.<br>&nbsp;<br>Participaron en este evento el secretario de Salud y director general de los Servicios de Salud de Yucat\u00e1n (SSY), Miguel Alberto Alcocer Gamboa; el director del Imdut, Irak Greene Marrufo; el director general del Instituto del Deporte del Estado de Yucat\u00e1n (IDEY), Arm\u00edn Lizama C\u00f3rdova; el titular de la Oficina de Representaci\u00f3n de la Sedatu en Yucat\u00e1n, Marcos Celis Quintal; as\u00ed como los padres del Gobernador, \u00c1lvaro Jes\u00fas D\u00edaz L\u00f3pez y Fanny Mena Marrufo.<br>&nbsp;<br>Adem\u00e1s, asistieron el diputado federal \u00d3scar Brito Zapata; las diputadas locales Edith Trujeque Jim\u00e9nez y Naomi Peniche L\u00f3pez; y el director de Bienestar Humano del Ayuntamiento de M\u00e9rida, Jes\u00fas P\u00e9rez Ballote.<br>&nbsp;<\/p>\n\n\n\n<figure class=\"wp-block-image size-full\"><img loading=\"lazy\" decoding=\"async\" width=\"2560\" height=\"1707\" src=\"http:\/\/vertienteglobal.com\/wp-content\/uploads\/2026\/07\/1001403192-scaled.jpg\" alt=\"\" class=\"wp-image-260683\"\/><\/figure>\n\n\n\n<figure class=\"wp-block-image size-full\"><img loading=\"lazy\" decoding=\"async\" width=\"2560\" height=\"1707\" src=\"http:\/\/vertienteglobal.com\/wp-content\/uploads\/2026\/07\/1001403197-scaled.jpg\" alt=\"\" class=\"wp-image-260684\" srcset=\"http:\/\/vertienteglobal.com\/wp-content\/uploads\/2026\/07\/1001403197-scaled.jpg 2560w, http:\/\/vertienteglobal.com\/wp-content\/uploads\/2026\/07\/1001403197-300x200.jpg 300w\" sizes=\"auto, (max-width: 2560px) 100vw, 2560px\" \/><\/figure>\n\n\n\n<figure class=\"wp-block-image size-full\"><img loading=\"lazy\" decoding=\"async\" width=\"2560\" height=\"1707\" src=\"http:\/\/vertienteglobal.com\/wp-content\/uploads\/2026\/07\/1001403205-scaled.jpg\" alt=\"\" class=\"wp-image-260685\" srcset=\"http:\/\/vertienteglobal.com\/wp-content\/uploads\/2026\/07\/1001403205-scaled.jpg 2560w, http:\/\/vertienteglobal.com\/wp-content\/uploads\/2026\/07\/1001403205-300x200.jpg 300w\" sizes=\"auto, (max-width: 2560px) 100vw, 2560px\" \/><\/figure>\n\n\n\n<figure class=\"wp-block-image size-large\"><img loading=\"lazy\" decoding=\"async\" width=\"1024\" height=\"576\" src=\"http:\/\/vertienteglobal.com\/wp-content\/uploads\/2026\/07\/1001403209-1024x576.jpg\" alt=\"\" class=\"wp-image-260686\" srcset=\"http:\/\/vertienteglobal.com\/wp-content\/uploads\/2026\/07\/1001403209-1024x576.jpg 1024w, http:\/\/vertienteglobal.com\/wp-content\/uploads\/2026\/07\/1001403209-300x169.jpg 300w, http:\/\/vertienteglobal.com\/wp-content\/uploads\/2026\/07\/1001403209-150x84.jpg 150w, http:\/\/vertienteglobal.com\/wp-content\/uploads\/2026\/07\/1001403209-768x432.jpg 768w, http:\/\/vertienteglobal.com\/wp-content\/uploads\/2026\/07\/1001403209-1536x863.jpg 1536w, http:\/\/vertienteglobal.com\/wp-content\/uploads\/2026\/07\/1001403209-2048x1151.jpg 2048w\" sizes=\"auto, (max-width: 1024px) 100vw, 1024px\" \/><\/figure>\n\n\n\n<figure class=\"wp-block-embed is-type-rich is-provider-x wp-block-embed-x\"><div class=\"wp-block-embed__wrapper\">\n<div class=\"oceanwp-oembed-wrap clr\"><div class=\"embed-x\"><blockquote class=\"twitter-tweet\" data-width=\"550\" data-dnt=\"true\"><p lang=\"es\" dir=\"ltr\">Renacimiento Maya ampl\u00eda red territorial de espacios deportivos para infancias y juventudes<br>\u00a0<br>Con una inversi\u00f3n superior a 10 millones de pesos, nuevos espacios deportivos en San Francisco Porvenir y Juan Pablo II promueven vidas saludables y convivencia en entornos comunitarios\u2026 <a href=\"https:\/\/t.co\/gpgfkPLkvi\">pic.twitter.com\/gpgfkPLkvi<\/a><\/p>&mdash; vertienteglobal.com (@VertienteGloba1) <a href=\"https:\/\/x.com\/VertienteGloba1\/status\/2076487141643710574?ref_src=twsrc%5Etfw\">July 13, 2026<\/a><\/blockquote><script async src=\"https:\/\/platform.x.com\/widgets.js\" charset=\"utf-8\"><\/script><\/div><\/div>\n<\/div><\/figure>\n","protected":false},"excerpt":{"rendered":"<p>(Redacci\u00f3n) Con una inversi\u00f3n superior a 10 millones de pesos, nuevos espacios deportivos en San Francisco Porvenir y Juan Pablo II promueven vidas saludables y convivencia en entornos comunitarios seguros M\u00e9rida, Yucat\u00e1n,12 de julio 2026.-Infancias y juventudes del poniente de M\u00e9rida cuentan ahora con nuevos espacios de deporte y esparcimiento, tras la entrega de una [&hellip;]<\/p>\n","protected":false},"author":6,"featured_media":260682,"comment_status":"open","ping_status":"open","sticky":false,"template":"","format":"standard","meta":{"footnotes":""},"categories":[11,2],"tags":[],"class_list":["post-260681","post","type-post","status-publish","format-standard","has-post-thumbnail","hentry","category-deportes","category-yucatan","entry","has-media"],"jetpack_featured_media_url":"http:\/\/vertienteglobal.com\/wp-content\/uploads\/2026\/07\/1001403189-scaled.jpg","_links":{"self":[{"href":"http:\/\/vertienteglobal.com\/index.php?rest_route=\/wp\/v2\/posts\/260681","targetHints":{"allow":["GET"]}}],"collection":[{"href":"http:\/\/vertienteglobal.com\/index.php?rest_route=\/wp\/v2\/posts"}],"about":[{"href":"http:\/\/vertienteglobal.com\/index.php?rest_route=\/wp\/v2\/types\/post"}],"author":[{"embeddable":true,"href":"http:\/\/vertienteglobal.com\/index.php?rest_route=\/wp\/v2\/users\/6"}],"replies":[{"embeddable":true,"href":"http:\/\/vertienteglobal.com\/index.php?rest_route=%2Fwp%2Fv2%2Fcomments&post=260681"}],"version-history":[{"count":2,"href":"http:\/\/vertienteglobal.com\/index.php?rest_route=\/wp\/v2\/posts\/260681\/revisions"}],"predecessor-version":[{"id":260688,"href":"http:\/\/vertienteglobal.com\/index.php?rest_route=\/wp\/v2\/posts\/260681\/revisions\/260688"}],"wp:featuredmedia":[{"embeddable":true,"href":"http:\/\/vertienteglobal.com\/index.php?rest_route=\/wp\/v2\/media\/260682"}],"wp:attachment":[{"href":"http:\/\/vertienteglobal.com\/index.php?rest_route=%2Fwp%2Fv2%2Fmedia&parent=260681"}],"wp:term":[{"taxonomy":"category","embeddable":true,"href":"http:\/\/vertienteglobal.com\/index.php?rest_route=%2Fwp%2Fv2%2Fcategories&post=260681"},{"taxonomy":"post_tag","embeddable":true,"href":"http:\/\/vertienteglobal.com\/index.php?rest_route=%2Fwp%2Fv2%2Ftags&post=260681"}],"curies":[{"name":"wp","href":"https:\/\/api.w.org\/{rel}","templated":true}]}}