{"id":260660,"date":"2026-07-04T20:26:21","date_gmt":"2026-07-05T01:26:21","guid":{"rendered":"http:\/\/vertienteglobal.com\/?p=260660"},"modified":"2026-07-12T20:32:00","modified_gmt":"2026-07-13T01:32:00","slug":"ana-paty-peralta-convoca-en-bacalar-a-mantener-unidad-por-la-cuarta-transformacion","status":"publish","type":"post","link":"http:\/\/vertienteglobal.com\/?p=260660","title":{"rendered":"Ana Paty Peralta convoca en Bacalar a mantener unidad por la Cuarta Transformaci\u00f3n"},"content":{"rendered":"\n<div class=\"twitterbutton\" style=\"float: right; padding-left: 5px;\"><a href=\"http:\/\/twitter.com\/share\" class=\"twitter-share-button\" data-count=\"horizontal\" data-text=\"Ana Paty Peralta convoca en Bacalar a mantener unidad por la Cuarta Transformaci...\" data-via=\"https:\/\/twitter.com\/VertienteGloba1\" data-url=\"http:\/\/vertienteglobal.com\/?p=260660\" data-lang=\"es\" data-related=\"Informaci\u00f3n general:S\u00edguenos para que est\u00e9ss informado\"><\/a><\/div>\n<figure class=\"wp-block-image size-large\"><img loading=\"lazy\" decoding=\"async\" width=\"1024\" height=\"775\" src=\"http:\/\/vertienteglobal.com\/wp-content\/uploads\/2026\/07\/1001403258-1024x775.jpg\" alt=\"\" class=\"wp-image-260661\" srcset=\"http:\/\/vertienteglobal.com\/wp-content\/uploads\/2026\/07\/1001403258-1024x775.jpg 1024w, http:\/\/vertienteglobal.com\/wp-content\/uploads\/2026\/07\/1001403258-300x227.jpg 300w, http:\/\/vertienteglobal.com\/wp-content\/uploads\/2026\/07\/1001403258-150x114.jpg 150w, http:\/\/vertienteglobal.com\/wp-content\/uploads\/2026\/07\/1001403258-768x581.jpg 768w, http:\/\/vertienteglobal.com\/wp-content\/uploads\/2026\/07\/1001403258-1536x1163.jpg 1536w, http:\/\/vertienteglobal.com\/wp-content\/uploads\/2026\/07\/1001403258-2048x1550.jpg 2048w\" sizes=\"auto, (max-width: 1024px) 100vw, 1024px\" \/><\/figure>\n\n\n\n<p>(Redacci\u00f3n)<\/p>\n\n\n\n<p>Ana Paty Peralta hizo un llamado a la militancia y a la ciudadan\u00eda a mantener la unidad para defender la soberan\u00eda naciona<\/p>\n\n\n\n<p>Bacalar, Quintana Roo, a 04 de julio 2026.\u2013 En unidad y trabajando de la mano para defender la transformaci\u00f3n en el Estado, los aspirantes a coordinador estatal de la Defensa de la Transformaci\u00f3n y la Soberan\u00eda Nacional en Quintana Roo, Ana Paty Peralta y Eugenio Segura V\u00e1zquez participaron en una asamblea informativa convocada en Bacalar, por el Comit\u00e9 Ejecutivo Estatal de Morena, encabezado por su presidenta, Johana Michelle Acosta Conrado.<\/p>\n\n\n\n<p>\u201cHoy vengo con un encargo muy importante por parte de nuestro movimiento, de Morena, que podamos seguir llevando el mensaje de la transformaci\u00f3n de los gobierno de la Cuarta Transformaci\u00f3n, de los gobiernos de nuestra presidenta Claudia Sheinbaum Pardo, de nuestra gobernadora Mara Lezama, a todas las casas, entregando el peri\u00f3dico de Regeneraci\u00f3n, informando al pueblo\u201d, expres\u00f3.<\/p>\n\n\n\n<p>Ana Paty Peralta hizo un llamado a la militancia y a la ciudadan\u00eda a mantener la unidad para defender la soberan\u00eda nacional, consolidar el segundo piso de la Cuarta Transformaci\u00f3n y seguir construyendo el bienestar de las familias quintanarroenses.<\/p>\n\n\n\n<p>Durante su mensaje, la presidenta del Comit\u00e9 Ejecutivo Estatal de Morena, Johana Acosta Conrado, exhort\u00f3 a la militancia a sumarse con 4 compromisos: mantener informado al pueblo, ayudar con la formaci\u00f3n pol\u00edtica de Morena, ser defensores de la Cuarta Transformaci\u00f3n a trav\u00e9s de las redes sociales y contribuir en la b\u00fasqueda e identificaci\u00f3n de m\u00e1s simpatizantes del movimiento.<\/p>\n\n\n\n<p>Adem\u00e1s, la asamblea cont\u00f3 con la participaci\u00f3n de integrantes del movimiento, autoridades, militantes y simpatizantes, quienes reiteraron su compromiso con los principios de la Cuarta Transformaci\u00f3n y con la organizaci\u00f3n territorial.<\/p>\n\n\n\n<p>Al concluir el encuentro, Ana Paty Peralta y Eugenio Segura realizaron un recorrido casa por casa por distintas calles de Bacalar para entregar el peri\u00f3dico Regeneraci\u00f3n, \u00f3rgano informativo de Morena, con el prop\u00f3sito de acercar a la ciudadan\u00eda los avances del movimiento, fortalecer el di\u00e1logo directo con las familias y continuar promoviendo la participaci\u00f3n del pueblo en la transformaci\u00f3n de Quintana Roo y de M\u00e9xico.<\/p>\n\n\n\n<hr class=\"wp-block-separator has-alpha-channel-opacity\"\/>\n\n\n\n<figure class=\"wp-block-image size-large\"><img loading=\"lazy\" decoding=\"async\" width=\"1024\" height=\"682\" src=\"http:\/\/vertienteglobal.com\/wp-content\/uploads\/2026\/07\/1001403254-1024x682.jpg\" alt=\"\" class=\"wp-image-260662\" srcset=\"http:\/\/vertienteglobal.com\/wp-content\/uploads\/2026\/07\/1001403254-1024x682.jpg 1024w, http:\/\/vertienteglobal.com\/wp-content\/uploads\/2026\/07\/1001403254-300x200.jpg 300w, http:\/\/vertienteglobal.com\/wp-content\/uploads\/2026\/07\/1001403254-150x100.jpg 150w, http:\/\/vertienteglobal.com\/wp-content\/uploads\/2026\/07\/1001403254-768x512.jpg 768w, http:\/\/vertienteglobal.com\/wp-content\/uploads\/2026\/07\/1001403254-1536x1024.jpg 1536w, http:\/\/vertienteglobal.com\/wp-content\/uploads\/2026\/07\/1001403254-2048x1365.jpg 2048w\" sizes=\"auto, (max-width: 1024px) 100vw, 1024px\" \/><\/figure>\n\n\n\n<figure class=\"wp-block-image size-large\"><img loading=\"lazy\" decoding=\"async\" width=\"1024\" height=\"814\" src=\"http:\/\/vertienteglobal.com\/wp-content\/uploads\/2026\/07\/1001403255-1-1024x814.jpg\" alt=\"\" class=\"wp-image-260667\" srcset=\"http:\/\/vertienteglobal.com\/wp-content\/uploads\/2026\/07\/1001403255-1-1024x814.jpg 1024w, http:\/\/vertienteglobal.com\/wp-content\/uploads\/2026\/07\/1001403255-1-300x238.jpg 300w, http:\/\/vertienteglobal.com\/wp-content\/uploads\/2026\/07\/1001403255-1-150x119.jpg 150w, http:\/\/vertienteglobal.com\/wp-content\/uploads\/2026\/07\/1001403255-1-768x610.jpg 768w, http:\/\/vertienteglobal.com\/wp-content\/uploads\/2026\/07\/1001403255-1-1536x1220.jpg 1536w, http:\/\/vertienteglobal.com\/wp-content\/uploads\/2026\/07\/1001403255-1-2048x1627.jpg 2048w\" sizes=\"auto, (max-width: 1024px) 100vw, 1024px\" \/><\/figure>\n\n\n\n<figure class=\"wp-block-image size-large\"><img loading=\"lazy\" decoding=\"async\" width=\"1024\" height=\"682\" src=\"http:\/\/vertienteglobal.com\/wp-content\/uploads\/2026\/07\/1001403256-1024x682.jpg\" alt=\"\" class=\"wp-image-260666\" srcset=\"http:\/\/vertienteglobal.com\/wp-content\/uploads\/2026\/07\/1001403256-1024x682.jpg 1024w, http:\/\/vertienteglobal.com\/wp-content\/uploads\/2026\/07\/1001403256-300x200.jpg 300w, http:\/\/vertienteglobal.com\/wp-content\/uploads\/2026\/07\/1001403256-150x100.jpg 150w, http:\/\/vertienteglobal.com\/wp-content\/uploads\/2026\/07\/1001403256-768x512.jpg 768w, http:\/\/vertienteglobal.com\/wp-content\/uploads\/2026\/07\/1001403256-1536x1024.jpg 1536w, http:\/\/vertienteglobal.com\/wp-content\/uploads\/2026\/07\/1001403256-2048x1365.jpg 2048w\" sizes=\"auto, (max-width: 1024px) 100vw, 1024px\" \/><\/figure>\n\n\n\n<figure class=\"wp-block-image size-large\"><img loading=\"lazy\" decoding=\"async\" width=\"1024\" height=\"814\" src=\"http:\/\/vertienteglobal.com\/wp-content\/uploads\/2026\/07\/1001403255-1024x814.jpg\" alt=\"\" class=\"wp-image-260665\" srcset=\"http:\/\/vertienteglobal.com\/wp-content\/uploads\/2026\/07\/1001403255-1024x814.jpg 1024w, http:\/\/vertienteglobal.com\/wp-content\/uploads\/2026\/07\/1001403255-300x238.jpg 300w, http:\/\/vertienteglobal.com\/wp-content\/uploads\/2026\/07\/1001403255-150x119.jpg 150w, http:\/\/vertienteglobal.com\/wp-content\/uploads\/2026\/07\/1001403255-768x610.jpg 768w, http:\/\/vertienteglobal.com\/wp-content\/uploads\/2026\/07\/1001403255-1536x1220.jpg 1536w, http:\/\/vertienteglobal.com\/wp-content\/uploads\/2026\/07\/1001403255-2048x1627.jpg 2048w\" sizes=\"auto, (max-width: 1024px) 100vw, 1024px\" \/><\/figure>\n","protected":false},"excerpt":{"rendered":"<p>(Redacci\u00f3n) Ana Paty Peralta hizo un llamado a la militancia y a la ciudadan\u00eda a mantener la unidad para defender la soberan\u00eda naciona Bacalar, Quintana Roo, a 04 de julio 2026.\u2013 En unidad y trabajando de la mano para defender la transformaci\u00f3n en el Estado, los aspirantes a coordinador estatal de la Defensa de la [&hellip;]<\/p>\n","protected":false},"author":6,"featured_media":260661,"comment_status":"open","ping_status":"open","sticky":false,"template":"","format":"standard","meta":{"footnotes":""},"categories":[3],"tags":[],"class_list":["post-260660","post","type-post","status-publish","format-standard","has-post-thumbnail","hentry","category-quintana-roo","entry","has-media"],"jetpack_featured_media_url":"http:\/\/vertienteglobal.com\/wp-content\/uploads\/2026\/07\/1001403258.jpg","_links":{"self":[{"href":"http:\/\/vertienteglobal.com\/index.php?rest_route=\/wp\/v2\/posts\/260660","targetHints":{"allow":["GET"]}}],"collection":[{"href":"http:\/\/vertienteglobal.com\/index.php?rest_route=\/wp\/v2\/posts"}],"about":[{"href":"http:\/\/vertienteglobal.com\/index.php?rest_route=\/wp\/v2\/types\/post"}],"author":[{"embeddable":true,"href":"http:\/\/vertienteglobal.com\/index.php?rest_route=\/wp\/v2\/users\/6"}],"replies":[{"embeddable":true,"href":"http:\/\/vertienteglobal.com\/index.php?rest_route=%2Fwp%2Fv2%2Fcomments&post=260660"}],"version-history":[{"count":1,"href":"http:\/\/vertienteglobal.com\/index.php?rest_route=\/wp\/v2\/posts\/260660\/revisions"}],"predecessor-version":[{"id":260668,"href":"http:\/\/vertienteglobal.com\/index.php?rest_route=\/wp\/v2\/posts\/260660\/revisions\/260668"}],"wp:featuredmedia":[{"embeddable":true,"href":"http:\/\/vertienteglobal.com\/index.php?rest_route=\/wp\/v2\/media\/260661"}],"wp:attachment":[{"href":"http:\/\/vertienteglobal.com\/index.php?rest_route=%2Fwp%2Fv2%2Fmedia&parent=260660"}],"wp:term":[{"taxonomy":"category","embeddable":true,"href":"http:\/\/vertienteglobal.com\/index.php?rest_route=%2Fwp%2Fv2%2Fcategories&post=260660"},{"taxonomy":"post_tag","embeddable":true,"href":"http:\/\/vertienteglobal.com\/index.php?rest_route=%2Fwp%2Fv2%2Ftags&post=260660"}],"curies":[{"name":"wp","href":"https:\/\/api.w.org\/{rel}","templated":true}]}}