{"id":260653,"date":"2026-07-07T21:22:00","date_gmt":"2026-07-08T02:22:00","guid":{"rendered":"http:\/\/vertienteglobal.com\/?p=260653"},"modified":"2026-07-12T20:25:37","modified_gmt":"2026-07-13T01:25:37","slug":"desde-cozumel-ana-paty-peralta-llama-a-cerrar-filas-por-la-transformacion-y-la-soberania-nacional","status":"publish","type":"post","link":"http:\/\/vertienteglobal.com\/?p=260653","title":{"rendered":"Desde Cozumel, Ana Paty Peralta llama a cerrar filas por la Transformaci\u00f3n y la Soberan\u00eda Nacional"},"content":{"rendered":"\n<div class=\"twitterbutton\" style=\"float: right; padding-left: 5px;\"><a href=\"http:\/\/twitter.com\/share\" class=\"twitter-share-button\" data-count=\"horizontal\" data-text=\"Desde Cozumel, Ana Paty Peralta llama a cerrar filas por la Transformaci\u00f3n y la...\" data-via=\"https:\/\/twitter.com\/VertienteGloba1\" data-url=\"http:\/\/vertienteglobal.com\/?p=260653\" data-lang=\"es\" data-related=\"Informaci\u00f3n general:S\u00edguenos para que est\u00e9ss informado\"><\/a><\/div>\n<figure class=\"wp-block-image size-large\"><img loading=\"lazy\" decoding=\"async\" width=\"1024\" height=\"822\" src=\"http:\/\/vertienteglobal.com\/wp-content\/uploads\/2026\/07\/1001403249-1024x822.jpg\" alt=\"\" class=\"wp-image-260655\" srcset=\"http:\/\/vertienteglobal.com\/wp-content\/uploads\/2026\/07\/1001403249-1024x822.jpg 1024w, http:\/\/vertienteglobal.com\/wp-content\/uploads\/2026\/07\/1001403249-300x241.jpg 300w, http:\/\/vertienteglobal.com\/wp-content\/uploads\/2026\/07\/1001403249-150x120.jpg 150w, http:\/\/vertienteglobal.com\/wp-content\/uploads\/2026\/07\/1001403249-768x617.jpg 768w, http:\/\/vertienteglobal.com\/wp-content\/uploads\/2026\/07\/1001403249-1536x1233.jpg 1536w, http:\/\/vertienteglobal.com\/wp-content\/uploads\/2026\/07\/1001403249-2048x1644.jpg 2048w\" sizes=\"auto, (max-width: 1024px) 100vw, 1024px\" \/><\/figure>\n\n\n\n<p>(Redacci\u00f3n)<\/p>\n\n\n\n<p>Recorri\u00f3 distintos sectores del municipio para escuchar a la militancia y a las familias<\/p>\n\n\n\n<p>Cozumel, Quintana Roo, a 7 de julio de 2026.- Como parte de su recorrido por el estado, la aspirante a coordinadora estatal de la Defensa de la Transformaci\u00f3n y la Soberan\u00eda Nacional en Quintana Roo, Ana Paty Peralta, sostuvo una intensa jornada de trabajo en Cozumel, donde convoc\u00f3 a la militancia para consolidar la organizaci\u00f3n territorial y seguir defendiendo los principios de la Cuarta Transformaci\u00f3n.<\/p>\n\n\n\n<p>La agenda en la Isla de las Golondrinas inici\u00f3 con un encuentro con mujeres cozumele\u00f1as, con quienes dialog\u00f3 sobre la importancia de mantener la organizaci\u00f3n, la participaci\u00f3n y el compromiso de las mujeres como fuerza fundamental para fortalecer la organizaci\u00f3n y el trabajo en territorio.<\/p>\n\n\n\n<p>Durante la reuni\u00f3n, Ana Paty destac\u00f3 que la fortaleza de la Transformaci\u00f3n radica en un pueblo organizado, participativo y unido, por lo que convoc\u00f3 a continuar trabajando de manera cercana con la ciudadan\u00eda para seguir construyendo un Quintana Roo con bienestar, justicia social y mayores oportunidades para todas y todos.<\/p>\n\n\n\n<p>M\u00e1s tarde, recorri\u00f3 casa por casa la colonia San Miguel I para entregar el peri\u00f3dico Regeneraci\u00f3n y conversar directamente con las familias cozumele\u00f1as, compartiendo los avances del movimiento y reafirmando la importancia de mantener el contacto permanente con el pueblo.<\/p>\n\n\n\n<p>Como parte de su gira, sostuvo tambi\u00e9n un encuentro con coordinadoras y coordinadores de Morena en Cozumel, a quienes reconoci\u00f3 por su labor cotidiana en la organizaci\u00f3n territorial y en la construcci\u00f3n de un movimiento cada vez m\u00e1s fuerte y cercano a la gente.<\/p>\n\n\n\n<p>La jornada concluy\u00f3 con una asamblea informativa, donde reiter\u00f3 que el momento exige unidad, organizaci\u00f3n y compromiso para defender la Transformaci\u00f3n y la Soberan\u00eda Nacional, siempre privilegiando los principios que han dado identidad al movimiento.<\/p>\n\n\n\n<p>\u00ab\u00bfEst\u00e1n dispuestos a defender la soberan\u00eda nacional y la transformaci\u00f3n? La patria no se vende, se ama y se defiende\u00bb, expres\u00f3 la aspirante a coordinadora estatal, coreada por las y los vecinos de la zona.<\/p>\n\n\n\n<p>Ana Paty Peralta reafirm\u00f3 que continuar\u00e1 recorriendo los municipios de Quintana Roo para escuchar a la militancia, reforzar la organizaci\u00f3n y sumar voluntades en favor de un movimiento unido que siga impulsando el bienestar del pueblo y la defensa de la Transformaci\u00f3n y la soberan\u00eda nacional.<\/p>\n\n\n\n<p><em>Dirigido a la militancia de Morena. Proceso para la selecci\u00f3n de la Coordinaci\u00f3n de la Defensa de la Transformaci\u00f3n y Soberan\u00eda Nacional<\/em><\/p>\n\n\n\n<hr class=\"wp-block-separator has-alpha-channel-opacity\"\/>\n\n\n\n<figure class=\"wp-block-image size-large\"><img loading=\"lazy\" decoding=\"async\" width=\"1024\" height=\"764\" src=\"http:\/\/vertienteglobal.com\/wp-content\/uploads\/2026\/07\/1001403250-1024x764.jpg\" alt=\"\" class=\"wp-image-260654\" srcset=\"http:\/\/vertienteglobal.com\/wp-content\/uploads\/2026\/07\/1001403250-1024x764.jpg 1024w, http:\/\/vertienteglobal.com\/wp-content\/uploads\/2026\/07\/1001403250-300x224.jpg 300w, http:\/\/vertienteglobal.com\/wp-content\/uploads\/2026\/07\/1001403250-150x112.jpg 150w, http:\/\/vertienteglobal.com\/wp-content\/uploads\/2026\/07\/1001403250-768x573.jpg 768w, http:\/\/vertienteglobal.com\/wp-content\/uploads\/2026\/07\/1001403250-1536x1146.jpg 1536w, http:\/\/vertienteglobal.com\/wp-content\/uploads\/2026\/07\/1001403250-2048x1528.jpg 2048w\" sizes=\"auto, (max-width: 1024px) 100vw, 1024px\" \/><\/figure>\n\n\n\n<figure class=\"wp-block-image size-large\"><img loading=\"lazy\" decoding=\"async\" width=\"1024\" height=\"682\" src=\"http:\/\/vertienteglobal.com\/wp-content\/uploads\/2026\/07\/1001403251-1024x682.jpg\" alt=\"\" class=\"wp-image-260656\" srcset=\"http:\/\/vertienteglobal.com\/wp-content\/uploads\/2026\/07\/1001403251-1024x682.jpg 1024w, http:\/\/vertienteglobal.com\/wp-content\/uploads\/2026\/07\/1001403251-300x200.jpg 300w, http:\/\/vertienteglobal.com\/wp-content\/uploads\/2026\/07\/1001403251-150x100.jpg 150w, http:\/\/vertienteglobal.com\/wp-content\/uploads\/2026\/07\/1001403251-768x512.jpg 768w, http:\/\/vertienteglobal.com\/wp-content\/uploads\/2026\/07\/1001403251-1536x1024.jpg 1536w, http:\/\/vertienteglobal.com\/wp-content\/uploads\/2026\/07\/1001403251-2048x1365.jpg 2048w\" sizes=\"auto, (max-width: 1024px) 100vw, 1024px\" \/><\/figure>\n\n\n\n<figure class=\"wp-block-image size-large\"><img loading=\"lazy\" decoding=\"async\" width=\"1024\" height=\"682\" src=\"http:\/\/vertienteglobal.com\/wp-content\/uploads\/2026\/07\/1001403252-1024x682.jpg\" alt=\"\" class=\"wp-image-260657\" srcset=\"http:\/\/vertienteglobal.com\/wp-content\/uploads\/2026\/07\/1001403252-1024x682.jpg 1024w, http:\/\/vertienteglobal.com\/wp-content\/uploads\/2026\/07\/1001403252-300x200.jpg 300w, http:\/\/vertienteglobal.com\/wp-content\/uploads\/2026\/07\/1001403252-150x100.jpg 150w, http:\/\/vertienteglobal.com\/wp-content\/uploads\/2026\/07\/1001403252-768x512.jpg 768w, http:\/\/vertienteglobal.com\/wp-content\/uploads\/2026\/07\/1001403252-1536x1024.jpg 1536w, http:\/\/vertienteglobal.com\/wp-content\/uploads\/2026\/07\/1001403252-2048x1365.jpg 2048w\" sizes=\"auto, (max-width: 1024px) 100vw, 1024px\" \/><\/figure>\n\n\n\n<figure class=\"wp-block-image size-large\"><img loading=\"lazy\" decoding=\"async\" width=\"1024\" height=\"801\" src=\"http:\/\/vertienteglobal.com\/wp-content\/uploads\/2026\/07\/1001403253-1024x801.jpg\" alt=\"\" class=\"wp-image-260658\" srcset=\"http:\/\/vertienteglobal.com\/wp-content\/uploads\/2026\/07\/1001403253-1024x801.jpg 1024w, http:\/\/vertienteglobal.com\/wp-content\/uploads\/2026\/07\/1001403253-300x235.jpg 300w, http:\/\/vertienteglobal.com\/wp-content\/uploads\/2026\/07\/1001403253-150x117.jpg 150w, http:\/\/vertienteglobal.com\/wp-content\/uploads\/2026\/07\/1001403253-768x601.jpg 768w, http:\/\/vertienteglobal.com\/wp-content\/uploads\/2026\/07\/1001403253-1536x1201.jpg 1536w, http:\/\/vertienteglobal.com\/wp-content\/uploads\/2026\/07\/1001403253-2048x1602.jpg 2048w\" sizes=\"auto, (max-width: 1024px) 100vw, 1024px\" \/><\/figure>\n","protected":false},"excerpt":{"rendered":"<p>(Redacci\u00f3n) Recorri\u00f3 distintos sectores del municipio para escuchar a la militancia y a las familias Cozumel, Quintana Roo, a 7 de julio de 2026.- Como parte de su recorrido por el estado, la aspirante a coordinadora estatal de la Defensa de la Transformaci\u00f3n y la Soberan\u00eda Nacional en Quintana Roo, Ana Paty Peralta, sostuvo una [&hellip;]<\/p>\n","protected":false},"author":6,"featured_media":260655,"comment_status":"open","ping_status":"open","sticky":false,"template":"","format":"standard","meta":{"footnotes":""},"categories":[3],"tags":[],"class_list":["post-260653","post","type-post","status-publish","format-standard","has-post-thumbnail","hentry","category-quintana-roo","entry","has-media"],"jetpack_featured_media_url":"http:\/\/vertienteglobal.com\/wp-content\/uploads\/2026\/07\/1001403249.jpg","_links":{"self":[{"href":"http:\/\/vertienteglobal.com\/index.php?rest_route=\/wp\/v2\/posts\/260653","targetHints":{"allow":["GET"]}}],"collection":[{"href":"http:\/\/vertienteglobal.com\/index.php?rest_route=\/wp\/v2\/posts"}],"about":[{"href":"http:\/\/vertienteglobal.com\/index.php?rest_route=\/wp\/v2\/types\/post"}],"author":[{"embeddable":true,"href":"http:\/\/vertienteglobal.com\/index.php?rest_route=\/wp\/v2\/users\/6"}],"replies":[{"embeddable":true,"href":"http:\/\/vertienteglobal.com\/index.php?rest_route=%2Fwp%2Fv2%2Fcomments&post=260653"}],"version-history":[{"count":1,"href":"http:\/\/vertienteglobal.com\/index.php?rest_route=\/wp\/v2\/posts\/260653\/revisions"}],"predecessor-version":[{"id":260659,"href":"http:\/\/vertienteglobal.com\/index.php?rest_route=\/wp\/v2\/posts\/260653\/revisions\/260659"}],"wp:featuredmedia":[{"embeddable":true,"href":"http:\/\/vertienteglobal.com\/index.php?rest_route=\/wp\/v2\/media\/260655"}],"wp:attachment":[{"href":"http:\/\/vertienteglobal.com\/index.php?rest_route=%2Fwp%2Fv2%2Fmedia&parent=260653"}],"wp:term":[{"taxonomy":"category","embeddable":true,"href":"http:\/\/vertienteglobal.com\/index.php?rest_route=%2Fwp%2Fv2%2Fcategories&post=260653"},{"taxonomy":"post_tag","embeddable":true,"href":"http:\/\/vertienteglobal.com\/index.php?rest_route=%2Fwp%2Fv2%2Ftags&post=260653"}],"curies":[{"name":"wp","href":"https:\/\/api.w.org\/{rel}","templated":true}]}}