{"id":260603,"date":"2026-07-11T17:43:27","date_gmt":"2026-07-11T22:43:27","guid":{"rendered":"http:\/\/vertienteglobal.com\/?p=260603"},"modified":"2026-07-12T17:47:42","modified_gmt":"2026-07-12T22:47:42","slug":"dif-yucatan-promueve-orgullo-por-las-raices-mayas-con-la-semifinal-de-persona-adulta-mayor-2026","status":"publish","type":"post","link":"http:\/\/vertienteglobal.com\/?p=260603","title":{"rendered":"DIF Yucat\u00e1n promueve orgullo por las ra\u00edces mayas con la semifinal de Persona Adulta Mayor 2026"},"content":{"rendered":"\n<div class=\"twitterbutton\" style=\"float: right; padding-left: 5px;\"><a href=\"http:\/\/twitter.com\/share\" class=\"twitter-share-button\" data-count=\"horizontal\" data-text=\"DIF Yucat\u00e1n promueve orgullo por las ra\u00edces mayas con la semifinal de Persona ...\" data-via=\"https:\/\/twitter.com\/VertienteGloba1\" data-url=\"http:\/\/vertienteglobal.com\/?p=260603\" data-lang=\"es\" data-related=\"Informaci\u00f3n general:S\u00edguenos para que est\u00e9ss informado\"><\/a><\/div>\n<figure class=\"wp-block-image size-large\"><img loading=\"lazy\" decoding=\"async\" width=\"1024\" height=\"683\" src=\"http:\/\/vertienteglobal.com\/wp-content\/uploads\/2026\/07\/1001402939-1024x683.jpg\" alt=\"\" class=\"wp-image-260604\" srcset=\"http:\/\/vertienteglobal.com\/wp-content\/uploads\/2026\/07\/1001402939-1024x683.jpg 1024w, http:\/\/vertienteglobal.com\/wp-content\/uploads\/2026\/07\/1001402939-300x200.jpg 300w, http:\/\/vertienteglobal.com\/wp-content\/uploads\/2026\/07\/1001402939-150x100.jpg 150w, http:\/\/vertienteglobal.com\/wp-content\/uploads\/2026\/07\/1001402939-768x512.jpg 768w, http:\/\/vertienteglobal.com\/wp-content\/uploads\/2026\/07\/1001402939-1536x1024.jpg 1536w, http:\/\/vertienteglobal.com\/wp-content\/uploads\/2026\/07\/1001402939-2048x1366.jpg 2048w\" sizes=\"auto, (max-width: 1024px) 100vw, 1024px\" \/><\/figure>\n\n\n\n<p>(Redacci\u00f3n)<\/p>\n\n\n\n<p><em>Las y los participantes compartieron la historia, tradiciones y patrimonio de sus municipios como parte del proceso para elegir a la imagen estatal de las personas mayores 2026-2027<\/em><\/p>\n\n\n\n<p>M\u00e9rida, Yucat\u00e1n, a 11 de julio de 2026.-La riqueza cultural de Yucat\u00e1n, el orgullo por las ra\u00edces mayas y las historias de vida construidas a lo largo de generaciones fueron protagonistas de la semifinal del concurso Persona Adulta Mayor 2026, donde representantes de diez municipios compartieron el legado de sus comunidades en busca de un lugar en la gran final.<\/p>\n\n\n\n<p>Durante esta etapa del certamen, organizada por el Sistema DIF Yucat\u00e1n, las y los participantes presentaron videoclips y mensajes en los que resaltaron la historia, tradiciones, medicina tradicional, lengua maya, artesan\u00edas y patrimonio cultural de sus municipios, con lo que demostraron que las personas mayores contin\u00faan siendo guardianas de la identidad yucateca. Esta fase forma parte del proceso para elegir a quienes ser\u00e1n la imagen de las personas mayores de Yucat\u00e1n durante el periodo 2026-2027.<\/p>\n\n\n\n<p>La iniciativa responde al compromiso del Gobernador Joaqu\u00edn D\u00edaz Mena y de la Presidenta Honoraria del DIF Yucat\u00e1n, Mtra. Wendy M\u00e9ndez Naal, de generar espacios que promuevan la participaci\u00f3n activa, el reconocimiento y la inclusi\u00f3n de las personas mayores, al fortalecer la edad avanzada activa y el orgullo por las ra\u00edces culturales del estado.<\/p>\n\n\n\n<p>En esta semifinal participaron representantes de Cacalch\u00e9n, Izamal, Progreso, Sey\u00e9, Ticul, Tizim\u00edn, Uc\u00fa, Yaxkukul, Hoct\u00fan y M\u00e9rida, quienes compartieron historias profundamente ligadas a sus comunidades, desde la medicina tradicional maya y los oficios ancestrales hasta la lengua maya, las artesan\u00edas, la gastronom\u00eda y el legado familiar que contin\u00faa transmiti\u00e9ndose de generaci\u00f3n en generaci\u00f3n.<\/p>\n\n\n\n<p>Tras la deliberaci\u00f3n del jurado, fueron seleccionadas las diez personas que avanzar\u00e1n a la gran final: Mar\u00eda Paula Navarrete V\u00e1zquez, del CREE M\u00e9rida; Rosario del Carmen Sosa Medina, de Ticul; Antonio Garc\u00eda Garc\u00eda y Angelina Alonzo, de Tizim\u00edn; Hermelinda Pe\u00f1a Tun, de Yaxkukul; Jos\u00e9 Romualdo S\u00e1nchez Garc\u00eda y Ofelia del Alba Gonz\u00e1lez G\u00f3mez, de Uc\u00fa; Edilberta Pacheco Suaste, de Izamal; Jether Obed Angulo Coll\u00ed, de Sey\u00e9; y Olga Mar\u00eda Balam Mar\u00edn, de Cacalch\u00e9n. Ellas y ellos buscar\u00e1n convertirse en la Persona Adulta Mayor 2026 durante la pr\u00f3xima Expo Personas Adultas Mayores.<\/p>\n\n\n\n<p>Al dirigir un mensaje a las y los participantes, la directora general del DIF Yucat\u00e1n, Shirley Edith Castillo S\u00e1nchez, destac\u00f3 que el verdadero valor del certamen no radica en la competencia, sino en reconocer las historias, experiencias y ejemplo de vida que representan las personas mayores para las nuevas generaciones.<\/p>\n\n\n\n<p>\u201cEl verdadero triunfo no est\u00e1 en qui\u00e9n pase a la final. El verdadero triunfo est\u00e1 hoy con todos ustedes, con sus familias y con las historias que inspiran a querer llegar a su edad con esa alegr\u00eda y esas ganas de vivir\u201d, asegur\u00f3.<\/p>\n\n\n\n<p>Por su parte, la Presidenta Honoraria del DIF Yucat\u00e1n, Mtra. Wendy M\u00e9ndez Naal, reconoci\u00f3 el entusiasmo de cada participante y destac\u00f3 que todas y todos representan con orgullo a sus municipios y a las personas mayores del estado.<\/p>\n\n\n\n<p>\u201cCada uno de ustedes representa una historia de esfuerzo, de trabajo y de amor por sus familias. Hoy nos han recordado que nunca hay l\u00edmites para seguir participando, aprendiendo y disfrutando de la vida\u201d, expres\u00f3.<\/p>\n\n\n\n<p>Durante su intervenci\u00f3n, tambi\u00e9n anunci\u00f3 que la gran final del concurso se llevar\u00e1 a cabo los d\u00edas 28 y 29 de agosto, durante la Expo Personas Adultas Mayores 2026, cuya tem\u00e1tica ser\u00e1 \u201cRenacer desde nuestras ra\u00edces mayas\u201d, espacio en el que adem\u00e1s se desarrollar\u00e1n actividades culturales, recreativas y de convivencia para personas mayores de todo el estado.<\/p>\n\n\n\n<figure class=\"wp-block-image size-large\"><img loading=\"lazy\" decoding=\"async\" width=\"1024\" height=\"683\" src=\"http:\/\/vertienteglobal.com\/wp-content\/uploads\/2026\/07\/1001402940-1024x683.jpg\" alt=\"\" class=\"wp-image-260605\" srcset=\"http:\/\/vertienteglobal.com\/wp-content\/uploads\/2026\/07\/1001402940-1024x683.jpg 1024w, http:\/\/vertienteglobal.com\/wp-content\/uploads\/2026\/07\/1001402940-300x200.jpg 300w, http:\/\/vertienteglobal.com\/wp-content\/uploads\/2026\/07\/1001402940-150x100.jpg 150w, http:\/\/vertienteglobal.com\/wp-content\/uploads\/2026\/07\/1001402940-768x512.jpg 768w, http:\/\/vertienteglobal.com\/wp-content\/uploads\/2026\/07\/1001402940-1536x1024.jpg 1536w, http:\/\/vertienteglobal.com\/wp-content\/uploads\/2026\/07\/1001402940-2048x1366.jpg 2048w\" sizes=\"auto, (max-width: 1024px) 100vw, 1024px\" \/><\/figure>\n\n\n\n<figure class=\"wp-block-image size-large\"><img loading=\"lazy\" decoding=\"async\" width=\"1024\" height=\"683\" src=\"http:\/\/vertienteglobal.com\/wp-content\/uploads\/2026\/07\/1001402941-1024x683.jpg\" alt=\"\" class=\"wp-image-260606\" srcset=\"http:\/\/vertienteglobal.com\/wp-content\/uploads\/2026\/07\/1001402941-1024x683.jpg 1024w, http:\/\/vertienteglobal.com\/wp-content\/uploads\/2026\/07\/1001402941-300x200.jpg 300w, http:\/\/vertienteglobal.com\/wp-content\/uploads\/2026\/07\/1001402941-150x100.jpg 150w, http:\/\/vertienteglobal.com\/wp-content\/uploads\/2026\/07\/1001402941-768x512.jpg 768w, http:\/\/vertienteglobal.com\/wp-content\/uploads\/2026\/07\/1001402941-1536x1024.jpg 1536w, http:\/\/vertienteglobal.com\/wp-content\/uploads\/2026\/07\/1001402941-2048x1366.jpg 2048w\" sizes=\"auto, (max-width: 1024px) 100vw, 1024px\" \/><\/figure>\n\n\n\n<figure class=\"wp-block-image size-large\"><img loading=\"lazy\" decoding=\"async\" width=\"1024\" height=\"683\" src=\"http:\/\/vertienteglobal.com\/wp-content\/uploads\/2026\/07\/1001402942-1024x683.jpg\" alt=\"\" class=\"wp-image-260607\" srcset=\"http:\/\/vertienteglobal.com\/wp-content\/uploads\/2026\/07\/1001402942-1024x683.jpg 1024w, http:\/\/vertienteglobal.com\/wp-content\/uploads\/2026\/07\/1001402942-300x200.jpg 300w, http:\/\/vertienteglobal.com\/wp-content\/uploads\/2026\/07\/1001402942-150x100.jpg 150w, http:\/\/vertienteglobal.com\/wp-content\/uploads\/2026\/07\/1001402942-768x512.jpg 768w, http:\/\/vertienteglobal.com\/wp-content\/uploads\/2026\/07\/1001402942-1536x1024.jpg 1536w, http:\/\/vertienteglobal.com\/wp-content\/uploads\/2026\/07\/1001402942-2048x1366.jpg 2048w\" sizes=\"auto, (max-width: 1024px) 100vw, 1024px\" \/><\/figure>\n\n\n\n<figure class=\"wp-block-image size-large\"><img loading=\"lazy\" decoding=\"async\" width=\"1024\" height=\"683\" src=\"http:\/\/vertienteglobal.com\/wp-content\/uploads\/2026\/07\/1001402943-1024x683.jpg\" alt=\"\" class=\"wp-image-260608\" srcset=\"http:\/\/vertienteglobal.com\/wp-content\/uploads\/2026\/07\/1001402943-1024x683.jpg 1024w, http:\/\/vertienteglobal.com\/wp-content\/uploads\/2026\/07\/1001402943-300x200.jpg 300w, http:\/\/vertienteglobal.com\/wp-content\/uploads\/2026\/07\/1001402943-150x100.jpg 150w, http:\/\/vertienteglobal.com\/wp-content\/uploads\/2026\/07\/1001402943-768x512.jpg 768w, http:\/\/vertienteglobal.com\/wp-content\/uploads\/2026\/07\/1001402943-1536x1024.jpg 1536w, http:\/\/vertienteglobal.com\/wp-content\/uploads\/2026\/07\/1001402943-2048x1366.jpg 2048w\" sizes=\"auto, (max-width: 1024px) 100vw, 1024px\" \/><\/figure>\n","protected":false},"excerpt":{"rendered":"<p>(Redacci\u00f3n) Las y los participantes compartieron la historia, tradiciones y patrimonio de sus municipios como parte del proceso para elegir a la imagen estatal de las personas mayores 2026-2027 M\u00e9rida, Yucat\u00e1n, a 11 de julio de 2026.-La riqueza cultural de Yucat\u00e1n, el orgullo por las ra\u00edces mayas y las historias de vida construidas a lo [&hellip;]<\/p>\n","protected":false},"author":6,"featured_media":260604,"comment_status":"open","ping_status":"open","sticky":false,"template":"","format":"standard","meta":{"footnotes":""},"categories":[2],"tags":[],"class_list":["post-260603","post","type-post","status-publish","format-standard","has-post-thumbnail","hentry","category-yucatan","entry","has-media"],"jetpack_featured_media_url":"http:\/\/vertienteglobal.com\/wp-content\/uploads\/2026\/07\/1001402939.jpg","_links":{"self":[{"href":"http:\/\/vertienteglobal.com\/index.php?rest_route=\/wp\/v2\/posts\/260603","targetHints":{"allow":["GET"]}}],"collection":[{"href":"http:\/\/vertienteglobal.com\/index.php?rest_route=\/wp\/v2\/posts"}],"about":[{"href":"http:\/\/vertienteglobal.com\/index.php?rest_route=\/wp\/v2\/types\/post"}],"author":[{"embeddable":true,"href":"http:\/\/vertienteglobal.com\/index.php?rest_route=\/wp\/v2\/users\/6"}],"replies":[{"embeddable":true,"href":"http:\/\/vertienteglobal.com\/index.php?rest_route=%2Fwp%2Fv2%2Fcomments&post=260603"}],"version-history":[{"count":1,"href":"http:\/\/vertienteglobal.com\/index.php?rest_route=\/wp\/v2\/posts\/260603\/revisions"}],"predecessor-version":[{"id":260609,"href":"http:\/\/vertienteglobal.com\/index.php?rest_route=\/wp\/v2\/posts\/260603\/revisions\/260609"}],"wp:featuredmedia":[{"embeddable":true,"href":"http:\/\/vertienteglobal.com\/index.php?rest_route=\/wp\/v2\/media\/260604"}],"wp:attachment":[{"href":"http:\/\/vertienteglobal.com\/index.php?rest_route=%2Fwp%2Fv2%2Fmedia&parent=260603"}],"wp:term":[{"taxonomy":"category","embeddable":true,"href":"http:\/\/vertienteglobal.com\/index.php?rest_route=%2Fwp%2Fv2%2Fcategories&post=260603"},{"taxonomy":"post_tag","embeddable":true,"href":"http:\/\/vertienteglobal.com\/index.php?rest_route=%2Fwp%2Fv2%2Ftags&post=260603"}],"curies":[{"name":"wp","href":"https:\/\/api.w.org\/{rel}","templated":true}]}}