{"id":260521,"date":"2026-07-09T15:19:00","date_gmt":"2026-07-09T20:19:00","guid":{"rendered":"http:\/\/vertienteglobal.com\/?p=260521"},"modified":"2026-07-12T16:22:50","modified_gmt":"2026-07-12T21:22:50","slug":"reconoce-mara-lezama-a-estudiantes-que-representaron-a-quintana-roo-en-la-olimpiada-mexicana-de-matematicas","status":"publish","type":"post","link":"http:\/\/vertienteglobal.com\/?p=260521","title":{"rendered":"Reconoce Mara Lezama a estudiantes que representaron a Quintana Roo en la Olimpiada Mexicana de Matem\u00e1ticas"},"content":{"rendered":"\n<div class=\"twitterbutton\" style=\"float: right; padding-left: 5px;\"><a href=\"http:\/\/twitter.com\/share\" class=\"twitter-share-button\" data-count=\"horizontal\" data-text=\"Reconoce Mara Lezama a estudiantes que representaron a Quintana Roo en la Olimpi...\" data-via=\"https:\/\/twitter.com\/VertienteGloba1\" data-url=\"http:\/\/vertienteglobal.com\/?p=260521\" data-lang=\"es\" data-related=\"Informaci\u00f3n general:S\u00edguenos para que est\u00e9ss informado\"><\/a><\/div>\n<figure class=\"wp-block-image size-large\"><img loading=\"lazy\" decoding=\"async\" width=\"1024\" height=\"683\" src=\"http:\/\/vertienteglobal.com\/wp-content\/uploads\/2026\/07\/1001402715-1024x683.jpg\" alt=\"\" class=\"wp-image-260522\" srcset=\"http:\/\/vertienteglobal.com\/wp-content\/uploads\/2026\/07\/1001402715-1024x683.jpg 1024w, http:\/\/vertienteglobal.com\/wp-content\/uploads\/2026\/07\/1001402715-300x200.jpg 300w, http:\/\/vertienteglobal.com\/wp-content\/uploads\/2026\/07\/1001402715-150x100.jpg 150w, http:\/\/vertienteglobal.com\/wp-content\/uploads\/2026\/07\/1001402715-768x512.jpg 768w, http:\/\/vertienteglobal.com\/wp-content\/uploads\/2026\/07\/1001402715.jpg 1280w\" sizes=\"auto, (max-width: 1024px) 100vw, 1024px\" \/><\/figure>\n\n\n\n<p>(Redacci\u00f3n)<\/p>\n\n\n\n<p>Las seis participantes destacaron en el 5\u00ba Concurso Nacional Femenil 2026; la Gobernadora las llam\u00f3 a seguir inspirando a m\u00e1s ni\u00f1as y j\u00f3venes a incursionar en las ciencias exactas<\/p>\n\n\n\n<p>Canc\u00fan, Quintana Roo, 9 de julio 2026.- Felicit\u00f3 la gobernadora Mara Lezama Espinosa a las seis estudiantes que representaron a Quintana Roo en el 5\u00ba Concurso Nacional Femenil 2026 de la Olimpiada Mexicana de Matem\u00e1ticas, al reconocer su talento, dedicaci\u00f3n y el ejemplo que representan para que m\u00e1s ni\u00f1as y j\u00f3venes se interesen por las ciencias exactas.<\/p>\n\n\n\n<p>Durante un encuentro con las participantes, la Gobernadora destac\u00f3 el desempe\u00f1o de Regina y Daniela, alumnas de secundaria; Emma, estudiante de primaria que compiti\u00f3 en la categor\u00eda de secundaria; as\u00ed como Jimena, Sof\u00eda y Margarita, de nivel preparatoria, quienes participaron en el certamen nacional realizado en Puebla.<\/p>\n\n\n\n<p>Mara Lezama tambi\u00e9n reconoci\u00f3 la trayectoria de Sof\u00eda, quien ha competido en cuatro ediciones del concurso, obtuvo tres medallas de oro para Quintana Roo y actualmente se desempe\u00f1a como entrenadora de nuevas generaciones de estudiantes interesadas en las matem\u00e1ticas.<\/p>\n\n\n\n<p>La Gobernadora subray\u00f3 que el talento de las j\u00f3venes es resultado del trabajo conjunto entre alumnas, familias y docentes, adem\u00e1s de resaltar la importancia de seguir cerrando brechas de g\u00e9nero en disciplinas tradicionalmente asociadas con los hombres.<\/p>\n\n\n\n<p>\u201cHoy ver a las chavas empoderadas que dicen \u2018quiero ser ingeniera\u2019 o que estudian matem\u00e1ticas y son un referente para otras j\u00f3venes es motivo de orgullo\u201d, expres\u00f3.<\/p>\n\n\n\n<p>Asimismo, reconoci\u00f3 la labor de los delegados estatales de la Olimpiada Mexicana de Matem\u00e1ticas por impulsar el desarrollo acad\u00e9mico de las estudiantes y fomentar la participaci\u00f3n femenina en competencias nacionales.<\/p>\n\n\n\n<p>Durante el encuentro, Sof\u00eda comparti\u00f3 su experiencia y exhort\u00f3 a las ni\u00f1as y j\u00f3venes que disfrutan de las matem\u00e1ticas a no rendirse ni dejarse vencer por la presi\u00f3n o los estereotipos, sino a participar por el gusto de aprender y aprovechar las oportunidades que ofrecen este tipo de competencias.<\/p>\n\n\n\n<p>Finalmente, Mara Lezama anunci\u00f3 que en septiembre Quintana Roo ser\u00e1 sede de la Olimpiada de Matem\u00e1ticas de Educaci\u00f3n B\u00e1sica, que se realizar\u00e1 en Playa del Carmen, evento que permitir\u00e1 continuar promoviendo el talento cient\u00edfico de ni\u00f1as, ni\u00f1os y adolescentes del estado.<\/p>\n\n\n\n<p>Atestiguaron este reconocimiento Madeleine del Socorro Rivero Pastrana, enlace de la Secretar\u00eda de Educaci\u00f3n P\u00fablica en Quintana Roo; Cristopher Malpica Morales, director general del Consejo Quintanarroense de Humanidades, Ciencias y Tecnolog\u00edas (COQHCYT) y Leydi Marleny Xequeb Chan, delegada de la Olimpiada Mexicana de Matem\u00e1ticas en Educaci\u00f3n B\u00e1sica en el Estado de Quintana Roo.<\/p>\n\n\n\n<figure class=\"wp-block-image size-large\"><img loading=\"lazy\" decoding=\"async\" width=\"1024\" height=\"683\" src=\"http:\/\/vertienteglobal.com\/wp-content\/uploads\/2026\/07\/1001402716-1024x683.jpg\" alt=\"\" class=\"wp-image-260523\" srcset=\"http:\/\/vertienteglobal.com\/wp-content\/uploads\/2026\/07\/1001402716-1024x683.jpg 1024w, http:\/\/vertienteglobal.com\/wp-content\/uploads\/2026\/07\/1001402716-300x200.jpg 300w, http:\/\/vertienteglobal.com\/wp-content\/uploads\/2026\/07\/1001402716-150x100.jpg 150w, http:\/\/vertienteglobal.com\/wp-content\/uploads\/2026\/07\/1001402716-768x512.jpg 768w, http:\/\/vertienteglobal.com\/wp-content\/uploads\/2026\/07\/1001402716.jpg 1280w\" sizes=\"auto, (max-width: 1024px) 100vw, 1024px\" \/><\/figure>\n\n\n\n<figure class=\"wp-block-image size-large\"><img loading=\"lazy\" decoding=\"async\" width=\"1024\" height=\"683\" src=\"http:\/\/vertienteglobal.com\/wp-content\/uploads\/2026\/07\/1001402717-1024x683.jpg\" alt=\"\" class=\"wp-image-260524\" srcset=\"http:\/\/vertienteglobal.com\/wp-content\/uploads\/2026\/07\/1001402717-1024x683.jpg 1024w, http:\/\/vertienteglobal.com\/wp-content\/uploads\/2026\/07\/1001402717-300x200.jpg 300w, http:\/\/vertienteglobal.com\/wp-content\/uploads\/2026\/07\/1001402717-150x100.jpg 150w, http:\/\/vertienteglobal.com\/wp-content\/uploads\/2026\/07\/1001402717-768x512.jpg 768w, http:\/\/vertienteglobal.com\/wp-content\/uploads\/2026\/07\/1001402717.jpg 1280w\" sizes=\"auto, (max-width: 1024px) 100vw, 1024px\" \/><\/figure>\n\n\n\n<figure class=\"wp-block-embed is-type-video is-provider-youtube wp-block-embed-youtube wp-embed-aspect-16-9 wp-has-aspect-ratio\"><div class=\"wp-block-embed__wrapper\">\n<div class=\"oceanwp-oembed-wrap clr\"><iframe loading=\"lazy\" title=\"Reconoce Mara Lezama a estudiantes que representaron a Quintana Roo\" width=\"1200\" height=\"675\" src=\"https:\/\/www.youtube.com\/embed\/-2_pxst1zBY?feature=oembed\" frameborder=\"0\" allow=\"accelerometer; autoplay; clipboard-write; encrypted-media; gyroscope; picture-in-picture; web-share\" referrerpolicy=\"strict-origin-when-cross-origin\" allowfullscreen><\/iframe><\/div>\n<\/div><\/figure>\n","protected":false},"excerpt":{"rendered":"<p>(Redacci\u00f3n) Las seis participantes destacaron en el 5\u00ba Concurso Nacional Femenil 2026; la Gobernadora las llam\u00f3 a seguir inspirando a m\u00e1s ni\u00f1as y j\u00f3venes a incursionar en las ciencias exactas Canc\u00fan, Quintana Roo, 9 de julio 2026.- Felicit\u00f3 la gobernadora Mara Lezama Espinosa a las seis estudiantes que representaron a Quintana Roo en el 5\u00ba [&hellip;]<\/p>\n","protected":false},"author":6,"featured_media":260522,"comment_status":"open","ping_status":"open","sticky":false,"template":"","format":"standard","meta":{"footnotes":""},"categories":[3],"tags":[],"class_list":["post-260521","post","type-post","status-publish","format-standard","has-post-thumbnail","hentry","category-quintana-roo","entry","has-media"],"jetpack_featured_media_url":"http:\/\/vertienteglobal.com\/wp-content\/uploads\/2026\/07\/1001402715.jpg","_links":{"self":[{"href":"http:\/\/vertienteglobal.com\/index.php?rest_route=\/wp\/v2\/posts\/260521","targetHints":{"allow":["GET"]}}],"collection":[{"href":"http:\/\/vertienteglobal.com\/index.php?rest_route=\/wp\/v2\/posts"}],"about":[{"href":"http:\/\/vertienteglobal.com\/index.php?rest_route=\/wp\/v2\/types\/post"}],"author":[{"embeddable":true,"href":"http:\/\/vertienteglobal.com\/index.php?rest_route=\/wp\/v2\/users\/6"}],"replies":[{"embeddable":true,"href":"http:\/\/vertienteglobal.com\/index.php?rest_route=%2Fwp%2Fv2%2Fcomments&post=260521"}],"version-history":[{"count":1,"href":"http:\/\/vertienteglobal.com\/index.php?rest_route=\/wp\/v2\/posts\/260521\/revisions"}],"predecessor-version":[{"id":260525,"href":"http:\/\/vertienteglobal.com\/index.php?rest_route=\/wp\/v2\/posts\/260521\/revisions\/260525"}],"wp:featuredmedia":[{"embeddable":true,"href":"http:\/\/vertienteglobal.com\/index.php?rest_route=\/wp\/v2\/media\/260522"}],"wp:attachment":[{"href":"http:\/\/vertienteglobal.com\/index.php?rest_route=%2Fwp%2Fv2%2Fmedia&parent=260521"}],"wp:term":[{"taxonomy":"category","embeddable":true,"href":"http:\/\/vertienteglobal.com\/index.php?rest_route=%2Fwp%2Fv2%2Fcategories&post=260521"},{"taxonomy":"post_tag","embeddable":true,"href":"http:\/\/vertienteglobal.com\/index.php?rest_route=%2Fwp%2Fv2%2Ftags&post=260521"}],"curies":[{"name":"wp","href":"https:\/\/api.w.org\/{rel}","templated":true}]}}