{"id":260496,"date":"2026-07-07T14:48:00","date_gmt":"2026-07-07T19:48:00","guid":{"rendered":"http:\/\/vertienteglobal.com\/?p=260496"},"modified":"2026-07-12T15:51:16","modified_gmt":"2026-07-12T20:51:16","slug":"entrega-mara-lezama-domo-a-secundaria-tecnica-18-en-cancun-tras-34-anos-de-espera","status":"publish","type":"post","link":"http:\/\/vertienteglobal.com\/?p=260496","title":{"rendered":"Entrega Mara Lezama domo a Secundaria T\u00e9cnica 18 en Canc\u00fan tras 34 a\u00f1os de espera"},"content":{"rendered":"\n<div class=\"twitterbutton\" style=\"float: right; padding-left: 5px;\"><a href=\"http:\/\/twitter.com\/share\" class=\"twitter-share-button\" data-count=\"horizontal\" data-text=\"Entrega Mara Lezama domo a Secundaria T\u00e9cnica 18 en Canc\u00fan tras 34 a\u00f1os de es...\" data-via=\"https:\/\/twitter.com\/VertienteGloba1\" data-url=\"http:\/\/vertienteglobal.com\/?p=260496\" data-lang=\"es\" data-related=\"Informaci\u00f3n general:S\u00edguenos para que est\u00e9ss informado\"><\/a><\/div>\n<figure class=\"wp-block-image size-large\"><img loading=\"lazy\" decoding=\"async\" width=\"1024\" height=\"683\" src=\"http:\/\/vertienteglobal.com\/wp-content\/uploads\/2026\/07\/1001402544-1024x683.jpg\" alt=\"\" class=\"wp-image-260497\" srcset=\"http:\/\/vertienteglobal.com\/wp-content\/uploads\/2026\/07\/1001402544-1024x683.jpg 1024w, http:\/\/vertienteglobal.com\/wp-content\/uploads\/2026\/07\/1001402544-300x200.jpg 300w, http:\/\/vertienteglobal.com\/wp-content\/uploads\/2026\/07\/1001402544-150x100.jpg 150w, http:\/\/vertienteglobal.com\/wp-content\/uploads\/2026\/07\/1001402544-768x512.jpg 768w, http:\/\/vertienteglobal.com\/wp-content\/uploads\/2026\/07\/1001402544.jpg 1280w\" sizes=\"auto, (max-width: 1024px) 100vw, 1024px\" \/><\/figure>\n\n\n\n<p>(Redacci\u00f3n)<\/p>\n\n\n\n<p>La gobernadora de Quintana Roo inaugur\u00f3 un domo que beneficiar\u00e1 a 755 estudiantes con mejores espacios para actividades acad\u00e9micas, deportivas y culturales, como parte del programa estatal de construcci\u00f3n de 1,109 domos en escuelas de la entidad<\/p>\n\n\n\n<p>Canc\u00fan, Quintana Roo 07 de julio de 2026.- La gobernadora Mara Lezama Espinosa entreg\u00f3 a 755 estudiantes de la Escuela Secundaria T\u00e9cnica No. 18 \u201cL\u00e1zaro C\u00e1rdenas\u201d su nuevo domo, una obra que fortalece la infraestructura educativa y genera mejores condiciones para el aprendizaje, la convivencia y el bienestar de las nuevas generaciones.<\/p>\n\n\n\n<p>A trav\u00e9s de la Secretar\u00eda de Obras P\u00fablicas (SEOP) se edific\u00f3 este nuevo domo con inversi\u00f3n superior a los 3 millones 300 mil pesos. La escuela esper\u00f3 34 a\u00f1os para tener esta infraestructura y beneficia de manera directa a los 755 alumnas y alumnos de ambos turnos.<\/p>\n\n\n\n<p>Ahora cuentan con instalaciones adecuadas para la realizaci\u00f3n de actividades acad\u00e9micas, deportivas, culturales y c\u00edvicas, protegidos de las condiciones clim\u00e1ticas caracter\u00edsticas de la regi\u00f3n. Para ello, Mara Lezama entreg\u00f3 a las chavas y chavos equipo deportivo.<\/p>\n\n\n\n<p>Durante la entrega y acompa\u00f1ada de la presidenta honoraria del Sistema DIF Quintana Roo, Ver\u00f3nica Lezama, la Gobernadora exhort\u00f3 a los y las alumnas a alejarse de las conductas autodestructivas, a tomar las mejores decisiones para que sean felices, extiendas sus alas y sean lo que ellos quieran.<\/p>\n\n\n\n<p>La obra consisti\u00f3 en la construcci\u00f3n de un domo de m\u00e1s de 500 metros cuadrados, equipado con iluminaci\u00f3n LED, cubierta met\u00e1lica, sistema de desag\u00fce pluvial, equipamiento para la pr\u00e1ctica deportiva y mejoras integrales en la cancha, contribuyendo a generar entornos seguros y funcionales para el desarrollo de las y los estudiantes.<\/p>\n\n\n\n<p>Esta acci\u00f3n forma parte del proyecto estrat\u00e9gico para la construcci\u00f3n de 1,109 domos en todo Quintana Roo, impulsado por este gobierno diferente, honesto y transparente para continuar cerrando brechas de desigualdad y garantizar espacios p\u00fablicos y educativos de calidad.<\/p>\n\n\n\n<p>Fundada el 15 de septiembre de 1992, la Secundaria T\u00e9cnica No. 18 \u201cL\u00e1zaro C\u00e1rdenas\u201d se ha consolidado como una instituci\u00f3n fundamental para la formaci\u00f3n acad\u00e9mica de cientos de j\u00f3venes cancunenses, por lo que esta obra representa una inversi\u00f3n en el presente y futuro de la comunidad estudiantil.<\/p>\n\n\n\n<p>Estuvo presente en la entrega el subsecretario de Atenci\u00f3n a la Educaci\u00f3n en la zona norte, Luis Alberto Tun Calder\u00f3n.<\/p>\n\n\n\n<figure class=\"wp-block-image size-large\"><img loading=\"lazy\" decoding=\"async\" width=\"1024\" height=\"683\" src=\"http:\/\/vertienteglobal.com\/wp-content\/uploads\/2026\/07\/1001402546-1024x683.jpg\" alt=\"\" class=\"wp-image-260498\" srcset=\"http:\/\/vertienteglobal.com\/wp-content\/uploads\/2026\/07\/1001402546-1024x683.jpg 1024w, http:\/\/vertienteglobal.com\/wp-content\/uploads\/2026\/07\/1001402546-300x200.jpg 300w, http:\/\/vertienteglobal.com\/wp-content\/uploads\/2026\/07\/1001402546-150x100.jpg 150w, http:\/\/vertienteglobal.com\/wp-content\/uploads\/2026\/07\/1001402546-768x512.jpg 768w, http:\/\/vertienteglobal.com\/wp-content\/uploads\/2026\/07\/1001402546.jpg 1280w\" sizes=\"auto, (max-width: 1024px) 100vw, 1024px\" \/><\/figure>\n\n\n\n<figure class=\"wp-block-image size-large\"><img loading=\"lazy\" decoding=\"async\" width=\"1024\" height=\"683\" src=\"http:\/\/vertienteglobal.com\/wp-content\/uploads\/2026\/07\/1001402545-1024x683.jpg\" alt=\"\" class=\"wp-image-260499\" srcset=\"http:\/\/vertienteglobal.com\/wp-content\/uploads\/2026\/07\/1001402545-1024x683.jpg 1024w, http:\/\/vertienteglobal.com\/wp-content\/uploads\/2026\/07\/1001402545-300x200.jpg 300w, http:\/\/vertienteglobal.com\/wp-content\/uploads\/2026\/07\/1001402545-150x100.jpg 150w, http:\/\/vertienteglobal.com\/wp-content\/uploads\/2026\/07\/1001402545-768x512.jpg 768w, http:\/\/vertienteglobal.com\/wp-content\/uploads\/2026\/07\/1001402545.jpg 1280w\" sizes=\"auto, (max-width: 1024px) 100vw, 1024px\" \/><\/figure>\n\n\n\n<figure class=\"wp-block-image size-large\"><img loading=\"lazy\" decoding=\"async\" width=\"1024\" height=\"683\" src=\"http:\/\/vertienteglobal.com\/wp-content\/uploads\/2026\/07\/1001402552-1024x683.jpg\" alt=\"\" class=\"wp-image-260500\" srcset=\"http:\/\/vertienteglobal.com\/wp-content\/uploads\/2026\/07\/1001402552-1024x683.jpg 1024w, http:\/\/vertienteglobal.com\/wp-content\/uploads\/2026\/07\/1001402552-300x200.jpg 300w, http:\/\/vertienteglobal.com\/wp-content\/uploads\/2026\/07\/1001402552-150x100.jpg 150w, http:\/\/vertienteglobal.com\/wp-content\/uploads\/2026\/07\/1001402552-768x512.jpg 768w, http:\/\/vertienteglobal.com\/wp-content\/uploads\/2026\/07\/1001402552.jpg 1280w\" sizes=\"auto, (max-width: 1024px) 100vw, 1024px\" \/><\/figure>\n","protected":false},"excerpt":{"rendered":"<p>(Redacci\u00f3n) La gobernadora de Quintana Roo inaugur\u00f3 un domo que beneficiar\u00e1 a 755 estudiantes con mejores espacios para actividades acad\u00e9micas, deportivas y culturales, como parte del programa estatal de construcci\u00f3n de 1,109 domos en escuelas de la entidad Canc\u00fan, Quintana Roo 07 de julio de 2026.- La gobernadora Mara Lezama Espinosa entreg\u00f3 a 755 estudiantes [&hellip;]<\/p>\n","protected":false},"author":6,"featured_media":260497,"comment_status":"open","ping_status":"open","sticky":false,"template":"","format":"standard","meta":{"footnotes":""},"categories":[3],"tags":[],"class_list":["post-260496","post","type-post","status-publish","format-standard","has-post-thumbnail","hentry","category-quintana-roo","entry","has-media"],"jetpack_featured_media_url":"http:\/\/vertienteglobal.com\/wp-content\/uploads\/2026\/07\/1001402544.jpg","_links":{"self":[{"href":"http:\/\/vertienteglobal.com\/index.php?rest_route=\/wp\/v2\/posts\/260496","targetHints":{"allow":["GET"]}}],"collection":[{"href":"http:\/\/vertienteglobal.com\/index.php?rest_route=\/wp\/v2\/posts"}],"about":[{"href":"http:\/\/vertienteglobal.com\/index.php?rest_route=\/wp\/v2\/types\/post"}],"author":[{"embeddable":true,"href":"http:\/\/vertienteglobal.com\/index.php?rest_route=\/wp\/v2\/users\/6"}],"replies":[{"embeddable":true,"href":"http:\/\/vertienteglobal.com\/index.php?rest_route=%2Fwp%2Fv2%2Fcomments&post=260496"}],"version-history":[{"count":1,"href":"http:\/\/vertienteglobal.com\/index.php?rest_route=\/wp\/v2\/posts\/260496\/revisions"}],"predecessor-version":[{"id":260501,"href":"http:\/\/vertienteglobal.com\/index.php?rest_route=\/wp\/v2\/posts\/260496\/revisions\/260501"}],"wp:featuredmedia":[{"embeddable":true,"href":"http:\/\/vertienteglobal.com\/index.php?rest_route=\/wp\/v2\/media\/260497"}],"wp:attachment":[{"href":"http:\/\/vertienteglobal.com\/index.php?rest_route=%2Fwp%2Fv2%2Fmedia&parent=260496"}],"wp:term":[{"taxonomy":"category","embeddable":true,"href":"http:\/\/vertienteglobal.com\/index.php?rest_route=%2Fwp%2Fv2%2Fcategories&post=260496"},{"taxonomy":"post_tag","embeddable":true,"href":"http:\/\/vertienteglobal.com\/index.php?rest_route=%2Fwp%2Fv2%2Ftags&post=260496"}],"curies":[{"name":"wp","href":"https:\/\/api.w.org\/{rel}","templated":true}]}}