{"id":260492,"date":"2026-07-06T19:42:00","date_gmt":"2026-07-07T00:42:00","guid":{"rendered":"http:\/\/vertienteglobal.com\/?p=260492"},"modified":"2026-07-12T15:48:35","modified_gmt":"2026-07-12T20:48:35","slug":"premia-mara-lezama-a-las-y-los-estudiantes-ganadores-de-la-olimpiada-del-conocimiento-infantil-2026","status":"publish","type":"post","link":"http:\/\/vertienteglobal.com\/?p=260492","title":{"rendered":"Premia Mara Lezama a las y los estudiantes ganadores de la Olimpiada del Conocimiento Infantil 2026"},"content":{"rendered":"\n<div class=\"twitterbutton\" style=\"float: right; padding-left: 5px;\"><a href=\"http:\/\/twitter.com\/share\" class=\"twitter-share-button\" data-count=\"horizontal\" data-text=\"Premia Mara Lezama a las y los estudiantes ganadores de la Olimpiada del Conocim...\" data-via=\"https:\/\/twitter.com\/VertienteGloba1\" data-url=\"http:\/\/vertienteglobal.com\/?p=260492\" data-lang=\"es\" data-related=\"Informaci\u00f3n general:S\u00edguenos para que est\u00e9ss informado\"><\/a><\/div>\n<figure class=\"wp-block-image size-large\"><img loading=\"lazy\" decoding=\"async\" width=\"1024\" height=\"678\" src=\"http:\/\/vertienteglobal.com\/wp-content\/uploads\/2026\/07\/1001402522-1024x678.jpg\" alt=\"\" class=\"wp-image-260493\" srcset=\"http:\/\/vertienteglobal.com\/wp-content\/uploads\/2026\/07\/1001402522-1024x678.jpg 1024w, http:\/\/vertienteglobal.com\/wp-content\/uploads\/2026\/07\/1001402522-300x199.jpg 300w, http:\/\/vertienteglobal.com\/wp-content\/uploads\/2026\/07\/1001402522-150x99.jpg 150w, http:\/\/vertienteglobal.com\/wp-content\/uploads\/2026\/07\/1001402522-768x509.jpg 768w, http:\/\/vertienteglobal.com\/wp-content\/uploads\/2026\/07\/1001402522.jpg 1280w\" sizes=\"auto, (max-width: 1024px) 100vw, 1024px\" \/><\/figure>\n\n\n\n<p>(Redacci\u00f3n)<\/p>\n\n\n\n<p>Junto con la Fundaci\u00f3n BBVA reconoce el talento, la dedicaci\u00f3n y el esfuerzo de las ni\u00f1as y ni\u00f1os quintanarroenses, de sexto grado de educaci\u00f3n primaria<\/p>\n\n\n\n<p>Las y los 10 estudiantes de sexto grado fueron reconocidos tras destacar entre m\u00e1s de 2 mil 500 participantes de la Olimpiada del Conocimiento Infantil 2026<\/p>\n\n\n\n<p>Chetumal., Quintana Roo,6 de julio de 2026- La gobernadora Mara Lezama Espinosa, encabez\u00f3 la ceremonia de premiaci\u00f3n de la Olimpiada del Conocimiento Infantil 2026, con el prop\u00f3sito de reconocer el talento, la dedicaci\u00f3n y el esfuerzo de las ni\u00f1as y ni\u00f1os quintanarroenses, visibilizando el papel fundamental de las familias, docentes y comunidades escolares en la formaci\u00f3n de estudiantes capaces de contribuir al bienestar y desarrollo de sus entornos.<\/p>\n\n\n\n<p>Son 10 estudiantes de primaria que destacaron entre m\u00e1s de 2 mil 500 alumnos, 3 de escuelas general urbanas, 3 de escuelas rurales, 1 de particular, 2 de educaci\u00f3n ind\u00edgena y 1 de CONAFE. Los estudiantes recibieron 1 computadora y una beca de 2 mil pesos al mes por 3 a\u00f1os de la Fundaci\u00f3n BBVA.<\/p>\n\n\n\n<p>Asimismo, Mara Lezama reconoci\u00f3 a 10 maestros por su compromiso y se les entreg\u00f3 1 computadora.<\/p>\n\n\n\n<p>Durante la ceremonia de premiaci\u00f3n, la Gobernadora destac\u00f3 que los resultados de la Olimpiada del Conocimiento Infantil 2026 representa mucha perseverancia y el deseo permanente de aprender, de conocer, de encontrar.<\/p>\n\n\n\n<p>\u201cNos reunimos a reconocer a estas peque\u00f1itas, a estos peque\u00f1itos que obtuvieron los mejores resultados de todo un universo, los mejores resultados de Quintana Roo en esta olimpiada. Hoy reciben esta computadora como reconocimiento a su esfuerzo, pero tambi\u00e9n como una herramienta que contin\u00fae extendiendo sus alas, que contin\u00faen aprendiendo, leyendo, que contin\u00faen sus estudios de secundaria, de prepa, de universidad\u201d, dijo Mara Lezama.<\/p>\n\n\n\n<p>La secretaria de Educaci\u00f3n, Elda Xix Eu\u00e1n, explic\u00f3 que por primera vez el proceso de selecci\u00f3n trascendi\u00f3 del examen tradicional para dar paso a un ejercicio que refleja el esp\u00edritu de la nueva escuela mexicana. Las y los estudiantes presentaron, explicaron, defendieron proyectos construidos desde su contexto y desde su realidad, demostrando no s\u00f3lo lo que saben, sino c\u00f3mo piensan, c\u00f3mo dialogan, c\u00f3mo argumentan y c\u00f3mo proponen soluciones a los desaf\u00edos de su comunidad.<\/p>\n\n\n\n<p>Por su parte, Karina Andrea Betancourt, directora de la Oficina de Gobierno BBVA M\u00e9xico, expres\u00f3 que esta Fundaci\u00f3n cree en los estudiantes y durante los 3 a\u00f1os de la secundaria recibir\u00e1n el acompa\u00f1amiento a trav\u00e9s de la beca que busca apoyar su desarrollo acad\u00e9mico y personal.<\/p>\n\n\n\n<p>Al agradecer esta premiaci\u00f3n, la alumna Giselle Ruiz Carrillo dijo que durante el camino hacia la Olimpiada experiment\u00f3 nervios, emoci\u00f3n y miedo, pero tambi\u00e9n aprendi\u00f3 a confiar en s\u00ed misma y a descubrir que con dedicaci\u00f3n todo es posible.<\/p>\n\n\n\n<p>Atestiguaron esta premiaci\u00f3n el magistrado Heyden Cebada Rivas, presidente del Tribunal Superior de Justicia; la diputada Diana Guti\u00e9rrez Garc\u00eda, con la representaci\u00f3n de la XVIII Legislatura, Madeleine Rivero Pastrana, titular de la Oficina de Enlace Educativo en Quintana Roo; Abigail S\u00e1nchez, de fundaci\u00f3n BBVA y Luis Gamero Barranco, secretario general del Ayuntamiento de Oth\u00f3n P. Blanco.<\/p>\n\n\n\n<figure class=\"wp-block-image size-large\"><img loading=\"lazy\" decoding=\"async\" width=\"1024\" height=\"621\" src=\"http:\/\/vertienteglobal.com\/wp-content\/uploads\/2026\/07\/1001402523-1024x621.jpg\" alt=\"\" class=\"wp-image-260494\" srcset=\"http:\/\/vertienteglobal.com\/wp-content\/uploads\/2026\/07\/1001402523-1024x621.jpg 1024w, http:\/\/vertienteglobal.com\/wp-content\/uploads\/2026\/07\/1001402523-300x182.jpg 300w, http:\/\/vertienteglobal.com\/wp-content\/uploads\/2026\/07\/1001402523-150x91.jpg 150w, http:\/\/vertienteglobal.com\/wp-content\/uploads\/2026\/07\/1001402523-768x466.jpg 768w, http:\/\/vertienteglobal.com\/wp-content\/uploads\/2026\/07\/1001402523.jpg 1280w\" sizes=\"auto, (max-width: 1024px) 100vw, 1024px\" \/><\/figure>\n\n\n\n<figure class=\"wp-block-embed is-type-video is-provider-youtube wp-block-embed-youtube wp-embed-aspect-16-9 wp-has-aspect-ratio\"><div class=\"wp-block-embed__wrapper\">\n<div class=\"oceanwp-oembed-wrap clr\"><iframe loading=\"lazy\" title=\"Premia Mara Lezama a las y los estudiantes ganadores de la Olimpiada del Conocimiento Infantil 2026\" width=\"1200\" height=\"675\" src=\"https:\/\/www.youtube.com\/embed\/Vd_hX4ZI680?feature=oembed\" frameborder=\"0\" allow=\"accelerometer; autoplay; clipboard-write; encrypted-media; gyroscope; picture-in-picture; web-share\" referrerpolicy=\"strict-origin-when-cross-origin\" allowfullscreen><\/iframe><\/div>\n<\/div><\/figure>\n","protected":false},"excerpt":{"rendered":"<p>(Redacci\u00f3n) Junto con la Fundaci\u00f3n BBVA reconoce el talento, la dedicaci\u00f3n y el esfuerzo de las ni\u00f1as y ni\u00f1os quintanarroenses, de sexto grado de educaci\u00f3n primaria Las y los 10 estudiantes de sexto grado fueron reconocidos tras destacar entre m\u00e1s de 2 mil 500 participantes de la Olimpiada del Conocimiento Infantil 2026 Chetumal., Quintana Roo,6 [&hellip;]<\/p>\n","protected":false},"author":6,"featured_media":260493,"comment_status":"open","ping_status":"open","sticky":false,"template":"","format":"standard","meta":{"footnotes":""},"categories":[3],"tags":[],"class_list":["post-260492","post","type-post","status-publish","format-standard","has-post-thumbnail","hentry","category-quintana-roo","entry","has-media"],"jetpack_featured_media_url":"http:\/\/vertienteglobal.com\/wp-content\/uploads\/2026\/07\/1001402522.jpg","_links":{"self":[{"href":"http:\/\/vertienteglobal.com\/index.php?rest_route=\/wp\/v2\/posts\/260492","targetHints":{"allow":["GET"]}}],"collection":[{"href":"http:\/\/vertienteglobal.com\/index.php?rest_route=\/wp\/v2\/posts"}],"about":[{"href":"http:\/\/vertienteglobal.com\/index.php?rest_route=\/wp\/v2\/types\/post"}],"author":[{"embeddable":true,"href":"http:\/\/vertienteglobal.com\/index.php?rest_route=\/wp\/v2\/users\/6"}],"replies":[{"embeddable":true,"href":"http:\/\/vertienteglobal.com\/index.php?rest_route=%2Fwp%2Fv2%2Fcomments&post=260492"}],"version-history":[{"count":1,"href":"http:\/\/vertienteglobal.com\/index.php?rest_route=\/wp\/v2\/posts\/260492\/revisions"}],"predecessor-version":[{"id":260495,"href":"http:\/\/vertienteglobal.com\/index.php?rest_route=\/wp\/v2\/posts\/260492\/revisions\/260495"}],"wp:featuredmedia":[{"embeddable":true,"href":"http:\/\/vertienteglobal.com\/index.php?rest_route=\/wp\/v2\/media\/260493"}],"wp:attachment":[{"href":"http:\/\/vertienteglobal.com\/index.php?rest_route=%2Fwp%2Fv2%2Fmedia&parent=260492"}],"wp:term":[{"taxonomy":"category","embeddable":true,"href":"http:\/\/vertienteglobal.com\/index.php?rest_route=%2Fwp%2Fv2%2Fcategories&post=260492"},{"taxonomy":"post_tag","embeddable":true,"href":"http:\/\/vertienteglobal.com\/index.php?rest_route=%2Fwp%2Fv2%2Ftags&post=260492"}],"curies":[{"name":"wp","href":"https:\/\/api.w.org\/{rel}","templated":true}]}}