{"id":260419,"date":"2026-06-30T16:55:00","date_gmt":"2026-06-30T21:55:00","guid":{"rendered":"http:\/\/vertienteglobal.com\/?p=260419"},"modified":"2026-07-12T14:39:18","modified_gmt":"2026-07-12T19:39:18","slug":"mara-lezama-inaugura-domo-en-secundaria-ricardo-flores-magon-y-exhorta-a-las-juventudes-a-construir-una-vida-libre-de-violencia","status":"publish","type":"post","link":"http:\/\/vertienteglobal.com\/?p=260419","title":{"rendered":"Mara Lezama inaugura domo en secundaria \u201cRicardo Flores Mag\u00f3n\u201d y exhorta a las juventudes a construir una vida libre de violencia"},"content":{"rendered":"\n<div class=\"twitterbutton\" style=\"float: right; padding-left: 5px;\"><a href=\"http:\/\/twitter.com\/share\" class=\"twitter-share-button\" data-count=\"horizontal\" data-text=\"Mara Lezama inaugura domo en secundaria \u201cRicardo Flores Mag\u00f3n\u201d y exhorta a ...\" data-via=\"https:\/\/twitter.com\/VertienteGloba1\" data-url=\"http:\/\/vertienteglobal.com\/?p=260419\" data-lang=\"es\" data-related=\"Informaci\u00f3n general:S\u00edguenos para que est\u00e9ss informado\"><\/a><\/div>\n<figure class=\"wp-block-image size-large\"><img loading=\"lazy\" decoding=\"async\" width=\"1024\" height=\"682\" src=\"http:\/\/vertienteglobal.com\/wp-content\/uploads\/2026\/07\/1001402334-1024x682.jpg\" alt=\"\" class=\"wp-image-260420\" srcset=\"http:\/\/vertienteglobal.com\/wp-content\/uploads\/2026\/07\/1001402334-1024x682.jpg 1024w, http:\/\/vertienteglobal.com\/wp-content\/uploads\/2026\/07\/1001402334-300x200.jpg 300w, http:\/\/vertienteglobal.com\/wp-content\/uploads\/2026\/07\/1001402334-150x100.jpg 150w, http:\/\/vertienteglobal.com\/wp-content\/uploads\/2026\/07\/1001402334-768x512.jpg 768w, http:\/\/vertienteglobal.com\/wp-content\/uploads\/2026\/07\/1001402334.jpg 1280w\" sizes=\"auto, (max-width: 1024px) 100vw, 1024px\" \/><\/figure>\n\n\n\n<p>(Redacci\u00f3n)<\/p>\n\n\n\n<p>Tras 24 a\u00f1os de espera, estudiantes de la Regi\u00f3n 93 de Canc\u00fan cuentan con un nuevo espacio para actividades c\u00edvicas, deportivas y culturales<\/p>\n\n\n\n<p>Canc\u00fan, Quintana Roo 30 de junio 2026.- Con un exhorto a las y los j\u00f3venes a elegir el deporte, mantenerse alejados de las conductas autodestructivas y construir una vida libre de violencias, la gobernadora Mara Lezama Espinosa inaugur\u00f3 un nuevo domo m\u00e1s en la Escuela Secundaria General \u201cRicardo Flores Mag\u00f3n\u201d, en la Regi\u00f3n 93 de Canc\u00fan, una obra esperada durante 24 a\u00f1os por la comunidad escolar.<\/p>\n\n\n\n<p>Durante el evento, la Gobernadora destac\u00f3 que este nuevo espacio representa mucho m\u00e1s que una obra de infraestructura, al convertirse en un lugar seguro donde las y los estudiantes podr\u00e1n desarrollar actividades acad\u00e9micas, deportivas, culturales y recreativas, protegidos de las inclemencias del tiempo.<\/p>\n\n\n\n<p>A su arribo, salud\u00f3 a docentes, padres de familia y a las y los estudiantes, a quienes invit\u00f3 a aprovechar este espacio para fortalecer h\u00e1bitos saludables, practicar deporte y mantenerse alejados de las adicciones y cualquier forma de violencia.<br>\u201cQueremos que vivan felices, que hagan deporte, que construyan una vida en paz y que siempre elijan el camino que les permita cumplir sus sue\u00f1os\u201d, expres\u00f3 la Gobernadora, acompa\u00f1ada por la presidenta honoraria del Sistema DIF Quintana Roo Ver\u00f3nica Lezama Espinosa, minutos antes de cortar el list\u00f3n inaugural.<\/p>\n\n\n\n<p>La obra, ejecutada por la Secretar\u00eda de Obras P\u00fablicas (SEOP), requiri\u00f3 una inversi\u00f3n superior a los 3.3 millones de pesos para la construcci\u00f3n de un domo de m\u00e1s de 580 metros cuadrados, equipado con estructura met\u00e1lica, sistema de iluminaci\u00f3n, instalaci\u00f3n el\u00e9ctrica y obras complementarias.<\/p>\n\n\n\n<p>Como parte de la pol\u00edtica de transparencia de este gobierno diferente, humano con coraz\u00f3n feminista, fue colocado un c\u00f3digo QR mediante el cual cualquier ciudadano puede consultar la informaci\u00f3n relacionada con la ejecuci\u00f3n de la obra.<\/p>\n\n\n\n<p>Mara Lezama se\u00f1al\u00f3 que este domo se suma a los mil 109 espacios de este tipo que su administraci\u00f3n construye en todo Quintana Roo, con el objetivo de brindar instalaciones dignas para la comunidad estudiantil y fortalecer el tejido social.<\/p>\n\n\n\n<p>La Escuela Secundaria \u201cRicardo Flores Mag\u00f3n\u201d, ubicada en la Regi\u00f3n 93 de Canc\u00fan, fue fundada el 1 de agosto de 2002 y actualmente atiende a 640 alumnas y alumnos en ambos turnos. Durante la d\u00e9cada de los a\u00f1os 80, el inmueble funcion\u00f3 como secundaria nocturna.<\/p>\n\n\n\n<p>Como parte del evento, la Gobernadora entreg\u00f3 material deportivo a la comunidad escolar, entre ellos balones de f\u00fatbol, b\u00e1squetbol y voleibol, adem\u00e1s de una red para esta \u00faltima disciplina, con el prop\u00f3sito de fomentar la activaci\u00f3n f\u00edsica y la sana convivencia entre las y los estudiantes.<\/p>\n\n\n\n<p>En la ceremonia participaron el subsecretario de Educaci\u00f3n en la Zona Norte, Luis Alberto Tun Calder\u00f3n; y el director del plantel, Adri\u00e1n Iv\u00e1n Salazar.<\/p>\n\n\n\n<figure class=\"wp-block-image size-large\"><img loading=\"lazy\" decoding=\"async\" width=\"1024\" height=\"682\" src=\"http:\/\/vertienteglobal.com\/wp-content\/uploads\/2026\/07\/1001402335-1024x682.jpg\" alt=\"\" class=\"wp-image-260421\" srcset=\"http:\/\/vertienteglobal.com\/wp-content\/uploads\/2026\/07\/1001402335-1024x682.jpg 1024w, http:\/\/vertienteglobal.com\/wp-content\/uploads\/2026\/07\/1001402335-300x200.jpg 300w, http:\/\/vertienteglobal.com\/wp-content\/uploads\/2026\/07\/1001402335-150x100.jpg 150w, http:\/\/vertienteglobal.com\/wp-content\/uploads\/2026\/07\/1001402335-768x512.jpg 768w, http:\/\/vertienteglobal.com\/wp-content\/uploads\/2026\/07\/1001402335.jpg 1280w\" sizes=\"auto, (max-width: 1024px) 100vw, 1024px\" \/><\/figure>\n\n\n\n<figure class=\"wp-block-image size-large\"><img loading=\"lazy\" decoding=\"async\" width=\"1024\" height=\"682\" src=\"http:\/\/vertienteglobal.com\/wp-content\/uploads\/2026\/07\/1001402336-1024x682.jpg\" alt=\"\" class=\"wp-image-260422\" srcset=\"http:\/\/vertienteglobal.com\/wp-content\/uploads\/2026\/07\/1001402336-1024x682.jpg 1024w, http:\/\/vertienteglobal.com\/wp-content\/uploads\/2026\/07\/1001402336-300x200.jpg 300w, http:\/\/vertienteglobal.com\/wp-content\/uploads\/2026\/07\/1001402336-150x100.jpg 150w, http:\/\/vertienteglobal.com\/wp-content\/uploads\/2026\/07\/1001402336-768x512.jpg 768w, http:\/\/vertienteglobal.com\/wp-content\/uploads\/2026\/07\/1001402336.jpg 1280w\" sizes=\"auto, (max-width: 1024px) 100vw, 1024px\" \/><\/figure>\n","protected":false},"excerpt":{"rendered":"<p>(Redacci\u00f3n) Tras 24 a\u00f1os de espera, estudiantes de la Regi\u00f3n 93 de Canc\u00fan cuentan con un nuevo espacio para actividades c\u00edvicas, deportivas y culturales Canc\u00fan, Quintana Roo 30 de junio 2026.- Con un exhorto a las y los j\u00f3venes a elegir el deporte, mantenerse alejados de las conductas autodestructivas y construir una vida libre de [&hellip;]<\/p>\n","protected":false},"author":6,"featured_media":260420,"comment_status":"open","ping_status":"open","sticky":false,"template":"","format":"standard","meta":{"footnotes":""},"categories":[3],"tags":[],"class_list":["post-260419","post","type-post","status-publish","format-standard","has-post-thumbnail","hentry","category-quintana-roo","entry","has-media"],"jetpack_featured_media_url":"http:\/\/vertienteglobal.com\/wp-content\/uploads\/2026\/07\/1001402334.jpg","_links":{"self":[{"href":"http:\/\/vertienteglobal.com\/index.php?rest_route=\/wp\/v2\/posts\/260419","targetHints":{"allow":["GET"]}}],"collection":[{"href":"http:\/\/vertienteglobal.com\/index.php?rest_route=\/wp\/v2\/posts"}],"about":[{"href":"http:\/\/vertienteglobal.com\/index.php?rest_route=\/wp\/v2\/types\/post"}],"author":[{"embeddable":true,"href":"http:\/\/vertienteglobal.com\/index.php?rest_route=\/wp\/v2\/users\/6"}],"replies":[{"embeddable":true,"href":"http:\/\/vertienteglobal.com\/index.php?rest_route=%2Fwp%2Fv2%2Fcomments&post=260419"}],"version-history":[{"count":1,"href":"http:\/\/vertienteglobal.com\/index.php?rest_route=\/wp\/v2\/posts\/260419\/revisions"}],"predecessor-version":[{"id":260423,"href":"http:\/\/vertienteglobal.com\/index.php?rest_route=\/wp\/v2\/posts\/260419\/revisions\/260423"}],"wp:featuredmedia":[{"embeddable":true,"href":"http:\/\/vertienteglobal.com\/index.php?rest_route=\/wp\/v2\/media\/260420"}],"wp:attachment":[{"href":"http:\/\/vertienteglobal.com\/index.php?rest_route=%2Fwp%2Fv2%2Fmedia&parent=260419"}],"wp:term":[{"taxonomy":"category","embeddable":true,"href":"http:\/\/vertienteglobal.com\/index.php?rest_route=%2Fwp%2Fv2%2Fcategories&post=260419"},{"taxonomy":"post_tag","embeddable":true,"href":"http:\/\/vertienteglobal.com\/index.php?rest_route=%2Fwp%2Fv2%2Ftags&post=260419"}],"curies":[{"name":"wp","href":"https:\/\/api.w.org\/{rel}","templated":true}]}}