{"id":260362,"date":"2026-07-12T09:19:00","date_gmt":"2026-07-12T14:19:00","guid":{"rendered":"http:\/\/vertienteglobal.com\/?p=260362"},"modified":"2026-07-12T10:43:54","modified_gmt":"2026-07-12T15:43:54","slug":"en-unidad-caminamos-por-las-calles-de-nuestro-estado-defendiendo-la-soberania-nacional-ana-paty-peralta","status":"publish","type":"post","link":"http:\/\/vertienteglobal.com\/?p=260362","title":{"rendered":"En unidad, caminamos por las calles de nuestro estado defendiendo la Soberan\u00eda Nacional: Ana Paty Peralta"},"content":{"rendered":"\n<div class=\"twitterbutton\" style=\"float: right; padding-left: 5px;\"><a href=\"http:\/\/twitter.com\/share\" class=\"twitter-share-button\" data-count=\"horizontal\" data-text=\"En unidad, caminamos por las calles de nuestro estado defendiendo la Soberan\u00eda ...\" data-via=\"https:\/\/twitter.com\/VertienteGloba1\" data-url=\"http:\/\/vertienteglobal.com\/?p=260362\" data-lang=\"es\" data-related=\"Informaci\u00f3n general:S\u00edguenos para que est\u00e9ss informado\"><\/a><\/div>\n<figure class=\"wp-block-image size-large\"><img loading=\"lazy\" decoding=\"async\" width=\"1024\" height=\"762\" src=\"http:\/\/vertienteglobal.com\/wp-content\/uploads\/2026\/07\/1001401426-1024x762.jpg\" alt=\"\" class=\"wp-image-260363\" srcset=\"http:\/\/vertienteglobal.com\/wp-content\/uploads\/2026\/07\/1001401426-1024x762.jpg 1024w, http:\/\/vertienteglobal.com\/wp-content\/uploads\/2026\/07\/1001401426-300x223.jpg 300w, http:\/\/vertienteglobal.com\/wp-content\/uploads\/2026\/07\/1001401426-150x112.jpg 150w, http:\/\/vertienteglobal.com\/wp-content\/uploads\/2026\/07\/1001401426-768x571.jpg 768w, http:\/\/vertienteglobal.com\/wp-content\/uploads\/2026\/07\/1001401426.jpg 1280w\" sizes=\"auto, (max-width: 1024px) 100vw, 1024px\" \/><\/figure>\n\n\n\n<p>(Redacci\u00f3n)<\/p>\n\n\n\n<p>Recorre casa por casa y participa en asamblea informativa en Tulum, llevando los principios de Morena a la militancia local<\/p>\n\n\n\n<p>Canc\u00fan, Quintana Roo,12 de julio de 2026.- Como parte de las actividades para fortalecer el di\u00e1logo directo con la ciudadan\u00eda y cerrar filas dentro de la militancia de Morena, la aspirante a coordinadora estatal de la Defensa de la Transformaci\u00f3n y la Soberan\u00eda Nacional en Quintana Roo, Ana Paty Peralta, sostuvo una jornada de trabajo en el municipio de Tulum, en donde recorri\u00f3 las calles y comparti\u00f3 el mensaje del movimiento.<\/p>\n\n\n\n<p>En primera instancia, particip\u00f3 en una asamblea informativa organizada por el Comit\u00e9 Ejecutivo Estatal de Morena, encabezado por su presidenta, Johana Michelle Acosta Conrado, junto al tambi\u00e9n aspirante a coordinador estatal, Eugenio Segura V\u00e1zquez, quienes respaldaron al proyecto de naci\u00f3n en busca del bienestar del pueblo mexicano.<\/p>\n\n\n\n<p>Durante el encuentro, se destac\u00f3 la importancia de mantener la cercan\u00eda con el pueblo, fortalecer la organizaci\u00f3n territorial y continuar consolidando el movimiento de la Cuarta Transformaci\u00f3n desde la participaci\u00f3n activa de la ciudadan\u00eda, con la defensa de la soberan\u00eda nacional y el bienestar de las familias quintanarroenses como ejes fundamentales.<\/p>\n\n\n\n<p>Al concluir la asamblea, Ana Paty Peralta y Eugenio Segura realizaron un recorrido casa por casa por diversas calles de Tulum para entregar el peri\u00f3dico Regeneraci\u00f3n y conversar directamente con las y los habitantes del municipio, escuchando sus inquietudes, propuestas y muestras de respaldo al movimiento.<\/p>\n\n\n\n<p>\u201cVamos a estar recorriendo las calles de este bello municipio escuchando al pueblo de Tulum y vamos a entregar este peri\u00f3dico casa por casa\u201d, expres\u00f3 Ana Paty Peralta.<\/p>\n\n\n\n<p>La aspirante reiter\u00f3 que la esencia del movimiento es mantenerse cercano a la gente, caminar el territorio y escuchar de primera mano las necesidades de la poblaci\u00f3n, convencida de que la transformaci\u00f3n contin\u00faa fortaleci\u00e9ndose desde las comunidades y con la participaci\u00f3n del pueblo organizado.<\/p>\n\n\n\n<p>Dirigido a la militancia de Morena. Proceso para la selecci\u00f3n de la Coordinaci\u00f3n de la Defensa de la Transformaci\u00f3n y Soberan\u00eda Nacional Morena Quintana Roo Oficial<\/p>\n\n\n\n<figure class=\"wp-block-image size-large\"><img loading=\"lazy\" decoding=\"async\" width=\"1024\" height=\"592\" src=\"http:\/\/vertienteglobal.com\/wp-content\/uploads\/2026\/07\/1001401448-1024x592.jpg\" alt=\"\" class=\"wp-image-260364\" srcset=\"http:\/\/vertienteglobal.com\/wp-content\/uploads\/2026\/07\/1001401448-1024x592.jpg 1024w, http:\/\/vertienteglobal.com\/wp-content\/uploads\/2026\/07\/1001401448-300x173.jpg 300w, http:\/\/vertienteglobal.com\/wp-content\/uploads\/2026\/07\/1001401448-150x87.jpg 150w, http:\/\/vertienteglobal.com\/wp-content\/uploads\/2026\/07\/1001401448-768x444.jpg 768w, http:\/\/vertienteglobal.com\/wp-content\/uploads\/2026\/07\/1001401448-1536x888.jpg 1536w, http:\/\/vertienteglobal.com\/wp-content\/uploads\/2026\/07\/1001401448-2048x1184.jpg 2048w\" sizes=\"auto, (max-width: 1024px) 100vw, 1024px\" \/><\/figure>\n\n\n\n<figure class=\"wp-block-image size-large\"><img loading=\"lazy\" decoding=\"async\" width=\"1024\" height=\"904\" src=\"http:\/\/vertienteglobal.com\/wp-content\/uploads\/2026\/07\/1001401455-1024x904.jpg\" alt=\"\" class=\"wp-image-260365\" srcset=\"http:\/\/vertienteglobal.com\/wp-content\/uploads\/2026\/07\/1001401455-1024x904.jpg 1024w, http:\/\/vertienteglobal.com\/wp-content\/uploads\/2026\/07\/1001401455-300x265.jpg 300w, http:\/\/vertienteglobal.com\/wp-content\/uploads\/2026\/07\/1001401455-150x132.jpg 150w, http:\/\/vertienteglobal.com\/wp-content\/uploads\/2026\/07\/1001401455-768x678.jpg 768w, http:\/\/vertienteglobal.com\/wp-content\/uploads\/2026\/07\/1001401455-1536x1356.jpg 1536w, http:\/\/vertienteglobal.com\/wp-content\/uploads\/2026\/07\/1001401455-2048x1808.jpg 2048w\" sizes=\"auto, (max-width: 1024px) 100vw, 1024px\" \/><\/figure>\n\n\n\n<figure class=\"wp-block-image size-large\"><img loading=\"lazy\" decoding=\"async\" width=\"1024\" height=\"697\" src=\"http:\/\/vertienteglobal.com\/wp-content\/uploads\/2026\/07\/1001401450-1024x697.jpg\" alt=\"\" class=\"wp-image-260366\" srcset=\"http:\/\/vertienteglobal.com\/wp-content\/uploads\/2026\/07\/1001401450-1024x697.jpg 1024w, http:\/\/vertienteglobal.com\/wp-content\/uploads\/2026\/07\/1001401450-300x204.jpg 300w, http:\/\/vertienteglobal.com\/wp-content\/uploads\/2026\/07\/1001401450-150x102.jpg 150w, http:\/\/vertienteglobal.com\/wp-content\/uploads\/2026\/07\/1001401450-768x523.jpg 768w, http:\/\/vertienteglobal.com\/wp-content\/uploads\/2026\/07\/1001401450-1536x1045.jpg 1536w, http:\/\/vertienteglobal.com\/wp-content\/uploads\/2026\/07\/1001401450-2048x1394.jpg 2048w\" sizes=\"auto, (max-width: 1024px) 100vw, 1024px\" \/><\/figure>\n\n\n\n<figure class=\"wp-block-image size-large\"><img loading=\"lazy\" decoding=\"async\" width=\"1024\" height=\"820\" src=\"http:\/\/vertienteglobal.com\/wp-content\/uploads\/2026\/07\/1001401452-1024x820.jpg\" alt=\"\" class=\"wp-image-260367\" srcset=\"http:\/\/vertienteglobal.com\/wp-content\/uploads\/2026\/07\/1001401452-1024x820.jpg 1024w, http:\/\/vertienteglobal.com\/wp-content\/uploads\/2026\/07\/1001401452-300x240.jpg 300w, http:\/\/vertienteglobal.com\/wp-content\/uploads\/2026\/07\/1001401452-150x120.jpg 150w, http:\/\/vertienteglobal.com\/wp-content\/uploads\/2026\/07\/1001401452-768x615.jpg 768w, http:\/\/vertienteglobal.com\/wp-content\/uploads\/2026\/07\/1001401452-1536x1231.jpg 1536w, http:\/\/vertienteglobal.com\/wp-content\/uploads\/2026\/07\/1001401452-2048x1641.jpg 2048w\" sizes=\"auto, (max-width: 1024px) 100vw, 1024px\" \/><\/figure>\n","protected":false},"excerpt":{"rendered":"<p>(Redacci\u00f3n) Recorre casa por casa y participa en asamblea informativa en Tulum, llevando los principios de Morena a la militancia local Canc\u00fan, Quintana Roo,12 de julio de 2026.- Como parte de las actividades para fortalecer el di\u00e1logo directo con la ciudadan\u00eda y cerrar filas dentro de la militancia de Morena, la aspirante a coordinadora estatal [&hellip;]<\/p>\n","protected":false},"author":6,"featured_media":260363,"comment_status":"open","ping_status":"open","sticky":false,"template":"","format":"standard","meta":{"footnotes":""},"categories":[3],"tags":[],"class_list":["post-260362","post","type-post","status-publish","format-standard","has-post-thumbnail","hentry","category-quintana-roo","entry","has-media"],"jetpack_featured_media_url":"http:\/\/vertienteglobal.com\/wp-content\/uploads\/2026\/07\/1001401426.jpg","_links":{"self":[{"href":"http:\/\/vertienteglobal.com\/index.php?rest_route=\/wp\/v2\/posts\/260362","targetHints":{"allow":["GET"]}}],"collection":[{"href":"http:\/\/vertienteglobal.com\/index.php?rest_route=\/wp\/v2\/posts"}],"about":[{"href":"http:\/\/vertienteglobal.com\/index.php?rest_route=\/wp\/v2\/types\/post"}],"author":[{"embeddable":true,"href":"http:\/\/vertienteglobal.com\/index.php?rest_route=\/wp\/v2\/users\/6"}],"replies":[{"embeddable":true,"href":"http:\/\/vertienteglobal.com\/index.php?rest_route=%2Fwp%2Fv2%2Fcomments&post=260362"}],"version-history":[{"count":1,"href":"http:\/\/vertienteglobal.com\/index.php?rest_route=\/wp\/v2\/posts\/260362\/revisions"}],"predecessor-version":[{"id":260368,"href":"http:\/\/vertienteglobal.com\/index.php?rest_route=\/wp\/v2\/posts\/260362\/revisions\/260368"}],"wp:featuredmedia":[{"embeddable":true,"href":"http:\/\/vertienteglobal.com\/index.php?rest_route=\/wp\/v2\/media\/260363"}],"wp:attachment":[{"href":"http:\/\/vertienteglobal.com\/index.php?rest_route=%2Fwp%2Fv2%2Fmedia&parent=260362"}],"wp:term":[{"taxonomy":"category","embeddable":true,"href":"http:\/\/vertienteglobal.com\/index.php?rest_route=%2Fwp%2Fv2%2Fcategories&post=260362"},{"taxonomy":"post_tag","embeddable":true,"href":"http:\/\/vertienteglobal.com\/index.php?rest_route=%2Fwp%2Fv2%2Ftags&post=260362"}],"curies":[{"name":"wp","href":"https:\/\/api.w.org\/{rel}","templated":true}]}}