{"id":260358,"date":"2026-07-12T07:55:00","date_gmt":"2026-07-12T12:55:00","guid":{"rendered":"http:\/\/vertienteglobal.com\/?p=260358"},"modified":"2026-07-12T10:37:06","modified_gmt":"2026-07-12T15:37:06","slug":"hoy-es-el-dia-nacional-de-la-abogada-y-el-abogado-en-el-mexico","status":"publish","type":"post","link":"http:\/\/vertienteglobal.com\/?p=260358","title":{"rendered":"Hoy es el D\u00eda Nacional de la Abogada y el Abogado en el M\u00e9xico"},"content":{"rendered":"\n<div class=\"twitterbutton\" style=\"float: right; padding-left: 5px;\"><a href=\"http:\/\/twitter.com\/share\" class=\"twitter-share-button\" data-count=\"horizontal\" data-text=\"Hoy es el D\u00eda Nacional de la Abogada y el Abogado en el M\u00e9xico\" data-via=\"https:\/\/twitter.com\/VertienteGloba1\" data-url=\"http:\/\/vertienteglobal.com\/?p=260358\" data-lang=\"es\" data-related=\"Informaci\u00f3n general:S\u00edguenos para que est\u00e9ss informado\"><\/a><\/div>\n<figure class=\"wp-block-image size-full\"><img loading=\"lazy\" decoding=\"async\" width=\"783\" height=\"391\" src=\"http:\/\/vertienteglobal.com\/wp-content\/uploads\/2026\/07\/1001401771.jpg\" alt=\"\" class=\"wp-image-260359\" srcset=\"http:\/\/vertienteglobal.com\/wp-content\/uploads\/2026\/07\/1001401771.jpg 783w, http:\/\/vertienteglobal.com\/wp-content\/uploads\/2026\/07\/1001401771-300x150.jpg 300w, http:\/\/vertienteglobal.com\/wp-content\/uploads\/2026\/07\/1001401771-150x75.jpg 150w, http:\/\/vertienteglobal.com\/wp-content\/uploads\/2026\/07\/1001401771-768x384.jpg 768w\" sizes=\"auto, (max-width: 783px) 100vw, 783px\" \/><\/figure>\n\n\n\n<p>(Redacci\u00f3n)<\/p>\n\n\n\n<p>Docentes de la Facultad de Derecho de la UNAM, se\u00f1ala: \u201cser abogado en M\u00e9xico implica mucho m\u00e1s que conocer las leyes; significa comprometerse con la justicia, la \u00e9tica y la dignidad humana\u201d<\/p>\n\n\n\n<p>Ciudad de M\u00e9xico 12 de julio de 2026.- Hoy como cada 12 de julio se conmemora en M\u00e9xico el D\u00eda Nacional de la Abogada y el Abogado, en reconocimiento a quienes ejercen una de las profesiones m\u00e1s determinantes para el Estado de Derecho.<\/p>\n\n\n\n<p>Y es que la celebraci\u00f3n de esta fecha no es reciente ni casual, ya ue se eligi\u00f3 el 12 de julio porque fue ese d\u00eda, pero del a\u00f1o 1553, cuando se imparti\u00f3 por primera vez en el pa\u00eds una c\u00e1tedra formal de Derecho, en la entonces Real y Pontificia Universidad de M\u00e9xico.<\/p>\n\n\n\n<p>Por ello, este acontecimiento marc\u00f3 el inicio de la ense\u00f1anza jur\u00eddica en el continente americano y sent\u00f3 las bases de lo que hoy conocemos como el sistema legal mexicano.<\/p>\n\n\n\n<p>Aunque el reconocimiento oficial lleg\u00f3 siglos despu\u00e9s \u2014en 1960, durante la presidencia de Adolfo L\u00f3pez Mateos\u2014, la relevancia de esta profesi\u00f3n ha sido constante: el Derecho ha acompa\u00f1ado la historia pol\u00edtica, social y econ\u00f3mica de M\u00e9xico, y sus int\u00e9rpretes han sido actores clave en la construcci\u00f3n institucional del pa\u00eds.<\/p>\n\n\n\n<p>La formaci\u00f3n de juristas: tradici\u00f3n y excelencia<\/p>\n\n\n\n<p>M\u00e9xico cuenta con una s\u00f3lida tradici\u00f3n en la ense\u00f1anza del Derecho. Instituciones como la Universidad Nacional Aut\u00f3noma de M\u00e9xico (UNAM), el Instituto Tecnol\u00f3gico Aut\u00f3nomo de M\u00e9xico (ITAM), el Centro de Investigaci\u00f3n y Docencia Econ\u00f3micas (CIDE), la Universidad Panamericana, la Universidad de Guadalajara, la Benem\u00e9rita Universidad Aut\u00f3noma de Puebla (BUAP) y el Tecnol\u00f3gico de Monterrey, entre muchas otras, han formado a generaciones de abogadas y abogados que hoy ejercen en los sectores p\u00fablico, privado, acad\u00e9mico y social.<\/p>\n\n\n\n<p>Estas escuelas no solo han sido espacios de instrucci\u00f3n legal, sino tambi\u00e9n foros donde se debaten reformas constitucionales, se impulsa la defensa de derechos humanos y se analizan los retos de la justicia en contextos de desigualdad y violencia.<\/p>\n\n\n\n<p>Asimismo, las palabras de docentes de la Facultad de Derecho de la UNAM, se\u00f1ala: \u201cser abogado en M\u00e9xico implica mucho m\u00e1s que conocer las leyes; significa comprometerse con la justicia, la \u00e9tica y la dignidad humana\u201d.<\/p>\n\n\n\n<p>Un oficio entre el litigio y la transformaci\u00f3n<\/p>\n\n\n\n<p>El ejercicio de la abogac\u00eda en M\u00e9xico es tan amplio como complejo. Desde quienes defienden causas penales en los juzgados, hasta quienes litigan en tribunales laborales, dise\u00f1an contratos mercantiles, asesoran comunidades ind\u00edgenas o imparten c\u00e1tedra en universidades, las y los abogados son actores fundamentales en el entramado institucional del pa\u00eds.<\/p>\n\n\n\n<p>En un entorno marcado por reformas judiciales, crisis penitenciarias, debates constitucionales y nuevas tecnolog\u00edas aplicadas al Derecho, la labor jur\u00eddica exige actualizaci\u00f3n constante, vocaci\u00f3n de servicio y firmeza \u00e9tica.<\/p>\n\n\n\n<p>Por todo ello, hoy, en su d\u00eda, se reconoce la labor de quienes, desde la abogac\u00eda, contribuyen a que las leyes no solo se conozcan, sino que se cumplan y sirvan a la justicia.<\/p>\n\n\n\n<p>Aqu\u00ed desde www.vertienteglobal.com as\u00ed como la plataforma de Notas Infor Mativas les enviamos una gran felicitaci\u00f3n a todas y todos los abogados de M\u00e9xico.(Fuente:Agencias)<\/p>\n\n\n\n<figure class=\"wp-block-image size-full\"><img loading=\"lazy\" decoding=\"async\" width=\"678\" height=\"452\" src=\"http:\/\/vertienteglobal.com\/wp-content\/uploads\/2026\/07\/1001401772.jpg\" alt=\"\" class=\"wp-image-260360\" srcset=\"http:\/\/vertienteglobal.com\/wp-content\/uploads\/2026\/07\/1001401772.jpg 678w, http:\/\/vertienteglobal.com\/wp-content\/uploads\/2026\/07\/1001401772-300x200.jpg 300w, http:\/\/vertienteglobal.com\/wp-content\/uploads\/2026\/07\/1001401772-150x100.jpg 150w\" sizes=\"auto, (max-width: 678px) 100vw, 678px\" \/><\/figure>\n","protected":false},"excerpt":{"rendered":"<p>(Redacci\u00f3n) Docentes de la Facultad de Derecho de la UNAM, se\u00f1ala: \u201cser abogado en M\u00e9xico implica mucho m\u00e1s que conocer las leyes; significa comprometerse con la justicia, la \u00e9tica y la dignidad humana\u201d Ciudad de M\u00e9xico 12 de julio de 2026.- Hoy como cada 12 de julio se conmemora en M\u00e9xico el D\u00eda Nacional de [&hellip;]<\/p>\n","protected":false},"author":6,"featured_media":260360,"comment_status":"open","ping_status":"open","sticky":false,"template":"","format":"standard","meta":{"footnotes":""},"categories":[8],"tags":[],"class_list":["post-260358","post","type-post","status-publish","format-standard","has-post-thumbnail","hentry","category-pais","entry","has-media"],"jetpack_featured_media_url":"http:\/\/vertienteglobal.com\/wp-content\/uploads\/2026\/07\/1001401772.jpg","_links":{"self":[{"href":"http:\/\/vertienteglobal.com\/index.php?rest_route=\/wp\/v2\/posts\/260358","targetHints":{"allow":["GET"]}}],"collection":[{"href":"http:\/\/vertienteglobal.com\/index.php?rest_route=\/wp\/v2\/posts"}],"about":[{"href":"http:\/\/vertienteglobal.com\/index.php?rest_route=\/wp\/v2\/types\/post"}],"author":[{"embeddable":true,"href":"http:\/\/vertienteglobal.com\/index.php?rest_route=\/wp\/v2\/users\/6"}],"replies":[{"embeddable":true,"href":"http:\/\/vertienteglobal.com\/index.php?rest_route=%2Fwp%2Fv2%2Fcomments&post=260358"}],"version-history":[{"count":1,"href":"http:\/\/vertienteglobal.com\/index.php?rest_route=\/wp\/v2\/posts\/260358\/revisions"}],"predecessor-version":[{"id":260361,"href":"http:\/\/vertienteglobal.com\/index.php?rest_route=\/wp\/v2\/posts\/260358\/revisions\/260361"}],"wp:featuredmedia":[{"embeddable":true,"href":"http:\/\/vertienteglobal.com\/index.php?rest_route=\/wp\/v2\/media\/260360"}],"wp:attachment":[{"href":"http:\/\/vertienteglobal.com\/index.php?rest_route=%2Fwp%2Fv2%2Fmedia&parent=260358"}],"wp:term":[{"taxonomy":"category","embeddable":true,"href":"http:\/\/vertienteglobal.com\/index.php?rest_route=%2Fwp%2Fv2%2Fcategories&post=260358"},{"taxonomy":"post_tag","embeddable":true,"href":"http:\/\/vertienteglobal.com\/index.php?rest_route=%2Fwp%2Fv2%2Ftags&post=260358"}],"curies":[{"name":"wp","href":"https:\/\/api.w.org\/{rel}","templated":true}]}}