{"id":260330,"date":"2026-07-05T08:55:00","date_gmt":"2026-07-05T13:55:00","guid":{"rendered":"http:\/\/vertienteglobal.com\/?p=260330"},"modified":"2026-07-11T14:17:10","modified_gmt":"2026-07-11T19:17:10","slug":"convenio-imss-bienestar-permite-avanzar-en-el-retorno-de-personal-de-salud-reubicado-durante-la-pandemia","status":"publish","type":"post","link":"http:\/\/vertienteglobal.com\/?p=260330","title":{"rendered":"Convenio IMSS-Bienestar permite avanzar en el retorno de personal de salud reubicado durante la pandemia\u00a0"},"content":{"rendered":"\n<div class=\"twitterbutton\" style=\"float: right; padding-left: 5px;\"><a href=\"http:\/\/twitter.com\/share\" class=\"twitter-share-button\" data-count=\"horizontal\" data-text=\"Convenio IMSS-Bienestar permite avanzar en el retorno de personal de salud reubi...\" data-via=\"https:\/\/twitter.com\/VertienteGloba1\" data-url=\"http:\/\/vertienteglobal.com\/?p=260330\" data-lang=\"es\" data-related=\"Informaci\u00f3n general:S\u00edguenos para que est\u00e9ss informado\"><\/a><\/div>\n<figure class=\"wp-block-image size-large\"><img loading=\"lazy\" decoding=\"async\" width=\"1024\" height=\"567\" src=\"http:\/\/vertienteglobal.com\/wp-content\/uploads\/2026\/07\/1001400149-1024x567.jpg\" alt=\"\" class=\"wp-image-260331\" srcset=\"http:\/\/vertienteglobal.com\/wp-content\/uploads\/2026\/07\/1001400149-1024x567.jpg 1024w, http:\/\/vertienteglobal.com\/wp-content\/uploads\/2026\/07\/1001400149-300x166.jpg 300w, http:\/\/vertienteglobal.com\/wp-content\/uploads\/2026\/07\/1001400149-150x83.jpg 150w, http:\/\/vertienteglobal.com\/wp-content\/uploads\/2026\/07\/1001400149-768x425.jpg 768w, http:\/\/vertienteglobal.com\/wp-content\/uploads\/2026\/07\/1001400149.jpg 1220w\" sizes=\"auto, (max-width: 1024px) 100vw, 1024px\" \/><\/figure>\n\n\n\n<p>(Redacci\u00f3n)<\/p>\n\n\n\n<p>Desde noviembre de 2024, el Gobierno del Estado ha gestionado ante IMSS-Bienestar el reintegro de estas y estos trabajadores yucatecos<br>\u00a0<\/p>\n\n\n\n<p>M\u00e9rida, Yucat\u00e1n, a 5 de julio de 2026.-El Gobierno del Estado, por instrucci\u00f3n del Gobernador Joaqu\u00edn D\u00edaz Mena, gestiona ante IMSS-Bienestar el retorno a Yucat\u00e1n del personal de salud que fue reubicado a otras entidades durante la transici\u00f3n del modelo de salud. La firma del convenio de incorporaci\u00f3n de Yucat\u00e1n al IMSS-Bienestar abre por fin la condici\u00f3n institucional para revisar su caso.<br>\u00a0<br>Este personal fue contratado con recursos federales durante la emergencia por COVID-19, bajo contratos temporales.<br>\u00a0<br>En marzo de 2024, al no haberse firmado el convenio de incorporaci\u00f3n de Yucat\u00e1n al IMSS-Bienestar durante la administraci\u00f3n anterior, la instrucci\u00f3n federal fue reubicarlo en estados que ya se hab\u00edan sumado al modelo, principalmente Campeche y Quintana Roo. Muchas y muchos aceptaron el traslado para no perder su empleo.<br>\u00a0<br>Desde noviembre de 2024, el Gobierno del Estado ha gestionado ante IMSS-Bienestar el reintegro de estas y estos trabajadores yucatecos.<br>\u00a0<br>El Gobierno del Estado reconoce el sacrificio de quienes dejaron su hogar para conservar su trabajo, y da seguimiento permanente a su solicitud. Con el convenio firmado ya existe una condici\u00f3n distinta; sin embargo, el retorno no depende solo de la voluntad estatal: requiere la validaci\u00f3n de IMSS-Bienestar y la disponibilidad de espacios, plazas y perfiles.<br>\u00a0<br>En coordinaci\u00f3n con IMSS-Bienestar, el Gobierno del Estado integra un padr\u00f3n actualizado del personal reubicado, documenta las gestiones realizadas e impulsa una ruta administrativa formal para una reincorporaci\u00f3n gradual, conforme a las necesidades de las unidades m\u00e9dicas de Yucat\u00e1n.<br>\u00a0<br>Una vez que se concrete su reincorporaci\u00f3n a Yucat\u00e1n, las y los trabajadores se integrar\u00e1n al proceso de basificaci\u00f3n escalonada previsto en el convenio con IMSS-Bienestar, como parte de la estrategia de justicia laboral que impulsa el Gobierno del Estado para brindar mayor estabilidad y certeza al personal de salud.<br>\u00a0<br>El compromiso es claro: trabajar de la mano con el Gobierno de M\u00e9xico para que, en el marco del IMSS-Bienestar, las y los yucatecos que sostuvieron la atenci\u00f3n m\u00e9dica durante la pandemia puedan regresar a servir a su estado.<br>\u00a0<\/p>\n\n\n\n<p><\/p>\n","protected":false},"excerpt":{"rendered":"<p>(Redacci\u00f3n) Desde noviembre de 2024, el Gobierno del Estado ha gestionado ante IMSS-Bienestar el reintegro de estas y estos trabajadores yucatecos\u00a0 M\u00e9rida, Yucat\u00e1n, a 5 de julio de 2026.-El Gobierno del Estado, por instrucci\u00f3n del Gobernador Joaqu\u00edn D\u00edaz Mena, gestiona ante IMSS-Bienestar el retorno a Yucat\u00e1n del personal de salud que fue reubicado a otras [&hellip;]<\/p>\n","protected":false},"author":6,"featured_media":260331,"comment_status":"open","ping_status":"open","sticky":false,"template":"","format":"standard","meta":{"footnotes":""},"categories":[2],"tags":[],"class_list":["post-260330","post","type-post","status-publish","format-standard","has-post-thumbnail","hentry","category-yucatan","entry","has-media"],"jetpack_featured_media_url":"http:\/\/vertienteglobal.com\/wp-content\/uploads\/2026\/07\/1001400149.jpg","_links":{"self":[{"href":"http:\/\/vertienteglobal.com\/index.php?rest_route=\/wp\/v2\/posts\/260330","targetHints":{"allow":["GET"]}}],"collection":[{"href":"http:\/\/vertienteglobal.com\/index.php?rest_route=\/wp\/v2\/posts"}],"about":[{"href":"http:\/\/vertienteglobal.com\/index.php?rest_route=\/wp\/v2\/types\/post"}],"author":[{"embeddable":true,"href":"http:\/\/vertienteglobal.com\/index.php?rest_route=\/wp\/v2\/users\/6"}],"replies":[{"embeddable":true,"href":"http:\/\/vertienteglobal.com\/index.php?rest_route=%2Fwp%2Fv2%2Fcomments&post=260330"}],"version-history":[{"count":1,"href":"http:\/\/vertienteglobal.com\/index.php?rest_route=\/wp\/v2\/posts\/260330\/revisions"}],"predecessor-version":[{"id":260332,"href":"http:\/\/vertienteglobal.com\/index.php?rest_route=\/wp\/v2\/posts\/260330\/revisions\/260332"}],"wp:featuredmedia":[{"embeddable":true,"href":"http:\/\/vertienteglobal.com\/index.php?rest_route=\/wp\/v2\/media\/260331"}],"wp:attachment":[{"href":"http:\/\/vertienteglobal.com\/index.php?rest_route=%2Fwp%2Fv2%2Fmedia&parent=260330"}],"wp:term":[{"taxonomy":"category","embeddable":true,"href":"http:\/\/vertienteglobal.com\/index.php?rest_route=%2Fwp%2Fv2%2Fcategories&post=260330"},{"taxonomy":"post_tag","embeddable":true,"href":"http:\/\/vertienteglobal.com\/index.php?rest_route=%2Fwp%2Fv2%2Ftags&post=260330"}],"curies":[{"name":"wp","href":"https:\/\/api.w.org\/{rel}","templated":true}]}}