{"id":260259,"date":"2026-07-08T15:02:00","date_gmt":"2026-07-08T20:02:00","guid":{"rendered":"http:\/\/vertienteglobal.com\/?p=260259"},"modified":"2026-07-11T13:08:57","modified_gmt":"2026-07-11T18:08:57","slug":"programas-sociales-y-de-desarrollo-rural-del-gobierno-del-renacimiento-maya-benefician-a-242500-personas-con-una-inversion-superior-a-1185-mdp","status":"publish","type":"post","link":"http:\/\/vertienteglobal.com\/?p=260259","title":{"rendered":"Programas sociales y de desarrollo rural del Gobierno del Renacimiento Maya benefician a 242,500 personas con una inversi\u00f3n superior a 1,185 mdp"},"content":{"rendered":"\n<div class=\"twitterbutton\" style=\"float: right; padding-left: 5px;\"><a href=\"http:\/\/twitter.com\/share\" class=\"twitter-share-button\" data-count=\"horizontal\" data-text=\"Programas sociales y de desarrollo rural del Gobierno del Renacimiento Maya bene...\" data-via=\"https:\/\/twitter.com\/VertienteGloba1\" data-url=\"http:\/\/vertienteglobal.com\/?p=260259\" data-lang=\"es\" data-related=\"Informaci\u00f3n general:S\u00edguenos para que est\u00e9ss informado\"><\/a><\/div>\n<figure class=\"wp-block-image size-large\"><img loading=\"lazy\" decoding=\"async\" width=\"1024\" height=\"683\" src=\"http:\/\/vertienteglobal.com\/wp-content\/uploads\/2026\/07\/1001399940-1024x683.jpg\" alt=\"\" class=\"wp-image-260260\" srcset=\"http:\/\/vertienteglobal.com\/wp-content\/uploads\/2026\/07\/1001399940-1024x683.jpg 1024w, http:\/\/vertienteglobal.com\/wp-content\/uploads\/2026\/07\/1001399940-300x200.jpg 300w, http:\/\/vertienteglobal.com\/wp-content\/uploads\/2026\/07\/1001399940-150x100.jpg 150w, http:\/\/vertienteglobal.com\/wp-content\/uploads\/2026\/07\/1001399940-768x512.jpg 768w, http:\/\/vertienteglobal.com\/wp-content\/uploads\/2026\/07\/1001399940-1536x1024.jpg 1536w, http:\/\/vertienteglobal.com\/wp-content\/uploads\/2026\/07\/1001399940-2048x1366.jpg 2048w\" sizes=\"auto, (max-width: 1024px) 100vw, 1024px\" \/><\/figure>\n\n\n\n<p>(Redacci\u00f3n)<\/p>\n\n\n\n<p><em>Durante su conferencia de prensa ma\u00f1anera, el Gobernador Joaqu\u00edn D\u00edaz Mena present\u00f3 los avances de estas acciones, al destacar que los apoyos llegan de manera directa a las familias, fortalecen la productividad del sector rural y consolidan una pol\u00edtica p\u00fablica enfocada en generar mayores oportunidades y bienestar para la poblaci\u00f3n<\/em><\/p>\n\n\n\n<p>M\u00e9rida, Yucat\u00e1n, a 8 de julio de 2026.-El Renacimiento Maya cumple su palabra empe\u00f1ada a las y los yucatecos con una inversi\u00f3n de m\u00e1s de 1,185 millones de pesos a trav\u00e9s de programas sociales que est\u00e1n cambiando la vida de las familias, as\u00ed como con un respaldo al campo sin precedentes, que transforma la forma de producir.<br>\u00a0<br>En su conferencia de prensa ma\u00f1anera, el Gobernador Joaqu\u00edn D\u00edaz Mena dio cuenta de los avances de los programas de Bienestar Yucat\u00e1n y Desarrollo Rural, que en conjunto representan un beneficio para m\u00e1s de 242,500 yucatecas y yucatecos.<br>\u00a0<br>\u201cEl proyecto Renacimiento Maya es un proyecto de obras y acciones que ya est\u00e1n en marcha. En el campo estamos con apoyos que llegan de manera directa a productoras y productores; tambi\u00e9n en las colonias, con programas sociales que cambian la vida de las familias. Con el apoyo de la Presidenta Claudia Sheinbaum Pardo estamos avanzando y cumpliendo con lo que m\u00e1s le duele a la gente, y lo estamos haciendo con la mejor coordinaci\u00f3n que ha tenido Yucat\u00e1n con un Gobierno federal\u201d, afirm\u00f3 D\u00edaz Mena.<br>\u00a0<br>Al hablar sobre el renacer del campo yucateco, D\u00edaz Mena afirm\u00f3 que hoy se vive un verdadero renacimiento agropecuario, pues, despu\u00e9s de muchos a\u00f1os de olvido, el campo vuelve a ser prioridad para el Gobierno estatal. A\u00f1adi\u00f3 que su administraci\u00f3n est\u00e1 comprometida con reducir las desigualdades, que se acent\u00faan en el medio rural, mediante una inversi\u00f3n r\u00e9cord.<br>\u00a0<br>Al respecto, el secretario de Desarrollo Rural, Edgardo Medina Rodr\u00edguez, se\u00f1al\u00f3 que, durante 2025 y el primer semestre de 2026, en Yucat\u00e1n se han destinado 636 millones de pesos al renacer agropecuario.<br>\u00a0<br>Estos recursos se han aplicado mediante infraestructura hidroagr\u00edcola, programas como Insumos y Herramientas del Bienestar, apoyos al renacer ganadero y de la apicultura, as\u00ed como el plan de supresi\u00f3n del gusano barrenador del ganado.<br>\u00a0<br>Medina Rodr\u00edguez expres\u00f3 que m\u00e1s de 25 mil productoras y productores de los 106 municipios del estado se benefician con estos esquemas, lo que ha permitido impactar m\u00e1s de 130 mil hect\u00e1reas de tierra yucateca, con una mayor y mejor producci\u00f3n.<br>\u00a0<br>Sobre la inversi\u00f3n de 549 millones 720 mil pesos que se destina a trav\u00e9s de Bienestar Yucat\u00e1n, el Gobernador afirm\u00f3 que estos apoyos hacen justicia social a miles de familias de la entidad, ya que atienden a sectores que hab\u00edan sido desatendidos y que hoy reciben el respaldo del Gobierno estatal.<br>\u00a0<br>\u201cEn el Renacimiento Maya tenemos claro que un Gobierno debe estar junto a quienes m\u00e1s lo necesitan; por eso seguiremos impulsando pol\u00edticas p\u00fablicas que disminuyan las desigualdades y abran oportunidades a quienes lo requieren, como las madres aut\u00f3nomas y las parteras mayas\u201d, afirm\u00f3.<br>\u00a0<br>Sobre estos avances, la secretaria de Bienestar, Estefan\u00eda Baeza Mart\u00ednez, asegur\u00f3 que el Renacimiento Maya est\u00e1 transformando vidas, ya que, a trav\u00e9s de programas sociales como Mujeres Renacimiento, Parteras Bienestar, Juventudes Renacimiento y Bienestar en tu Escuela, se tiene una inversi\u00f3n aprobada de 549 millones 720 mil pesos para beneficio de la poblaci\u00f3n yucateca.<\/p>\n\n\n\n<figure class=\"wp-block-image size-full\"><img loading=\"lazy\" decoding=\"async\" width=\"2560\" height=\"1707\" src=\"http:\/\/vertienteglobal.com\/wp-content\/uploads\/2026\/07\/1001399941-scaled.jpg\" alt=\"\" class=\"wp-image-260261\" srcset=\"http:\/\/vertienteglobal.com\/wp-content\/uploads\/2026\/07\/1001399941-scaled.jpg 2560w, http:\/\/vertienteglobal.com\/wp-content\/uploads\/2026\/07\/1001399941-300x200.jpg 300w\" sizes=\"auto, (max-width: 2560px) 100vw, 2560px\" \/><\/figure>\n\n\n\n<figure class=\"wp-block-image size-full\"><img loading=\"lazy\" decoding=\"async\" width=\"2560\" height=\"1707\" src=\"http:\/\/vertienteglobal.com\/wp-content\/uploads\/2026\/07\/1001399942-scaled.jpg\" alt=\"\" class=\"wp-image-260262\" srcset=\"http:\/\/vertienteglobal.com\/wp-content\/uploads\/2026\/07\/1001399942-scaled.jpg 2560w, http:\/\/vertienteglobal.com\/wp-content\/uploads\/2026\/07\/1001399942-300x200.jpg 300w\" sizes=\"auto, (max-width: 2560px) 100vw, 2560px\" \/><\/figure>\n","protected":false},"excerpt":{"rendered":"<p>(Redacci\u00f3n) Durante su conferencia de prensa ma\u00f1anera, el Gobernador Joaqu\u00edn D\u00edaz Mena present\u00f3 los avances de estas acciones, al destacar que los apoyos llegan de manera directa a las familias, fortalecen la productividad del sector rural y consolidan una pol\u00edtica p\u00fablica enfocada en generar mayores oportunidades y bienestar para la poblaci\u00f3n M\u00e9rida, Yucat\u00e1n, a 8 [&hellip;]<\/p>\n","protected":false},"author":6,"featured_media":260260,"comment_status":"open","ping_status":"open","sticky":false,"template":"","format":"standard","meta":{"footnotes":""},"categories":[2],"tags":[],"class_list":["post-260259","post","type-post","status-publish","format-standard","has-post-thumbnail","hentry","category-yucatan","entry","has-media"],"jetpack_featured_media_url":"http:\/\/vertienteglobal.com\/wp-content\/uploads\/2026\/07\/1001399940-scaled.jpg","_links":{"self":[{"href":"http:\/\/vertienteglobal.com\/index.php?rest_route=\/wp\/v2\/posts\/260259","targetHints":{"allow":["GET"]}}],"collection":[{"href":"http:\/\/vertienteglobal.com\/index.php?rest_route=\/wp\/v2\/posts"}],"about":[{"href":"http:\/\/vertienteglobal.com\/index.php?rest_route=\/wp\/v2\/types\/post"}],"author":[{"embeddable":true,"href":"http:\/\/vertienteglobal.com\/index.php?rest_route=\/wp\/v2\/users\/6"}],"replies":[{"embeddable":true,"href":"http:\/\/vertienteglobal.com\/index.php?rest_route=%2Fwp%2Fv2%2Fcomments&post=260259"}],"version-history":[{"count":1,"href":"http:\/\/vertienteglobal.com\/index.php?rest_route=\/wp\/v2\/posts\/260259\/revisions"}],"predecessor-version":[{"id":260263,"href":"http:\/\/vertienteglobal.com\/index.php?rest_route=\/wp\/v2\/posts\/260259\/revisions\/260263"}],"wp:featuredmedia":[{"embeddable":true,"href":"http:\/\/vertienteglobal.com\/index.php?rest_route=\/wp\/v2\/media\/260260"}],"wp:attachment":[{"href":"http:\/\/vertienteglobal.com\/index.php?rest_route=%2Fwp%2Fv2%2Fmedia&parent=260259"}],"wp:term":[{"taxonomy":"category","embeddable":true,"href":"http:\/\/vertienteglobal.com\/index.php?rest_route=%2Fwp%2Fv2%2Fcategories&post=260259"},{"taxonomy":"post_tag","embeddable":true,"href":"http:\/\/vertienteglobal.com\/index.php?rest_route=%2Fwp%2Fv2%2Ftags&post=260259"}],"curies":[{"name":"wp","href":"https:\/\/api.w.org\/{rel}","templated":true}]}}