{"id":260256,"date":"2026-07-08T16:19:00","date_gmt":"2026-07-08T21:19:00","guid":{"rendered":"http:\/\/vertienteglobal.com\/?p=260256"},"modified":"2026-07-11T13:01:58","modified_gmt":"2026-07-11T18:01:58","slug":"gobierno-del-renacimiento-maya-convoca-a-la-ciudadania-para-construir-el-plan-renacimiento-de-merida","status":"publish","type":"post","link":"http:\/\/vertienteglobal.com\/?p=260256","title":{"rendered":"Gobierno del Renacimiento Maya convoca a la ciudadan\u00eda para construir el Plan Renacimiento de M\u00e9rida"},"content":{"rendered":"\n<div class=\"twitterbutton\" style=\"float: right; padding-left: 5px;\"><a href=\"http:\/\/twitter.com\/share\" class=\"twitter-share-button\" data-count=\"horizontal\" data-text=\"Gobierno del Renacimiento Maya convoca a la ciudadan\u00eda para construir el Plan R...\" data-via=\"https:\/\/twitter.com\/VertienteGloba1\" data-url=\"http:\/\/vertienteglobal.com\/?p=260256\" data-lang=\"es\" data-related=\"Informaci\u00f3n general:S\u00edguenos para que est\u00e9ss informado\"><\/a><\/div>\n<figure class=\"wp-block-image size-large\"><img loading=\"lazy\" decoding=\"async\" width=\"1024\" height=\"683\" src=\"http:\/\/vertienteglobal.com\/wp-content\/uploads\/2026\/07\/1001399877-1024x683.jpg\" alt=\"\" class=\"wp-image-260257\" srcset=\"http:\/\/vertienteglobal.com\/wp-content\/uploads\/2026\/07\/1001399877-1024x683.jpg 1024w, http:\/\/vertienteglobal.com\/wp-content\/uploads\/2026\/07\/1001399877-300x200.jpg 300w, http:\/\/vertienteglobal.com\/wp-content\/uploads\/2026\/07\/1001399877-150x100.jpg 150w, http:\/\/vertienteglobal.com\/wp-content\/uploads\/2026\/07\/1001399877-768x512.jpg 768w, http:\/\/vertienteglobal.com\/wp-content\/uploads\/2026\/07\/1001399877-1536x1024.jpg 1536w, http:\/\/vertienteglobal.com\/wp-content\/uploads\/2026\/07\/1001399877-2048x1366.jpg 2048w\" sizes=\"auto, (max-width: 1024px) 100vw, 1024px\" \/><\/figure>\n\n\n\n<p>(Redacci\u00f3n)<\/p>\n\n\n\n<p><em>Del 13 al 20 de julio se llevar\u00e1n a cabo foros presenciales, consultas en l\u00ednea y recorridos en campo para escuchar a la ciudadan\u00eda y definir las acciones prioritarias para la capital yucateca.<\/em><br>\u00a0<br>El Gobernador Joaqu\u00edn D\u00edaz Mena convoc\u00f3 a la ciudadan\u00eda meridana a participar en los foros de consulta para la construcci\u00f3n del Plan Renacimiento de M\u00e9rida, que se realizar\u00e1n del 13 al 20 de julio mediante un modelo integral de participaci\u00f3n ciudadana con foros tem\u00e1ticos, consulta en l\u00ednea y recorridos en campo.<br>\u00a0<br>Al dar a conocer los avances del Plan durante su conferencia de prensa ma\u00f1anera, D\u00edaz Mena inform\u00f3 que este proceso se impulsa junto con el Ayuntamiento de M\u00e9rida y la presidenta municipal, Cecilia Patr\u00f3n Laviada, para escuchar directamente a la poblaci\u00f3n e integrar un diagn\u00f3stico representativo sobre las principales necesidades de la capital yucateca.<br>\u00a0<br>Durante la presentaci\u00f3n, el Gobernador explic\u00f3 que se instalar\u00e1n 16 mesas tem\u00e1ticas: tres en cada una de las cinco zonas de la ciudad y una correspondiente al Foro Metropolitano, todas programadas a las 11:00 horas, para recoger propuestas ciudadanas sobre los tres ejes prioritarios del Plan.<br>\u00a0<br>Detall\u00f3 que el lunes 13 de julio se llevar\u00e1 a cabo el foro correspondiente a la Zona Norte, en el Instituto Tecnol\u00f3gico de M\u00e9rida; el martes 14, el de la Zona Sur, en la Universidad Tecnol\u00f3gica Metropolitana; el mi\u00e9rcoles 15, el de la Zona Oriente, en la Unidad de Servicios Educativos Paulo Freire; el jueves 16, el de la Zona Poniente, en la Escuela Normal de Educaci\u00f3n Primaria Rodolfo Men\u00e9ndez de la Pe\u00f1a; el viernes 17, el de la Zona Centro, en el Centro Internacional de Congresos (CIC); y el lunes 20 de julio, el Foro Metropolitano, tambi\u00e9n en el CIC.<br>\u00a0<br>El Gobernador agreg\u00f3 que en estos espacios se abordar\u00e1n tres grandes temas que responden a necesidades prioritarias de la ciudadan\u00eda: Agua Potable, para atender presi\u00f3n, calidad y cobertura del servicio en colonias que actualmente presentan intermitencias; Red Metropolitana de Vialidades Seguras, con acciones orientadas a mejorar el perif\u00e9rico, corredores urbanos, puentes peatonales, iluminaci\u00f3n y seguridad vial; e Infraestructura de Seguridad, para fortalecer la presencia policial y el uso de tecnolog\u00eda que permita mantener a Yucat\u00e1n como el estado m\u00e1s seguro del pa\u00eds.<br>\u00a0<br>Adem\u00e1s de los foros presenciales, del 13 al 20 de julio estar\u00e1 disponible una consulta en l\u00ednea mediante el portal oficial www.renacimientodemerida.yucatan.gob.mx, accesible las 24 horas desde tel\u00e9fono celular, tableta o computadora, para que cualquier persona pueda expresar sus opiniones, propuestas y prioridades para el futuro de M\u00e9rida.<br>\u00a0<br>De igual manera, brigadas del Gobierno del Estado recorrer\u00e1n distintos puntos de la zona metropolitana para realizar consultas en campo mediante cuestionarios aplicados por personal plenamente identificado, con el fin de acercar este ejercicio de participaci\u00f3n a quienes tienen acceso limitado a medios digitales y garantizar que m\u00e1s voces formen parte del proceso.<br>\u00a0<br>La informaci\u00f3n recabada servir\u00e1 como base para definir las estrategias, proyectos y acciones que conformar\u00e1n este plan de infraestructura para la ciudad.<br>\u00a0<br>Posteriormente, D\u00edaz Mena inform\u00f3 que el jueves 23 de julio, la Comisi\u00f3n Permanente del Copledey, presidida por la Comisi\u00f3n Sectorial de Infraestructura, entregar\u00e1 formalmente los resultados de los foros y de los dem\u00e1s mecanismos de consulta.<br>\u00a0<br>\u00a0Con base en esa informaci\u00f3n, se presentar\u00e1 al Congreso del Estado la solicitud de financiamiento por 1,500 millones de pesos, con pleno respeto a las facultades de an\u00e1lisis y decisi\u00f3n del Poder Legislativo.<br>\u00a0<br>\u201cLas y los diputados de todas las fuerzas tendr\u00e1n la informaci\u00f3n completa, obra por obra, peso por peso, y estaremos disponibles para responder cada una de sus dudas. Entendemos el orden correcto: primero escuchar a la gente; despu\u00e9s construir la decisi\u00f3n entre todos. A M\u00e9rida ya le toca, y le toca con todos remando del mismo lado para que podamos hacer este trabajo conjunto\u201d, sostuvo el titular del Ejecutivo estatal.<br>\u00a0<br>Finalmente, D\u00edaz Mena se\u00f1al\u00f3 que M\u00e9rida es una ciudad que crece aceleradamente, incluso por encima del ritmo de desarrollo de su infraestructura. En pocas d\u00e9cadas se ha convertido en una zona metropolitana de m\u00e1s de un mill\u00f3n de habitantes, donde la red de agua potable, el anillo perif\u00e9rico y los servicios p\u00fablicos requieren modernizarse para responder a las nuevas necesidades de la poblaci\u00f3n.<\/p>\n","protected":false},"excerpt":{"rendered":"<p>(Redacci\u00f3n) Del 13 al 20 de julio se llevar\u00e1n a cabo foros presenciales, consultas en l\u00ednea y recorridos en campo para escuchar a la ciudadan\u00eda y definir las acciones prioritarias para la capital yucateca.\u00a0El Gobernador Joaqu\u00edn D\u00edaz Mena convoc\u00f3 a la ciudadan\u00eda meridana a participar en los foros de consulta para la construcci\u00f3n del Plan [&hellip;]<\/p>\n","protected":false},"author":6,"featured_media":260257,"comment_status":"open","ping_status":"open","sticky":false,"template":"","format":"standard","meta":{"footnotes":""},"categories":[2],"tags":[],"class_list":["post-260256","post","type-post","status-publish","format-standard","has-post-thumbnail","hentry","category-yucatan","entry","has-media"],"jetpack_featured_media_url":"http:\/\/vertienteglobal.com\/wp-content\/uploads\/2026\/07\/1001399877-scaled.jpg","_links":{"self":[{"href":"http:\/\/vertienteglobal.com\/index.php?rest_route=\/wp\/v2\/posts\/260256","targetHints":{"allow":["GET"]}}],"collection":[{"href":"http:\/\/vertienteglobal.com\/index.php?rest_route=\/wp\/v2\/posts"}],"about":[{"href":"http:\/\/vertienteglobal.com\/index.php?rest_route=\/wp\/v2\/types\/post"}],"author":[{"embeddable":true,"href":"http:\/\/vertienteglobal.com\/index.php?rest_route=\/wp\/v2\/users\/6"}],"replies":[{"embeddable":true,"href":"http:\/\/vertienteglobal.com\/index.php?rest_route=%2Fwp%2Fv2%2Fcomments&post=260256"}],"version-history":[{"count":1,"href":"http:\/\/vertienteglobal.com\/index.php?rest_route=\/wp\/v2\/posts\/260256\/revisions"}],"predecessor-version":[{"id":260258,"href":"http:\/\/vertienteglobal.com\/index.php?rest_route=\/wp\/v2\/posts\/260256\/revisions\/260258"}],"wp:featuredmedia":[{"embeddable":true,"href":"http:\/\/vertienteglobal.com\/index.php?rest_route=\/wp\/v2\/media\/260257"}],"wp:attachment":[{"href":"http:\/\/vertienteglobal.com\/index.php?rest_route=%2Fwp%2Fv2%2Fmedia&parent=260256"}],"wp:term":[{"taxonomy":"category","embeddable":true,"href":"http:\/\/vertienteglobal.com\/index.php?rest_route=%2Fwp%2Fv2%2Fcategories&post=260256"},{"taxonomy":"post_tag","embeddable":true,"href":"http:\/\/vertienteglobal.com\/index.php?rest_route=%2Fwp%2Fv2%2Ftags&post=260256"}],"curies":[{"name":"wp","href":"https:\/\/api.w.org\/{rel}","templated":true}]}}