{"id":260108,"date":"2026-07-01T15:11:00","date_gmt":"2026-07-01T20:11:00","guid":{"rendered":"http:\/\/vertienteglobal.com\/?p=260108"},"modified":"2026-07-10T13:42:05","modified_gmt":"2026-07-10T18:42:05","slug":"despues-de-12-anos-se-reinstala-el-escalafon-en-el-sector-salud-gobierno-del-renacimiento-maya-impulsa-218-movimientos-de-promocion-laboral","status":"publish","type":"post","link":"http:\/\/vertienteglobal.com\/?p=260108","title":{"rendered":"Despu\u00e9s de 12 a\u00f1os, se reinstala el escalaf\u00f3n en el sector salud; Gobierno del Renacimiento Maya impulsa 218 movimientos de promoci\u00f3n laboral"},"content":{"rendered":"\n<div class=\"twitterbutton\" style=\"float: right; padding-left: 5px;\"><a href=\"http:\/\/twitter.com\/share\" class=\"twitter-share-button\" data-count=\"horizontal\" data-text=\"Despu\u00e9s de 12 a\u00f1os, se reinstala el escalaf\u00f3n en el sector salud; Gobierno de...\" data-via=\"https:\/\/twitter.com\/VertienteGloba1\" data-url=\"http:\/\/vertienteglobal.com\/?p=260108\" data-lang=\"es\" data-related=\"Informaci\u00f3n general:S\u00edguenos para que est\u00e9ss informado\"><\/a><\/div>\n<figure class=\"wp-block-image size-large\"><img loading=\"lazy\" decoding=\"async\" width=\"1024\" height=\"682\" src=\"http:\/\/vertienteglobal.com\/wp-content\/uploads\/2026\/07\/1001397520-1024x682.jpg\" alt=\"\" class=\"wp-image-260109\" srcset=\"http:\/\/vertienteglobal.com\/wp-content\/uploads\/2026\/07\/1001397520-1024x682.jpg 1024w, http:\/\/vertienteglobal.com\/wp-content\/uploads\/2026\/07\/1001397520-300x200.jpg 300w, http:\/\/vertienteglobal.com\/wp-content\/uploads\/2026\/07\/1001397520-150x100.jpg 150w, http:\/\/vertienteglobal.com\/wp-content\/uploads\/2026\/07\/1001397520-768x512.jpg 768w, http:\/\/vertienteglobal.com\/wp-content\/uploads\/2026\/07\/1001397520.jpg 1280w\" sizes=\"auto, (max-width: 1024px) 100vw, 1024px\" \/><\/figure>\n\n\n\n<p>(Redacci\u00f3n)<\/p>\n\n\n\n<p><em>El Gobernador Joaqu\u00edn D\u00edaz Mena cumple su compromiso de mejorar las condiciones laborales del personal de salud con la reactivaci\u00f3n de un derecho que permanecer\u00e1 de manera regular<\/em><\/p>\n\n\n\n<p>M\u00e9rida, Yucat\u00e1n, a 1 de julio de 2026.-En el A\u00f1o de la Salud 2026, el Gobernador Joaqu\u00edn D\u00edaz Mena cumple su compromiso de mejorar las condiciones laborales de trabajadoras y trabajadores del sector salud al reactivar, despu\u00e9s de 12 a\u00f1os, el escalaf\u00f3n, un derecho laboral que reconoce la antig\u00fcedad, el m\u00e9rito, la preparaci\u00f3n y el desempe\u00f1o.<br>\u00a0<br>Con esta decisi\u00f3n, el Gobierno del Renacimiento Maya fortalece la carrera institucional de quienes todos los d\u00edas brindan atenci\u00f3n a las familias yucatecas.<br>\u00a0<br>Por instrucci\u00f3n del titular del Ejecutivo estatal, la Secretar\u00eda de Salud de Yucat\u00e1n (SSY) publica la Convocatoria de Escalaf\u00f3n 2025, con la que inicia un proceso permanente, transparente y con reglas claras para la promoci\u00f3n laboral del personal.<br>\u00a0<br>Asimismo, el Gobernador instruy\u00f3 que este procedimiento se lleve a cabo de manera regular, para garantizar que las oportunidades de crecimiento laboral sean constantes y no vuelvan a interrumpirse.<br>\u00a0<br>En esta primera etapa se realizar\u00e1n 218 movimientos de personal, en beneficio de trabajadoras y trabajadores. El proceso se desarrollar\u00e1 con base en criterios de legalidad, transparencia, antig\u00fcedad y evaluaci\u00f3n del desempe\u00f1o.<br>\u00a0<br>Para ello, la Secretar\u00eda de Salud puso a disposici\u00f3n del Concurso Escalafonario 77 plazas vacantes generadas durante 2025, de las cuales 36 son plazas escalafonables que, al final del proceso, se sumar\u00e1n a las 41 plazas de pie de rama iniciales.<br>\u00a0<br>Del total de movimientos, 102 corresponder\u00e1n a trabajadoras y trabajadores de base que podr\u00e1n ascender mediante el escalaf\u00f3n, mientras que 116 personas que actualmente laboran bajo contrato o cuentan con una base distinta a la categor\u00eda que desempe\u00f1an podr\u00e1n regularizar y formalizar su situaci\u00f3n, con prioridad para quienes acrediten mayor antig\u00fcedad y trayectoria.<br>\u00a0<br>Estos acuerdos fueron resultado de cuatro sesiones de trabajo de la Comisi\u00f3n Mixta de Escalaf\u00f3n.<br>\u00a0<br>La Convocatoria de Escalaf\u00f3n 2025 se desarrollar\u00e1 conforme al siguiente calendario: del 1 al 14 de julio ser\u00e1 el periodo de inscripci\u00f3n; el 17 de julio se publicar\u00e1 la relaci\u00f3n de personas inscritas; del 15 al 30 de julio se realizar\u00e1 la evaluaci\u00f3n correspondiente, y del 1 al 15 de agosto se emitir\u00e1 el dictamen con los resultados del proceso.<br>\u00a0<br>Trabajadoras y trabajadores podr\u00e1n consultar la convocatoria, el calendario y los resultados exclusivamente a trav\u00e9s de los medios oficiales de la Secretar\u00eda de Salud de Yucat\u00e1n, donde se difundir\u00e1 toda la informaci\u00f3n para garantizar certeza, transparencia y acceso oportuno a cada una de las etapas.<br>\u00a0<br>Como resultado de las acciones de la Comisi\u00f3n Mixta de Escalaf\u00f3n, la Secci\u00f3n 67 del Sindicato Nacional de Trabajadores de la Secretar\u00eda de Salud (Sntsa) recibi\u00f3 las plazas de pie de rama que reglamentariamente le corresponden y procedi\u00f3 a presentar de manera directa las propuestas de las personas consideradas para ocupar las plazas vacantes, las cuales pasar\u00e1n a un proceso de validaci\u00f3n.<br>\u00a0<br>Respecto a las vacantes que se generen durante 2026, la Comisi\u00f3n Mixta de Escalaf\u00f3n sesionar\u00e1 de manera ordinaria para garantizar la continuidad del proceso y asegurar que las promociones y movimientos de personal se realicen bajo los principios de legalidad, igualdad de oportunidades, transparencia y certeza jur\u00eddica.<br>\u00a0<br>Con la reactivaci\u00f3n del escalaf\u00f3n, el Gobierno del Estado restablece un mecanismo permanente de promoci\u00f3n laboral que reconoce la trayectoria de trabajadoras y trabajadores de la salud, fortalece la carrera institucional y brinda certeza sobre el acceso a mejores oportunidades de desarrollo profesional.<\/p>\n\n\n\n<figure class=\"wp-block-image size-large\"><img loading=\"lazy\" decoding=\"async\" width=\"1024\" height=\"682\" src=\"http:\/\/vertienteglobal.com\/wp-content\/uploads\/2026\/07\/1001397522-1024x682.jpg\" alt=\"\" class=\"wp-image-260110\" srcset=\"http:\/\/vertienteglobal.com\/wp-content\/uploads\/2026\/07\/1001397522-1024x682.jpg 1024w, http:\/\/vertienteglobal.com\/wp-content\/uploads\/2026\/07\/1001397522-300x200.jpg 300w, http:\/\/vertienteglobal.com\/wp-content\/uploads\/2026\/07\/1001397522-150x100.jpg 150w, http:\/\/vertienteglobal.com\/wp-content\/uploads\/2026\/07\/1001397522-768x512.jpg 768w, http:\/\/vertienteglobal.com\/wp-content\/uploads\/2026\/07\/1001397522-1536x1023.jpg 1536w, http:\/\/vertienteglobal.com\/wp-content\/uploads\/2026\/07\/1001397522-2048x1364.jpg 2048w\" sizes=\"auto, (max-width: 1024px) 100vw, 1024px\" \/><\/figure>\n\n\n\n<figure class=\"wp-block-image size-large\"><img loading=\"lazy\" decoding=\"async\" width=\"1024\" height=\"683\" src=\"http:\/\/vertienteglobal.com\/wp-content\/uploads\/2026\/07\/1001397521-1024x683.jpg\" alt=\"\" class=\"wp-image-260111\" srcset=\"http:\/\/vertienteglobal.com\/wp-content\/uploads\/2026\/07\/1001397521-1024x683.jpg 1024w, http:\/\/vertienteglobal.com\/wp-content\/uploads\/2026\/07\/1001397521-300x200.jpg 300w, http:\/\/vertienteglobal.com\/wp-content\/uploads\/2026\/07\/1001397521-150x100.jpg 150w, http:\/\/vertienteglobal.com\/wp-content\/uploads\/2026\/07\/1001397521-768x512.jpg 768w, http:\/\/vertienteglobal.com\/wp-content\/uploads\/2026\/07\/1001397521-1536x1024.jpg 1536w, http:\/\/vertienteglobal.com\/wp-content\/uploads\/2026\/07\/1001397521-2048x1365.jpg 2048w\" sizes=\"auto, (max-width: 1024px) 100vw, 1024px\" \/><\/figure>\n","protected":false},"excerpt":{"rendered":"<p>(Redacci\u00f3n) El Gobernador Joaqu\u00edn D\u00edaz Mena cumple su compromiso de mejorar las condiciones laborales del personal de salud con la reactivaci\u00f3n de un derecho que permanecer\u00e1 de manera regular M\u00e9rida, Yucat\u00e1n, a 1 de julio de 2026.-En el A\u00f1o de la Salud 2026, el Gobernador Joaqu\u00edn D\u00edaz Mena cumple su compromiso de mejorar las condiciones [&hellip;]<\/p>\n","protected":false},"author":6,"featured_media":260109,"comment_status":"open","ping_status":"open","sticky":false,"template":"","format":"standard","meta":{"footnotes":""},"categories":[2],"tags":[],"class_list":["post-260108","post","type-post","status-publish","format-standard","has-post-thumbnail","hentry","category-yucatan","entry","has-media"],"jetpack_featured_media_url":"http:\/\/vertienteglobal.com\/wp-content\/uploads\/2026\/07\/1001397520.jpg","_links":{"self":[{"href":"http:\/\/vertienteglobal.com\/index.php?rest_route=\/wp\/v2\/posts\/260108","targetHints":{"allow":["GET"]}}],"collection":[{"href":"http:\/\/vertienteglobal.com\/index.php?rest_route=\/wp\/v2\/posts"}],"about":[{"href":"http:\/\/vertienteglobal.com\/index.php?rest_route=\/wp\/v2\/types\/post"}],"author":[{"embeddable":true,"href":"http:\/\/vertienteglobal.com\/index.php?rest_route=\/wp\/v2\/users\/6"}],"replies":[{"embeddable":true,"href":"http:\/\/vertienteglobal.com\/index.php?rest_route=%2Fwp%2Fv2%2Fcomments&post=260108"}],"version-history":[{"count":1,"href":"http:\/\/vertienteglobal.com\/index.php?rest_route=\/wp\/v2\/posts\/260108\/revisions"}],"predecessor-version":[{"id":260112,"href":"http:\/\/vertienteglobal.com\/index.php?rest_route=\/wp\/v2\/posts\/260108\/revisions\/260112"}],"wp:featuredmedia":[{"embeddable":true,"href":"http:\/\/vertienteglobal.com\/index.php?rest_route=\/wp\/v2\/media\/260109"}],"wp:attachment":[{"href":"http:\/\/vertienteglobal.com\/index.php?rest_route=%2Fwp%2Fv2%2Fmedia&parent=260108"}],"wp:term":[{"taxonomy":"category","embeddable":true,"href":"http:\/\/vertienteglobal.com\/index.php?rest_route=%2Fwp%2Fv2%2Fcategories&post=260108"},{"taxonomy":"post_tag","embeddable":true,"href":"http:\/\/vertienteglobal.com\/index.php?rest_route=%2Fwp%2Fv2%2Ftags&post=260108"}],"curies":[{"name":"wp","href":"https:\/\/api.w.org\/{rel}","templated":true}]}}