{"id":258244,"date":"2026-05-27T21:19:00","date_gmt":"2026-05-28T02:19:00","guid":{"rendered":"http:\/\/vertienteglobal.com\/?p=258244"},"modified":"2026-05-28T10:17:10","modified_gmt":"2026-05-28T15:17:10","slug":"la-presidenta-claudia-sheinbaum-pardo-se-reune-con-calvino-tras-los-acuerdos-firmados-con-la-union-europea","status":"publish","type":"post","link":"http:\/\/vertienteglobal.com\/?p=258244","title":{"rendered":"La Presidenta, Claudia Sheinbaum Pardo se re\u00fane con Calvi\u00f1o tras los acuerdos firmados con la Uni\u00f3n Europea"},"content":{"rendered":"\n<div class=\"twitterbutton\" style=\"float: right; padding-left: 5px;\"><a href=\"http:\/\/twitter.com\/share\" class=\"twitter-share-button\" data-count=\"horizontal\" data-text=\"La Presidenta, Claudia Sheinbaum Pardo se re\u00fane con Calvi\u00f1o tras los acuerdos ...\" data-via=\"https:\/\/twitter.com\/VertienteGloba1\" data-url=\"http:\/\/vertienteglobal.com\/?p=258244\" data-lang=\"es\" data-related=\"Informaci\u00f3n general:S\u00edguenos para que est\u00e9ss informado\"><\/a><\/div>\n<figure class=\"wp-block-image size-full\"><img loading=\"lazy\" decoding=\"async\" width=\"1024\" height=\"683\" src=\"http:\/\/vertienteglobal.com\/wp-content\/uploads\/2026\/05\/1001283811.webp\" alt=\"\" class=\"wp-image-258245\" srcset=\"http:\/\/vertienteglobal.com\/wp-content\/uploads\/2026\/05\/1001283811.webp 1024w, http:\/\/vertienteglobal.com\/wp-content\/uploads\/2026\/05\/1001283811-300x200.webp 300w, http:\/\/vertienteglobal.com\/wp-content\/uploads\/2026\/05\/1001283811-150x100.webp 150w, http:\/\/vertienteglobal.com\/wp-content\/uploads\/2026\/05\/1001283811-768x512.webp 768w\" sizes=\"auto, (max-width: 1024px) 100vw, 1024px\" \/><\/figure>\n\n\n\n<p>(Redacci\u00f3n)<\/p>\n\n\n\n<p>La presidenta de M\u00e9xico, Claudia Sheinbaum, inform\u00f3 que se reuni\u00f3 este mi\u00e9rcoles en el Palacio Nacional con la presidenta del Banco Europeo de Inversiones (BEI), Nadia Calvi\u00f1o, quien en su visita al pa\u00eds anunci\u00f3 una cartera de proyectos por m\u00e1s de 3.000 de euros tras la reciente firma del Acuerdo Global Modernizado entre M\u00e9xico y la Uni\u00f3n Europea (UE).<\/p>\n\n\n\n<p>\u201cPlaticamos con la presidenta del Banco Europeo de Inversiones, Nadia Calvi\u00f1o, como seguimiento a los acuerdos firmados con la Uni\u00f3n Europea\u201d, indic\u00f3 la mandataria mexicana en un mensaje en sus redes sociales.<\/p>\n\n\n\n<p>A la reuni\u00f3n tambi\u00e9n asistieron, por M\u00e9xico, el secretario de Relaciones Exteriores, Roberto Velasco \u00c1lvarez, el secretario de Econom\u00eda, Marcelo Ebrard, el de Hacienda y Cr\u00e9dito P\u00fablico \u00c9dgar Amador Zamora, y la de Energ\u00eda, Luz Elena Gonz\u00e1lez.<\/p>\n\n\n\n<p>Este encuentro ocurri\u00f3 el mismo d\u00eda en el que culmin\u00f3 el Congreso del Consejo Empresarial Alianza por Iberoam\u00e9rica (CEAPI), donde Calvi\u00f1o afirm\u00f3 que acudi\u00f3 a M\u00e9xico para \u201crelanzar las inversiones del BEI\u201d y convertir al banco en un socio estrat\u00e9gico prioritario para la econom\u00eda mexicana.<\/p>\n\n\n\n<p>Fue as\u00ed que anunci\u00f3 una cartera de proyectos por m\u00e1s de 3.000 millones de euros en energ\u00eda, transporte y agua, lo que supone m\u00e1s de la mitad de las inversiones anunciadas en la firma del Acuerdo Global Modernizado entre M\u00e9xico y la UE.<\/p>\n\n\n\n<p>Durante la firma del acuerdo, el pasado 22 de mayo, la UE asegur\u00f3 que invertir\u00e1 5.000 millones de euros para financiar proyectos en energ\u00edas limpias, movilidad, farmac\u00e9utica, redes digitales y econom\u00eda circular.<\/p>\n\n\n\n<p>Como primer paso, Calvi\u00f1o anunci\u00f3 que el BEI firmar\u00e1 un acuerdo con la Secretar\u00eda de Energ\u00eda de M\u00e9xico para apoyar la transici\u00f3n energ\u00e9tica, una de las prioridades del Plan M\u00e9xico, mediante proyectos de transmisi\u00f3n y distribuci\u00f3n de electricidad, adem\u00e1s del despliegue de energ\u00edas renovables.<\/p>\n\n\n\n<p>Tambi\u00e9n enmarc\u00f3 este esfuerzo en la alianza estrat\u00e9gica entre Europa y Am\u00e9rica Latina y record\u00f3 que, en la cumbre CELAC-UE del pasado noviembre, el BEI ya comprometi\u00f3 1.000 millones de euros para la conectividad energ\u00e9tica de Centroam\u00e9rica.<\/p>\n\n\n\n<p>La firma de este acuerdo bilateral ha sido considerado por economistas mexicanos como una v\u00eda para que M\u00e9xico diversifique su comercio, eleve el valor de sus exportaciones y reduzca la vulnerabilidad frente a Estados Unidos, en medio de una revisi\u00f3n compleja del T-MEC. (Fuente:EFE\/Foto:X-Sheinbaum)<\/p>\n\n\n\n<figure class=\"wp-block-embed is-type-rich is-provider-x wp-block-embed-x\"><div class=\"wp-block-embed__wrapper\">\n<div class=\"oceanwp-oembed-wrap clr\"><div class=\"embed-x\"><blockquote class=\"twitter-tweet\" data-width=\"550\" data-dnt=\"true\"><p lang=\"es\" dir=\"ltr\">Platicamos con la presidenta del Banco Europeo de Inversiones, Nadia Calvi\u00f1o, como seguimiento a los acuerdos firmados con la Uni\u00f3n Europea. <a href=\"https:\/\/t.co\/J3XkibEq2Q\">pic.twitter.com\/J3XkibEq2Q<\/a><\/p>&mdash; Claudia Sheinbaum Pardo (@Claudiashein) <a href=\"https:\/\/x.com\/Claudiashein\/status\/2059836525781635356?ref_src=twsrc%5Etfw\">May 28, 2026<\/a><\/blockquote><script async src=\"https:\/\/platform.x.com\/widgets.js\" charset=\"utf-8\"><\/script><\/div><\/div>\n<\/div><\/figure>\n\n\n\n<p><\/p>\n","protected":false},"excerpt":{"rendered":"<p>(Redacci\u00f3n) La presidenta de M\u00e9xico, Claudia Sheinbaum, inform\u00f3 que se reuni\u00f3 este mi\u00e9rcoles en el Palacio Nacional con la presidenta del Banco Europeo de Inversiones (BEI), Nadia Calvi\u00f1o, quien en su visita al pa\u00eds anunci\u00f3 una cartera de proyectos por m\u00e1s de 3.000 de euros tras la reciente firma del Acuerdo Global Modernizado entre M\u00e9xico [&hellip;]<\/p>\n","protected":false},"author":6,"featured_media":258245,"comment_status":"open","ping_status":"open","sticky":false,"template":"","format":"standard","meta":{"footnotes":""},"categories":[8],"tags":[],"class_list":["post-258244","post","type-post","status-publish","format-standard","has-post-thumbnail","hentry","category-pais","entry","has-media"],"jetpack_featured_media_url":"http:\/\/vertienteglobal.com\/wp-content\/uploads\/2026\/05\/1001283811.webp","_links":{"self":[{"href":"http:\/\/vertienteglobal.com\/index.php?rest_route=\/wp\/v2\/posts\/258244","targetHints":{"allow":["GET"]}}],"collection":[{"href":"http:\/\/vertienteglobal.com\/index.php?rest_route=\/wp\/v2\/posts"}],"about":[{"href":"http:\/\/vertienteglobal.com\/index.php?rest_route=\/wp\/v2\/types\/post"}],"author":[{"embeddable":true,"href":"http:\/\/vertienteglobal.com\/index.php?rest_route=\/wp\/v2\/users\/6"}],"replies":[{"embeddable":true,"href":"http:\/\/vertienteglobal.com\/index.php?rest_route=%2Fwp%2Fv2%2Fcomments&post=258244"}],"version-history":[{"count":1,"href":"http:\/\/vertienteglobal.com\/index.php?rest_route=\/wp\/v2\/posts\/258244\/revisions"}],"predecessor-version":[{"id":258246,"href":"http:\/\/vertienteglobal.com\/index.php?rest_route=\/wp\/v2\/posts\/258244\/revisions\/258246"}],"wp:featuredmedia":[{"embeddable":true,"href":"http:\/\/vertienteglobal.com\/index.php?rest_route=\/wp\/v2\/media\/258245"}],"wp:attachment":[{"href":"http:\/\/vertienteglobal.com\/index.php?rest_route=%2Fwp%2Fv2%2Fmedia&parent=258244"}],"wp:term":[{"taxonomy":"category","embeddable":true,"href":"http:\/\/vertienteglobal.com\/index.php?rest_route=%2Fwp%2Fv2%2Fcategories&post=258244"},{"taxonomy":"post_tag","embeddable":true,"href":"http:\/\/vertienteglobal.com\/index.php?rest_route=%2Fwp%2Fv2%2Ftags&post=258244"}],"curies":[{"name":"wp","href":"https:\/\/api.w.org\/{rel}","templated":true}]}}