{"id":258232,"date":"2026-05-25T23:38:00","date_gmt":"2026-05-26T04:38:00","guid":{"rendered":"http:\/\/vertienteglobal.com\/?p=258232"},"modified":"2026-05-28T09:41:45","modified_gmt":"2026-05-28T14:41:45","slug":"que-es-un-deja-vu-y-cuando-ocurre","status":"publish","type":"post","link":"http:\/\/vertienteglobal.com\/?p=258232","title":{"rendered":"\u00bfQu\u00e9 es un d\u00e9j\u00e0 vu y cu\u00e1ndo ocurre?"},"content":{"rendered":"\n<div class=\"twitterbutton\" style=\"float: right; padding-left: 5px;\"><a href=\"http:\/\/twitter.com\/share\" class=\"twitter-share-button\" data-count=\"horizontal\" data-text=\"\u00bfQu\u00e9 es un d\u00e9j\u00e0 vu y cu\u00e1ndo ocurre?\" data-via=\"https:\/\/twitter.com\/VertienteGloba1\" data-url=\"http:\/\/vertienteglobal.com\/?p=258232\" data-lang=\"es\" data-related=\"Informaci\u00f3n general:S\u00edguenos para que est\u00e9ss informado\"><\/a><\/div>\n<figure class=\"wp-block-image size-full\"><img loading=\"lazy\" decoding=\"async\" width=\"1024\" height=\"649\" src=\"http:\/\/vertienteglobal.com\/wp-content\/uploads\/2026\/05\/1001283722.webp\" alt=\"\" class=\"wp-image-258233\" srcset=\"http:\/\/vertienteglobal.com\/wp-content\/uploads\/2026\/05\/1001283722.webp 1024w, http:\/\/vertienteglobal.com\/wp-content\/uploads\/2026\/05\/1001283722-300x190.webp 300w, http:\/\/vertienteglobal.com\/wp-content\/uploads\/2026\/05\/1001283722-150x95.webp 150w, http:\/\/vertienteglobal.com\/wp-content\/uploads\/2026\/05\/1001283722-768x487.webp 768w\" sizes=\"auto, (max-width: 1024px) 100vw, 1024px\" \/><\/figure>\n\n\n\n<p>(Redacci\u00f3n)<\/p>\n\n\n\n<p>El Acad\u00e9mico de la UNAM explic\u00f3 que cuando el ser humano forma una memoria en el cerebro, no se forma al 100 por ciento con todos los detalles, sino pedacitos de informaci\u00f3n que se van juntando y cuando se evoca, es que viene el recuerdo.<\/p>\n\n\n\n<p>Ciudad de M\u00e9xico 25 de mayo de 2026.-El d\u00e9j\u00e0 vu es una comparaci\u00f3n, entre lo que hay en el sistema de memoria y lo que se ve de manera habitual, coment\u00f3 Hugo S\u00e1nchez, Jefe del Laboratorio de Neuropsicofarmacolog\u00eda y Acad\u00e9mico de la Facultad de Psicolog\u00eda de la UNAM.<\/p>\n\n\n\n<p>Y es que en entrevista para XEU Noticias, el Acad\u00e9mico de la UNAM explic\u00f3 que cuando el ser humano forma una memoria en el cerebro, no se forma al 100 por ciento con todos los detalles, sino pedacitos de informaci\u00f3n que se van juntando y cuando se evoca, es que viene el recuerdo.<\/p>\n\n\n\n<p>\u00abUn d\u00e9j\u00e0 vu es una informaci\u00f3n que ya se conten\u00eda en el cerebro y de repente, aparece dicha informaci\u00f3n, se compara y dice &#8216;ya lo viv\u00ed'\u00bb.<\/p>\n\n\n\n<p>Indic\u00f3 que no significa que ya se haya vivido, sino que hubo un elemento dentro de la memoria que se parece a lo que se ve en ese momento.<\/p>\n\n\n\n<p>Por otro lado, el Jefe del Laboratorio de Neuropsicofarmacolog\u00eda, detall\u00f3 que en muchas ocasiones el d\u00e9j\u00e0 vu, es por una cuesti\u00f3n de las enso\u00f1aciones.<\/p>\n\n\n\n<p>Dijo que las enso\u00f1aciones, son las que van a configurar patrones y escenarios, donde los sue\u00f1os se desarrollan y no son \u00fanicamente patrones que est\u00e9n al 100 por ciento con la realidad.<\/p>\n\n\n\n<p>Enfatiz\u00f3 que el d\u00e9j\u00e0 vu se ha estudiado como efectos de memoria y especific\u00f3 que mucho de lo que las personas recuerdan, tiene que ver con la forma en la cual el cerebro maneja, almacena y extrae informaci\u00f3n.<\/p>\n\n\n\n<p>Finalmente, el experto afirm\u00f3 que el d\u00e9j\u00e0 vu puede ocurrir en cualquier etapa de la vida.<\/p>\n","protected":false},"excerpt":{"rendered":"<p>(Redacci\u00f3n) El Acad\u00e9mico de la UNAM explic\u00f3 que cuando el ser humano forma una memoria en el cerebro, no se forma al 100 por ciento con todos los detalles, sino pedacitos de informaci\u00f3n que se van juntando y cuando se evoca, es que viene el recuerdo. Ciudad de M\u00e9xico 25 de mayo de 2026.-El d\u00e9j\u00e0 [&hellip;]<\/p>\n","protected":false},"author":6,"featured_media":258233,"comment_status":"open","ping_status":"open","sticky":false,"template":"","format":"standard","meta":{"footnotes":""},"categories":[9,8,7],"tags":[],"class_list":["post-258232","post","type-post","status-publish","format-standard","has-post-thumbnail","hentry","category-educacion","category-pais","category-veracruz","entry","has-media"],"jetpack_featured_media_url":"http:\/\/vertienteglobal.com\/wp-content\/uploads\/2026\/05\/1001283722.webp","_links":{"self":[{"href":"http:\/\/vertienteglobal.com\/index.php?rest_route=\/wp\/v2\/posts\/258232","targetHints":{"allow":["GET"]}}],"collection":[{"href":"http:\/\/vertienteglobal.com\/index.php?rest_route=\/wp\/v2\/posts"}],"about":[{"href":"http:\/\/vertienteglobal.com\/index.php?rest_route=\/wp\/v2\/types\/post"}],"author":[{"embeddable":true,"href":"http:\/\/vertienteglobal.com\/index.php?rest_route=\/wp\/v2\/users\/6"}],"replies":[{"embeddable":true,"href":"http:\/\/vertienteglobal.com\/index.php?rest_route=%2Fwp%2Fv2%2Fcomments&post=258232"}],"version-history":[{"count":1,"href":"http:\/\/vertienteglobal.com\/index.php?rest_route=\/wp\/v2\/posts\/258232\/revisions"}],"predecessor-version":[{"id":258234,"href":"http:\/\/vertienteglobal.com\/index.php?rest_route=\/wp\/v2\/posts\/258232\/revisions\/258234"}],"wp:featuredmedia":[{"embeddable":true,"href":"http:\/\/vertienteglobal.com\/index.php?rest_route=\/wp\/v2\/media\/258233"}],"wp:attachment":[{"href":"http:\/\/vertienteglobal.com\/index.php?rest_route=%2Fwp%2Fv2%2Fmedia&parent=258232"}],"wp:term":[{"taxonomy":"category","embeddable":true,"href":"http:\/\/vertienteglobal.com\/index.php?rest_route=%2Fwp%2Fv2%2Fcategories&post=258232"},{"taxonomy":"post_tag","embeddable":true,"href":"http:\/\/vertienteglobal.com\/index.php?rest_route=%2Fwp%2Fv2%2Ftags&post=258232"}],"curies":[{"name":"wp","href":"https:\/\/api.w.org\/{rel}","templated":true}]}}