{"id":257970,"date":"2026-05-20T19:56:00","date_gmt":"2026-05-21T00:56:00","guid":{"rendered":"http:\/\/vertienteglobal.com\/?p=257970"},"modified":"2026-05-24T19:10:11","modified_gmt":"2026-05-25T00:10:11","slug":"entrega-mara-lezama-mil-apoyos-alimentarios-y-640-nuevas-tarjetas-de-comemos-tods-en-cancun","status":"publish","type":"post","link":"http:\/\/vertienteglobal.com\/?p=257970","title":{"rendered":"Entrega Mara Lezama mil apoyos alimentarios y 640 nuevas tarjetas de \u201cComemos Tod@s\u201d en Canc\u00fan"},"content":{"rendered":"\n<div class=\"twitterbutton\" style=\"float: right; padding-left: 5px;\"><a href=\"http:\/\/twitter.com\/share\" class=\"twitter-share-button\" data-count=\"horizontal\" data-text=\"Entrega Mara Lezama mil apoyos alimentarios y 640 nuevas tarjetas de \u201cComemos ...\" data-via=\"https:\/\/twitter.com\/VertienteGloba1\" data-url=\"http:\/\/vertienteglobal.com\/?p=257970\" data-lang=\"es\" data-related=\"Informaci\u00f3n general:S\u00edguenos para que est\u00e9ss informado\"><\/a><\/div>\n<figure class=\"wp-block-image size-large\"><img loading=\"lazy\" decoding=\"async\" width=\"1024\" height=\"683\" src=\"http:\/\/vertienteglobal.com\/wp-content\/uploads\/2026\/05\/1001273692-1024x683.jpg\" alt=\"\" class=\"wp-image-257971\" srcset=\"http:\/\/vertienteglobal.com\/wp-content\/uploads\/2026\/05\/1001273692-1024x683.jpg 1024w, http:\/\/vertienteglobal.com\/wp-content\/uploads\/2026\/05\/1001273692-300x200.jpg 300w, http:\/\/vertienteglobal.com\/wp-content\/uploads\/2026\/05\/1001273692-150x100.jpg 150w, http:\/\/vertienteglobal.com\/wp-content\/uploads\/2026\/05\/1001273692-768x512.jpg 768w, http:\/\/vertienteglobal.com\/wp-content\/uploads\/2026\/05\/1001273692.jpg 1280w\" sizes=\"auto, (max-width: 1024px) 100vw, 1024px\" \/><\/figure>\n\n\n\n<p>(Redacci\u00f3n)<\/p>\n\n\n\n<p>La Gobernadora da inicio a la segunda entrega del a\u00f1o del programa social m\u00e1s grande en la historia de Quintana Roo, que este 2026 ampli\u00f3 su cobertura para apoyar a 60 mil hogares en Quintana Roo en beneficio de 200 mil quintanarroenses<\/p>\n\n\n\n<p>Canc\u00fan, Quintana Roo, 20 de mayo 2026.- Con el compromiso de continuar construyendo un Quintana Roo m\u00e1s justo, solidario y con prosperidad compartida, la gobernadora Mara Lezama Espinosa, encabez\u00f3 la entrega de mil paquetes alimentarios y 640 tarjetas a nuevos beneficiarios del programa \u201cComemos Tod@s\u201d, en la Unidad Deportiva Toro Valenzuela del municipio de Benito Ju\u00e1rez.<\/p>\n\n\n\n<p>La Gobernadora enfatiz\u00f3 que el programa naci\u00f3 en este gobierno humanista con coraz\u00f3n feminista para abatir la carencia alimentaria, que era alarmante de acuerdo con datos y cifras. \u201cY lo logramos llegando al gobierno, pusimos reglas, combatimos la corrupci\u00f3n y tenemos una inversi\u00f3n del dinero p\u00fablico de manera transparente\u201d, explic\u00f3 Mara Lezama.<\/p>\n\n\n\n<p>Este programa obtuvo, el a\u00f1o pasado, el premio nacional al Buen Gobierno. \u201c\u00bfY qu\u00e9 es lo que hacemos en este 2026? Lo que hemos hecho paulatinamente, crecerlo. Tenemos aqu\u00ed hoy a m\u00e1s de mil 100 personas, de los cuales m\u00e1s de 600 son nuevas y nuevos beneficiarios\u201d, abund\u00f3.<\/p>\n\n\n\n<p>Al respeto, el secretario del Bienestar, Pablo Bustamante, inform\u00f3 que \u201cComentos Tod@s\u201d, del que hoy inicia la segunda entrega de paquetes del a\u00f1o y termina el 10 de junio, se ha consolidado como el programa alimentario m\u00e1s grande en la historia de Quintana Roo.<\/p>\n\n\n\n<p>Lo que comenz\u00f3 en 2023 beneficiando a 50, 000 familias, en este 2026 ya llega a 60, 000 en los 11 municipios del estado. Esas 60, 000 familias est\u00e1n conformadas por m\u00e1s de 200, 000 quintanarroenses que se benefician de manera indirecta de este programa, cit\u00f3 el funcionario.<\/p>\n\n\n\n<p>El programa, implementado por el Gobierno del Estado a trav\u00e9s de la Secretar\u00eda de Bienestar y la Agencia de Seguridad Alimentaria, consiste en la entrega bimestral intercalada de un apoyo alimentario y un apoyo econ\u00f3mico, otorgando anualmente cinco paquetes alimentarios y cinco dispersiones econ\u00f3micas.<\/p>\n\n\n\n<p>Para reducir gastos de traslado para las personas beneficiarias, se habilitaron siete nuevos centros de entrega en todo el estado y de manera particular en el municipio de Benito Ju\u00e1rez operan actualmente 13 centros de entrega estrat\u00e9gicamente ubicados, facilitando un acceso m\u00e1s cercano y eficiente. Los m\u00f3dulos se pueden ubicar en bienestarqroo.com<\/p>\n\n\n\n<p>Con la presencia de las y los beneficiarios, la presidenta municipal de Benito Ju\u00e1rez, Ana Paty Peralta, agradeci\u00f3 a Mara Lezama todo el apoyo brindado a las familias de Benito Ju\u00e1rez a trav\u00e9s de este programa de amplio sentido social, con enfoque humano, generoso y de justicia social.<\/p>\n\n\n\n<p>Adem\u00e1s de las beneficiarias Lucy de la Cruz y Mario Lugo, estuvieron en el pres\u00eddium el director de la Agencia Alimentaria, Ignacio Pereira, y el secretario general del Ayuntamiento, Pablo Guti\u00e9rrez.<\/p>\n\n\n\n<figure class=\"wp-block-image size-large\"><img loading=\"lazy\" decoding=\"async\" width=\"1024\" height=\"472\" src=\"http:\/\/vertienteglobal.com\/wp-content\/uploads\/2026\/05\/1001273693-1024x472.jpg\" alt=\"\" class=\"wp-image-257972\" srcset=\"http:\/\/vertienteglobal.com\/wp-content\/uploads\/2026\/05\/1001273693-1024x472.jpg 1024w, http:\/\/vertienteglobal.com\/wp-content\/uploads\/2026\/05\/1001273693-300x138.jpg 300w, http:\/\/vertienteglobal.com\/wp-content\/uploads\/2026\/05\/1001273693-150x69.jpg 150w, http:\/\/vertienteglobal.com\/wp-content\/uploads\/2026\/05\/1001273693-768x354.jpg 768w, http:\/\/vertienteglobal.com\/wp-content\/uploads\/2026\/05\/1001273693.jpg 1280w\" sizes=\"auto, (max-width: 1024px) 100vw, 1024px\" \/><\/figure>\n\n\n\n<figure class=\"wp-block-image size-large\"><img loading=\"lazy\" decoding=\"async\" width=\"1024\" height=\"683\" src=\"http:\/\/vertienteglobal.com\/wp-content\/uploads\/2026\/05\/1001273694-1024x683.jpg\" alt=\"\" class=\"wp-image-257973\" srcset=\"http:\/\/vertienteglobal.com\/wp-content\/uploads\/2026\/05\/1001273694-1024x683.jpg 1024w, http:\/\/vertienteglobal.com\/wp-content\/uploads\/2026\/05\/1001273694-300x200.jpg 300w, http:\/\/vertienteglobal.com\/wp-content\/uploads\/2026\/05\/1001273694-150x100.jpg 150w, http:\/\/vertienteglobal.com\/wp-content\/uploads\/2026\/05\/1001273694-768x512.jpg 768w, http:\/\/vertienteglobal.com\/wp-content\/uploads\/2026\/05\/1001273694.jpg 1280w\" sizes=\"auto, (max-width: 1024px) 100vw, 1024px\" \/><\/figure>\n\n\n\n<figure class=\"wp-block-image size-large\"><img loading=\"lazy\" decoding=\"async\" width=\"1024\" height=\"683\" src=\"http:\/\/vertienteglobal.com\/wp-content\/uploads\/2026\/05\/1001273695-1024x683.jpg\" alt=\"\" class=\"wp-image-257974\" srcset=\"http:\/\/vertienteglobal.com\/wp-content\/uploads\/2026\/05\/1001273695-1024x683.jpg 1024w, http:\/\/vertienteglobal.com\/wp-content\/uploads\/2026\/05\/1001273695-300x200.jpg 300w, http:\/\/vertienteglobal.com\/wp-content\/uploads\/2026\/05\/1001273695-150x100.jpg 150w, http:\/\/vertienteglobal.com\/wp-content\/uploads\/2026\/05\/1001273695-768x512.jpg 768w, http:\/\/vertienteglobal.com\/wp-content\/uploads\/2026\/05\/1001273695.jpg 1280w\" sizes=\"auto, (max-width: 1024px) 100vw, 1024px\" \/><\/figure>\n\n\n\n<figure class=\"wp-block-embed is-type-video is-provider-youtube wp-block-embed-youtube wp-embed-aspect-16-9 wp-has-aspect-ratio\"><div class=\"wp-block-embed__wrapper\">\n<div class=\"oceanwp-oembed-wrap clr\"><iframe loading=\"lazy\" title=\"Entrega Mara Lezama mil apoyos alimentarios y 640 nuevas tarjetas de \u201cComemos Tod@s\u201d en Canc\u00fan\" width=\"1200\" height=\"675\" src=\"https:\/\/www.youtube.com\/embed\/_7nU3VMpwe0?feature=oembed\" frameborder=\"0\" allow=\"accelerometer; autoplay; clipboard-write; encrypted-media; gyroscope; picture-in-picture; web-share\" referrerpolicy=\"strict-origin-when-cross-origin\" allowfullscreen><\/iframe><\/div>\n<\/div><\/figure>\n","protected":false},"excerpt":{"rendered":"<p>(Redacci\u00f3n) La Gobernadora da inicio a la segunda entrega del a\u00f1o del programa social m\u00e1s grande en la historia de Quintana Roo, que este 2026 ampli\u00f3 su cobertura para apoyar a 60 mil hogares en Quintana Roo en beneficio de 200 mil quintanarroenses Canc\u00fan, Quintana Roo, 20 de mayo 2026.- Con el compromiso de continuar [&hellip;]<\/p>\n","protected":false},"author":6,"featured_media":257971,"comment_status":"open","ping_status":"open","sticky":false,"template":"","format":"standard","meta":{"footnotes":""},"categories":[3],"tags":[],"class_list":["post-257970","post","type-post","status-publish","format-standard","has-post-thumbnail","hentry","category-quintana-roo","entry","has-media"],"jetpack_featured_media_url":"http:\/\/vertienteglobal.com\/wp-content\/uploads\/2026\/05\/1001273692.jpg","_links":{"self":[{"href":"http:\/\/vertienteglobal.com\/index.php?rest_route=\/wp\/v2\/posts\/257970","targetHints":{"allow":["GET"]}}],"collection":[{"href":"http:\/\/vertienteglobal.com\/index.php?rest_route=\/wp\/v2\/posts"}],"about":[{"href":"http:\/\/vertienteglobal.com\/index.php?rest_route=\/wp\/v2\/types\/post"}],"author":[{"embeddable":true,"href":"http:\/\/vertienteglobal.com\/index.php?rest_route=\/wp\/v2\/users\/6"}],"replies":[{"embeddable":true,"href":"http:\/\/vertienteglobal.com\/index.php?rest_route=%2Fwp%2Fv2%2Fcomments&post=257970"}],"version-history":[{"count":1,"href":"http:\/\/vertienteglobal.com\/index.php?rest_route=\/wp\/v2\/posts\/257970\/revisions"}],"predecessor-version":[{"id":257975,"href":"http:\/\/vertienteglobal.com\/index.php?rest_route=\/wp\/v2\/posts\/257970\/revisions\/257975"}],"wp:featuredmedia":[{"embeddable":true,"href":"http:\/\/vertienteglobal.com\/index.php?rest_route=\/wp\/v2\/media\/257971"}],"wp:attachment":[{"href":"http:\/\/vertienteglobal.com\/index.php?rest_route=%2Fwp%2Fv2%2Fmedia&parent=257970"}],"wp:term":[{"taxonomy":"category","embeddable":true,"href":"http:\/\/vertienteglobal.com\/index.php?rest_route=%2Fwp%2Fv2%2Fcategories&post=257970"},{"taxonomy":"post_tag","embeddable":true,"href":"http:\/\/vertienteglobal.com\/index.php?rest_route=%2Fwp%2Fv2%2Ftags&post=257970"}],"curies":[{"name":"wp","href":"https:\/\/api.w.org\/{rel}","templated":true}]}}