{"id":257856,"date":"2026-05-19T15:35:00","date_gmt":"2026-05-19T20:35:00","guid":{"rendered":"http:\/\/vertienteglobal.com\/?p=257856"},"modified":"2026-05-19T20:48:32","modified_gmt":"2026-05-20T01:48:32","slug":"habra-prorroga-para-el-registro-telefonico-con-curp","status":"publish","type":"post","link":"http:\/\/vertienteglobal.com\/?p=257856","title":{"rendered":"\u00bfHabr\u00e1 pr\u00f3rroga para el registro telef\u00f3nico con CURP?"},"content":{"rendered":"\n<div class=\"twitterbutton\" style=\"float: right; padding-left: 5px;\"><a href=\"http:\/\/twitter.com\/share\" class=\"twitter-share-button\" data-count=\"horizontal\" data-text=\"\u00bfHabr\u00e1 pr\u00f3rroga para el registro telef\u00f3nico con CURP?\" data-via=\"https:\/\/twitter.com\/VertienteGloba1\" data-url=\"http:\/\/vertienteglobal.com\/?p=257856\" data-lang=\"es\" data-related=\"Informaci\u00f3n general:S\u00edguenos para que est\u00e9ss informado\"><\/a><\/div>\n<figure class=\"wp-block-image size-full\"><img loading=\"lazy\" decoding=\"async\" width=\"1024\" height=\"654\" src=\"http:\/\/vertienteglobal.com\/wp-content\/uploads\/2026\/05\/1001260094.webp\" alt=\"\" class=\"wp-image-257857\" srcset=\"http:\/\/vertienteglobal.com\/wp-content\/uploads\/2026\/05\/1001260094.webp 1024w, http:\/\/vertienteglobal.com\/wp-content\/uploads\/2026\/05\/1001260094-300x192.webp 300w, http:\/\/vertienteglobal.com\/wp-content\/uploads\/2026\/05\/1001260094-150x96.webp 150w, http:\/\/vertienteglobal.com\/wp-content\/uploads\/2026\/05\/1001260094-768x491.webp 768w\" sizes=\"auto, (max-width: 1024px) 100vw, 1024px\" \/><\/figure>\n\n\n\n<p>(Redacci\u00f3n)<\/p>\n\n\n\n<p>Norma Solano, presidenta de la CRT, reiter\u00f3 que el 30 de junio se mantiene como fecha definitiva, aun cuando ello pudiera derivar en una desconexi\u00f3n masiva de l\u00edneas no registradas<\/p>\n\n\n\n<p>Ciudad de M\u00e9xico, 19 mayo 2026.-El plazo para registrar l\u00edneas telef\u00f3nicas m\u00f3viles en el nuevo Padr\u00f3n de Telefon\u00eda no tendr\u00e1 pr\u00f3rroga, confirm\u00f3 la Comisi\u00f3n Reguladora de Telecomunicaciones (CRT), pese a que todav\u00eda faltan m\u00e1s de 112 millones de n\u00fameros por vincular antes del 30 de junio.<\/p>\n\n\n\n<p>El registro es obligatorio para todas las l\u00edneas m\u00f3viles y busca asociar cada n\u00famero telef\u00f3nico con la identidad de su titular para combatir delitos como extorsi\u00f3n y fraude.<\/p>\n\n\n\n<p>La CRT inform\u00f3 que el padr\u00f3n pas\u00f3 de 30.3 millones a 48 millones de l\u00edneas registradas en menos de un mes, principalmente tras incorporar autom\u00e1ticamente los n\u00fameros de usuarios con planes pospago o renta fija.<\/p>\n\n\n\n<p>En el caso de las l\u00edneas prepago, las personas usuarias deben realizar manualmente el tr\u00e1mite de registro. Las autoridades estiman que ser\u00e1 necesario concretar alrededor de 1.5 millones de vinculaciones diarias para cumplir la meta antes de la fecha l\u00edmite.<\/p>\n\n\n\n<p>Norma Solano, presidenta de la CRT, reiter\u00f3 que el 30 de junio se mantiene como fecha definitiva, aun cuando ello pudiera derivar en una desconexi\u00f3n masiva de l\u00edneas no registradas.<\/p>\n\n\n\n<p>Entre las compa\u00f1\u00edas con mayor avance destacan AT&amp;T con 29 por ciento de sus l\u00edneas inscritas, seguida de Bait con 28 por ciento, Telcel con 19 por ciento y Movistar con 16 por ciento.<\/p>\n","protected":false},"excerpt":{"rendered":"<p>(Redacci\u00f3n) Norma Solano, presidenta de la CRT, reiter\u00f3 que el 30 de junio se mantiene como fecha definitiva, aun cuando ello pudiera derivar en una desconexi\u00f3n masiva de l\u00edneas no registradas Ciudad de M\u00e9xico, 19 mayo 2026.-El plazo para registrar l\u00edneas telef\u00f3nicas m\u00f3viles en el nuevo Padr\u00f3n de Telefon\u00eda no tendr\u00e1 pr\u00f3rroga, confirm\u00f3 la Comisi\u00f3n [&hellip;]<\/p>\n","protected":false},"author":6,"featured_media":257857,"comment_status":"open","ping_status":"open","sticky":false,"template":"","format":"standard","meta":{"footnotes":""},"categories":[8],"tags":[],"class_list":["post-257856","post","type-post","status-publish","format-standard","has-post-thumbnail","hentry","category-pais","entry","has-media"],"jetpack_featured_media_url":"http:\/\/vertienteglobal.com\/wp-content\/uploads\/2026\/05\/1001260094.webp","_links":{"self":[{"href":"http:\/\/vertienteglobal.com\/index.php?rest_route=\/wp\/v2\/posts\/257856","targetHints":{"allow":["GET"]}}],"collection":[{"href":"http:\/\/vertienteglobal.com\/index.php?rest_route=\/wp\/v2\/posts"}],"about":[{"href":"http:\/\/vertienteglobal.com\/index.php?rest_route=\/wp\/v2\/types\/post"}],"author":[{"embeddable":true,"href":"http:\/\/vertienteglobal.com\/index.php?rest_route=\/wp\/v2\/users\/6"}],"replies":[{"embeddable":true,"href":"http:\/\/vertienteglobal.com\/index.php?rest_route=%2Fwp%2Fv2%2Fcomments&post=257856"}],"version-history":[{"count":1,"href":"http:\/\/vertienteglobal.com\/index.php?rest_route=\/wp\/v2\/posts\/257856\/revisions"}],"predecessor-version":[{"id":257858,"href":"http:\/\/vertienteglobal.com\/index.php?rest_route=\/wp\/v2\/posts\/257856\/revisions\/257858"}],"wp:featuredmedia":[{"embeddable":true,"href":"http:\/\/vertienteglobal.com\/index.php?rest_route=\/wp\/v2\/media\/257857"}],"wp:attachment":[{"href":"http:\/\/vertienteglobal.com\/index.php?rest_route=%2Fwp%2Fv2%2Fmedia&parent=257856"}],"wp:term":[{"taxonomy":"category","embeddable":true,"href":"http:\/\/vertienteglobal.com\/index.php?rest_route=%2Fwp%2Fv2%2Fcategories&post=257856"},{"taxonomy":"post_tag","embeddable":true,"href":"http:\/\/vertienteglobal.com\/index.php?rest_route=%2Fwp%2Fv2%2Ftags&post=257856"}],"curies":[{"name":"wp","href":"https:\/\/api.w.org\/{rel}","templated":true}]}}